{"id":10518,"date":"2024-02-21T18:39:49","date_gmt":"2024-02-21T17:39:49","guid":{"rendered":"https:\/\/isga.ma\/isga\/?p=10518"},"modified":"2024-02-21T18:40:54","modified_gmt":"2024-02-21T17:40:54","slug":"nouveaux-accords-de-partenariats-dans-le-cadre-dune-serie-de-conventions","status":"publish","type":"post","link":"https:\/\/isga.ma\/isga\/nouveaux-accords-de-partenariats-dans-le-cadre-dune-serie-de-conventions\/","title":{"rendered":"Nouveaux accords de partenariats dans le cadre d\u2019une s\u00e9rie de conventions"},"content":{"rendered":"<p>[et_pb_section fb_built=\u00a0\u00bb1&Prime; _builder_version=\u00a0\u00bb3.22&Prime; locked=\u00a0\u00bboff\u00a0\u00bb][et_pb_row _builder_version=\u00a0\u00bb3.25&Prime; background_size=\u00a0\u00bbinitial\u00a0\u00bb background_position=\u00a0\u00bbtop_left\u00a0\u00bb background_repeat=\u00a0\u00bbrepeat\u00a0\u00bb][et_pb_column type=\u00a0\u00bb4_4&Prime; _builder_version=\u00a0\u00bb3.25&Prime; custom_padding=\u00a0\u00bb|||\u00a0\u00bb custom_padding__hover=\u00a0\u00bb|||\u00a0\u00bb][et_pb_text _builder_version=\u00a0\u00bb4.9.7&Prime; background_size=\u00a0\u00bbinitial\u00a0\u00bb background_position=\u00a0\u00bbtop_left\u00a0\u00bb background_repeat=\u00a0\u00bbrepeat\u00a0\u00bb]<\/p>\n<div class=\"ewa-rteLine\">Edvantis Higher Education Group, acteur majeur de l\u2019enseignement sup\u00e9rieur au Maroc, annonce fi\u00e8rement la conclusion d\u2019une nouvelle s\u00e9rie de conventions de partenariat avec des entreprises de premier plan dans les domaines du marketing, de la communication et du conseil.<\/div>\n<p>[\/et_pb_text][et_pb_text _builder_version=\u00a0\u00bb4.9.7&Prime; background_size=\u00a0\u00bbinitial\u00a0\u00bb background_position=\u00a0\u00bbtop_left\u00a0\u00bb background_repeat=\u00a0\u00bbrepeat\u00a0\u00bb]<\/p>\n<div class=\"ewa-rteLine\">Ces partenariats visent \u00e0 renforcer l\u2019impact territorial de l\u2019institution et \u00e0 favoriser une meilleure insertion professionnelle pour ses dipl\u00f4m\u00e9s et font suite \u00e0 une centaine de partenariats sign\u00e9s ces 2 derni\u00e8res ann\u00e9es avec des entreprises et des institutions situ\u00e9s.<\/div>\n<div>\u00a0<\/div>\n<div>Lire les articles de presse :<\/div>\n<p>[\/et_pb_text][\/et_pb_column][\/et_pb_row][et_pb_row column_structure=\u00a0\u00bb1_6,1_6,1_6,1_6,1_6,1_6&Prime; _builder_version=\u00a0\u00bb4.9.7&Prime; _module_preset=\u00a0\u00bbdefault\u00a0\u00bb module_alignment=\u00a0\u00bbcenter\u00a0\u00bb][et_pb_column type=\u00a0\u00bb1_6&Prime; _builder_version=\u00a0\u00bb4.9.7&Prime; _module_preset=\u00a0\u00bbdefault\u00a0\u00bb][et_pb_button button_url=\u00a0\u00bbhttps:\/\/www.africain.info\/news=9611521&Prime; button_text=\u00a0\u00bbLire l&rsquo;article\u00a0\u00bb button_alignment=\u00a0\u00bbcenter\u00a0\u00bb _builder_version=\u00a0\u00bb4.9.7&Prime; _module_preset=\u00a0\u00bbdefault\u00a0\u00bb custom_button=\u00a0\u00bbon\u00a0\u00bb button_text_size=\u00a0\u00bb16px\u00a0\u00bb button_icon_tablet=\u00a0\u00bb\u00a0\u00bb button_icon_phone=\u00a0\u00bb\u00a0\u00bb button_icon_last_edited=\u00a0\u00bbon|desktop\u00a0\u00bb][\/et_pb_button][et_pb_image src=\u00a0\u00bbhttps:\/\/isga.ma\/isga\/wp-content\/uploads\/2024\/02\/africaininfo-e1708420012662.gif\u00a0\u00bb title_text=\u00a0\u00bbafricaininfo\u00a0\u00bb align=\u00a0\u00bbcenter\u00a0\u00bb _builder_version=\u00a0\u00bb4.9.7&Prime; _module_preset=\u00a0\u00bbdefault\u00a0\u00bb module_alignment=\u00a0\u00bbcenter\u00a0\u00bb][\/et_pb_image][\/et_pb_column][et_pb_column type=\u00a0\u00bb1_6&Prime; _builder_version=\u00a0\u00bb4.9.7&Prime; _module_preset=\u00a0\u00bbdefault\u00a0\u00bb][et_pb_button button_url=\u00a0\u00bbhttps:\/\/www.maghress.com\/bayanealyaoume\/234995&Prime; button_text=\u00a0\u00bbLire l&rsquo;article\u00a0\u00bb button_alignment=\u00a0\u00bbcenter\u00a0\u00bb admin_label=\u00a0\u00bbBouton\u00a0\u00bb _builder_version=\u00a0\u00bb4.9.7&Prime; _module_preset=\u00a0\u00bbdefault\u00a0\u00bb custom_button=\u00a0\u00bbon\u00a0\u00bb button_text_size=\u00a0\u00bb16px\u00a0\u00bb button_icon_tablet=\u00a0\u00bb\u00a0\u00bb button_icon_phone=\u00a0\u00bb\u00a0\u00bb button_icon_last_edited=\u00a0\u00bbon|desktop\u00a0\u00bb locked=\u00a0\u00bboff\u00a0\u00bb][\/et_pb_button][et_pb_image src=\u00a0\u00bbhttps:\/\/isga.ma\/isga\/wp-content\/uploads\/2024\/02\/maghress-logo-ar-e1708420089450.png\u00a0\u00bb title_text=\u00a0\u00bbmaghress-logo-ar\u00a0\u00bb align=\u00a0\u00bbcenter\u00a0\u00bb admin_label=\u00a0\u00bbImage\u00a0\u00bb _builder_version=\u00a0\u00bb4.9.7&Prime; _module_preset=\u00a0\u00bbdefault\u00a0\u00bb locked=\u00a0\u00bboff\u00a0\u00bb][\/et_pb_image][\/et_pb_column][et_pb_column type=\u00a0\u00bb1_6&Prime; _builder_version=\u00a0\u00bb4.9.7&Prime; _module_preset=\u00a0\u00bbdefault\u00a0\u00bb][et_pb_button button_url=\u00a0\u00bbhttps:\/\/fr.businessman.ma\/1575\/\u00a0\u00bb button_text=\u00a0\u00bbLire l&rsquo;article\u00a0\u00bb button_alignment=\u00a0\u00bbcenter\u00a0\u00bb _builder_version=\u00a0\u00bb4.9.7&Prime; _module_preset=\u00a0\u00bbdefault\u00a0\u00bb custom_button=\u00a0\u00bbon\u00a0\u00bb button_text_size=\u00a0\u00bb16px\u00a0\u00bb button_icon_tablet=\u00a0\u00bb\u00a0\u00bb button_icon_phone=\u00a0\u00bb\u00a0\u00bb button_icon_last_edited=\u00a0\u00bbon|desktop\u00a0\u00bb locked=\u00a0\u00bboff\u00a0\u00bb][\/et_pb_button][et_pb_image src=\u00a0\u00bbhttps:\/\/isga.ma\/isga\/wp-content\/uploads\/2024\/02\/LOGO-Businessman-demi-couleur-e1708419396747.png\u00a0\u00bb title_text=\u00a0\u00bbLOGO-Businessman-demi-couleur-e1676984876997&Prime; align=\u00a0\u00bbcenter\u00a0\u00bb _builder_version=\u00a0\u00bb4.9.7&Prime; _module_preset=\u00a0\u00bbdefault\u00a0\u00bb locked=\u00a0\u00bboff\u00a0\u00bb][\/et_pb_image][\/et_pb_column][et_pb_column type=\u00a0\u00bb1_6&Prime; _builder_version=\u00a0\u00bb4.9.7&Prime; _module_preset=\u00a0\u00bbdefault\u00a0\u00bb][et_pb_button button_url=\u00a0\u00bbhttps:\/\/ecoactu.ma\/edvantis-maroc-conventions\/\u00a0\u00bb button_text=\u00a0\u00bbLire l&rsquo;article\u00a0\u00bb button_alignment=\u00a0\u00bbcenter\u00a0\u00bb _builder_version=\u00a0\u00bb4.9.7&Prime; _module_preset=\u00a0\u00bbdefault\u00a0\u00bb custom_button=\u00a0\u00bbon\u00a0\u00bb button_text_size=\u00a0\u00bb16px\u00a0\u00bb button_icon_tablet=\u00a0\u00bb\u00a0\u00bb button_icon_phone=\u00a0\u00bb\u00a0\u00bb button_icon_last_edited=\u00a0\u00bbon|desktop\u00a0\u00bb locked=\u00a0\u00bboff\u00a0\u00bb][\/et_pb_button][et_pb_image src=\u00a0\u00bbhttps:\/\/isga.ma\/isga\/wp-content\/uploads\/2024\/02\/logo-EcoActu-e1708420262951.png\u00a0\u00bb title_text=\u00a0\u00bblogo-EcoActu\u00a0\u00bb align=\u00a0\u00bbcenter\u00a0\u00bb _builder_version=\u00a0\u00bb4.9.7&Prime; _module_preset=\u00a0\u00bbdefault\u00a0\u00bb locked=\u00a0\u00bboff\u00a0\u00bb][\/et_pb_image][\/et_pb_column][et_pb_column type=\u00a0\u00bb1_6&Prime; _builder_version=\u00a0\u00bb4.9.7&Prime; _module_preset=\u00a0\u00bbdefault\u00a0\u00bb][et_pb_button button_url=\u00a0\u00bbhttps:\/\/www.mapbusiness.ma\/a-la-une\/le-groupe-edvantis-signe-des-conventions-de-partenariat-avec-des-entreprises-de-premier-plan-dans-les-domaines-du-marketing-de-la-communication-et-du-conseil\u00a0\u00bb button_text=\u00a0\u00bbLire l&rsquo;article\u00a0\u00bb button_alignment=\u00a0\u00bbcenter\u00a0\u00bb _builder_version=\u00a0\u00bb4.9.7&Prime; _module_preset=\u00a0\u00bbdefault\u00a0\u00bb custom_button=\u00a0\u00bbon\u00a0\u00bb button_text_size=\u00a0\u00bb16px\u00a0\u00bb button_icon_tablet=\u00a0\u00bb\u00a0\u00bb button_icon_phone=\u00a0\u00bb\u00a0\u00bb button_icon_last_edited=\u00a0\u00bbon|desktop\u00a0\u00bb locked=\u00a0\u00bboff\u00a0\u00bb][\/et_pb_button][et_pb_image src=\u00a0\u00bbhttps:\/\/isga.ma\/isga\/wp-content\/uploads\/2024\/02\/cropped-Logo-MAP-Business-valide-png-130-e1708419475192.png\u00a0\u00bb title_text=\u00a0\u00bbcropped-Logo-MAP-Business-valide-png-130&Prime; align=\u00a0\u00bbcenter\u00a0\u00bb _builder_version=\u00a0\u00bb4.9.7&Prime; _module_preset=\u00a0\u00bbdefault\u00a0\u00bb locked=\u00a0\u00bboff\u00a0\u00bb][\/et_pb_image][\/et_pb_column][et_pb_column type=\u00a0\u00bb1_6&Prime; _builder_version=\u00a0\u00bb4.9.7&Prime; _module_preset=\u00a0\u00bbdefault\u00a0\u00bb][et_pb_button button_url=\u00a0\u00bbhttps:\/\/news.dayfr.com\/local\/3409178.html\u00a0\u00bb button_text=\u00a0\u00bbLire l&rsquo;article\u00a0\u00bb button_alignment=\u00a0\u00bbcenter\u00a0\u00bb _builder_version=\u00a0\u00bb4.9.7&Prime; _module_preset=\u00a0\u00bbdefault\u00a0\u00bb custom_button=\u00a0\u00bbon\u00a0\u00bb button_text_size=\u00a0\u00bb16px\u00a0\u00bb button_icon_tablet=\u00a0\u00bb\u00a0\u00bb button_icon_phone=\u00a0\u00bb\u00a0\u00bb button_icon_last_edited=\u00a0\u00bbon|desktop\u00a0\u00bb locked=\u00a0\u00bboff\u00a0\u00bb][\/et_pb_button][et_pb_image src=\u00a0\u00bbhttps:\/\/isga.ma\/isga\/wp-content\/uploads\/2024\/02\/logo-e1708419293514.webp\u00a0\u00bb title_text=\u00a0\u00bblogo\u00a0\u00bb align=\u00a0\u00bbcenter\u00a0\u00bb _builder_version=\u00a0\u00bb4.9.7&Prime; _module_preset=\u00a0\u00bbdefault\u00a0\u00bb locked=\u00a0\u00bboff\u00a0\u00bb][\/et_pb_image][\/et_pb_column][\/et_pb_row][et_pb_row column_structure=\u00a0\u00bb1_6,1_6,1_6,1_6,1_6,1_6&Prime; _builder_version=\u00a0\u00bb4.9.7&Prime; _module_preset=\u00a0\u00bbdefault\u00a0\u00bb module_alignment=\u00a0\u00bbcenter\u00a0\u00bb][et_pb_column type=\u00a0\u00bb1_6&Prime; _builder_version=\u00a0\u00bb4.9.7&Prime; _module_preset=\u00a0\u00bbdefault\u00a0\u00bb][et_pb_button button_url=\u00a0\u00bbhttps:\/\/perspectivesmed.com\/marketing-communication-le-groupe-edvantis-signe-une-serie-de-conventions-de-partenariat\/\u00a0\u00bb button_text=\u00a0\u00bbLire l&rsquo;article\u00a0\u00bb button_alignment=\u00a0\u00bbcenter\u00a0\u00bb _builder_version=\u00a0\u00bb4.9.7&Prime; _module_preset=\u00a0\u00bbdefault\u00a0\u00bb custom_button=\u00a0\u00bbon\u00a0\u00bb button_text_size=\u00a0\u00bb16px\u00a0\u00bb button_icon_tablet=\u00a0\u00bb\u00a0\u00bb button_icon_phone=\u00a0\u00bb\u00a0\u00bb button_icon_last_edited=\u00a0\u00bbon|desktop\u00a0\u00bb][\/et_pb_button][et_pb_image src=\u00a0\u00bbhttps:\/\/isga.ma\/isga\/wp-content\/uploads\/2024\/02\/logo-final1-1-e1708419376397.webp\u00a0\u00bb title_text=\u00a0\u00bblogo-final1-1&Prime; align=\u00a0\u00bbcenter\u00a0\u00bb _builder_version=\u00a0\u00bb4.9.7&Prime; _module_preset=\u00a0\u00bbdefault\u00a0\u00bb][\/et_pb_image][\/et_pb_column][et_pb_column type=\u00a0\u00bb1_6&Prime; _builder_version=\u00a0\u00bb4.9.7&Prime; _module_preset=\u00a0\u00bbdefault\u00a0\u00bb][et_pb_button button_url=\u00a0\u00bbhttps:\/\/tourismenews.ma\/le-groupe-edvantis-signe-une-nouvelle-serie-de-conventions-de-partenariat\/\u00a0\u00bb button_text=\u00a0\u00bbLire l&rsquo;article\u00a0\u00bb button_alignment=\u00a0\u00bbcenter\u00a0\u00bb _builder_version=\u00a0\u00bb4.9.7&Prime; _module_preset=\u00a0\u00bbdefault\u00a0\u00bb custom_button=\u00a0\u00bbon\u00a0\u00bb button_text_size=\u00a0\u00bb16px\u00a0\u00bb button_icon_tablet=\u00a0\u00bb\u00a0\u00bb button_icon_phone=\u00a0\u00bb\u00a0\u00bb button_icon_last_edited=\u00a0\u00bbon|desktop\u00a0\u00bb locked=\u00a0\u00bboff\u00a0\u00bb][\/et_pb_button][et_pb_image src=\u00a0\u00bbhttps:\/\/isga.ma\/isga\/wp-content\/uploads\/2024\/02\/cropped-TouRisme-news-Magazine-des-professionnels-du-tourisme-3-1.png\u00a0\u00bb title_text=\u00a0\u00bbcropped-TouRisme-news-Magazine-des-professionnels-du-tourisme-3-1&Prime; align=\u00a0\u00bbcenter\u00a0\u00bb _builder_version=\u00a0\u00bb4.9.7&Prime; _module_preset=\u00a0\u00bbdefault\u00a0\u00bb locked=\u00a0\u00bboff\u00a0\u00bb][\/et_pb_image][\/et_pb_column][et_pb_column type=\u00a0\u00bb1_6&Prime; _builder_version=\u00a0\u00bb4.9.7&Prime; _module_preset=\u00a0\u00bbdefault\u00a0\u00bb][\/et_pb_column][et_pb_column type=\u00a0\u00bb1_6&Prime; _builder_version=\u00a0\u00bb4.9.7&Prime; _module_preset=\u00a0\u00bbdefault\u00a0\u00bb][\/et_pb_column][et_pb_column type=\u00a0\u00bb1_6&Prime; _builder_version=\u00a0\u00bb4.9.7&Prime; _module_preset=\u00a0\u00bbdefault\u00a0\u00bb][\/et_pb_column][et_pb_column type=\u00a0\u00bb1_6&Prime; _builder_version=\u00a0\u00bb4.9.7&Prime; _module_preset=\u00a0\u00bbdefault\u00a0\u00bb][\/et_pb_column][\/et_pb_row][\/et_pb_section]<\/p>\n","protected":false},"excerpt":{"rendered":"<p>Ces nouveaux partenariats, dont nous sommes tr\u00e8s fiers, viennent en appui de notre nouvelle strat\u00e9gie et vont permettre d\u2019apporter imm\u00e9diatement une grande valeur ajout\u00e9e \u00e0 nos \u00e9tudiants : nouveaux accords de double dipl\u00f4mes et d\u2019\u00e9change acad\u00e9miques \u00e0 l\u2019international, nouvelles opportunit\u00e9s de stages et d\u2019emploi, accompagnement des porteurs de projets, une exp\u00e9rience apprenant plus riche, hybride et ouverte, animation du r\u00e9seau des dipl\u00f4m\u00e9s de l\u2019ISGA\u2026 <\/p>\n","protected":false},"author":4,"featured_media":10201,"comment_status":"open","ping_status":"open","sticky":false,"template":"","format":"standard","meta":{"_et_pb_use_builder":"on","_et_pb_old_content":"<p><b>L\u2019ISGA a \u00e9t\u00e9 partenaire de la 3e \u00e9dition du Congr\u00e8s International de Recherche en Finance et CCA organis\u00e9 par l'Association Marocaine du Contr\u00f4le, de Comptabilit\u00e9 et d'Audit, tenue sous le th\u00e8me \u00ab Transformation Digitale : Quelles reconfigurations pour quels enjeux ? \u00bb.\u00a0<\/b><\/p><p><b>Dans son intervention lors de la s\u00e9ance inaugurale du CIREFCCA,\u00a0le vendredi 10 d\u00e9cembre 2021, le\u00a0pr\u00e9sident du groupe ISGA, <a href=\"\/le-comite-de-direction-du-groupe-isga\">Tawhid Chtioui<\/a> a soulev\u00e9 plusieurs points sur la relation de la transformation digitale et de l\u2019intelligence artificielle dans le d\u00e9veloppement des m\u00e9tiers de la comptabilit\u00e9 et de l\u2019audit.\u00a0<\/b><\/p><p><b>\u00ab<\/b><b>D\u00e9mat\u00e9rialisation, Reconnaissance optique, Robotic Process Automation (RPA), Machine Learning, Analyse pr\u00e9dictive, Vision par ordinateur, Compr\u00e9hension du langage... L'intelligence artificielle et les big data transforment les m\u00e9tiers de la comptabilit\u00e9, contr\u00f4le et audit <\/b><b>\u00bb, a soutenu <a href=\"\/le-comite-de-direction-du-groupe-isga\">Tawhid Chtioui<\/a>.\u00a0<\/b><\/p><p><b>La 3e \u00e9dition du Congr\u00e8s International de Recherche en Finance et CCA a connu la participation de plusieurs experts du domaine, dont Aida Belgacem, Docteur en Economie, Mohamed Amine Boubnad, expert-comptable m\u00e9morialiste, Amine Nabil Bouayad, enseignant chercheur et directeur du laboratoire d\u2019Economie et de Gestion, Mohamed Achraf Nafzaoui, pr\u00e9sident de l\u2019AMCCA et Yassine Hilmi, enseignant chercheur \u00e0 l\u2019ENCG.\u00a0<\/b><\/p>","_et_gb_content_width":"","content-type":"","footnotes":""},"categories":[38],"tags":[],"class_list":["post-10518","post","type-post","status-publish","format-standard","has-post-thumbnail","hentry","category-presse"],"yoast_head":"<!-- This site is optimized with the Yoast SEO plugin v27.5 - https:\/\/yoast.com\/product\/yoast-seo-wordpress\/ -->\n<title>Nouveaux accords de partenariats dans le cadre d\u2019une s\u00e9rie de conventions - ISGA Institut Sup\u00e9rieur d&#039;Ing\u00e9nierie &amp; des Affaires<\/title>\n<meta name=\"description\" content=\"Ces partenariats visent \u00e0 renforcer l\u2019impact territorial de l\u2019institution et \u00e0 favoriser une meilleure insertion professionnelle pour ses dipl\u00f4m\u00e9s et font suite \u00e0 une centaine de partenariats sign\u00e9s ces 2 derni\u00e8res ann\u00e9es avec des entreprises et des institutions situ\u00e9s.\" \/>\n<meta name=\"robots\" content=\"noindex, follow, max-snippet:-1, max-image-preview:large, max-video-preview:-1\" \/>\n<meta property=\"og:locale\" content=\"fr_FR\" \/>\n<meta property=\"og:type\" content=\"article\" \/>\n<meta property=\"og:title\" content=\"Nouveaux accords de partenariats dans le cadre d\u2019une s\u00e9rie de conventions - ISGA Institut Sup\u00e9rieur d&#039;Ing\u00e9nierie &amp; des Affaires\" \/>\n<meta property=\"og:description\" content=\"Ces partenariats visent \u00e0 renforcer l\u2019impact territorial de l\u2019institution et \u00e0 favoriser une meilleure insertion professionnelle pour ses dipl\u00f4m\u00e9s et font suite \u00e0 une centaine de partenariats sign\u00e9s ces 2 derni\u00e8res ann\u00e9es avec des entreprises et des institutions situ\u00e9s.\" \/>\n<meta property=\"og:url\" content=\"https:\/\/isga.ma\/isga\/nouveaux-accords-de-partenariats-dans-le-cadre-dune-serie-de-conventions\/\" \/>\n<meta property=\"og:site_name\" content=\"ISGA Institut Sup\u00e9rieur d&#039;Ing\u00e9nierie &amp; des Affaires\" \/>\n<meta property=\"article:published_time\" content=\"2024-02-21T17:39:49+00:00\" \/>\n<meta property=\"article:modified_time\" content=\"2024-02-21T17:40:54+00:00\" \/>\n<meta property=\"og:image\" content=\"https:\/\/isga.ma\/isga\/wp-content\/uploads\/2024\/01\/COM__TALK.jpg\" \/>\n\t<meta property=\"og:image:width\" content=\"2400\" \/>\n\t<meta property=\"og:image:height\" content=\"1600\" \/>\n\t<meta property=\"og:image:type\" content=\"image\/jpeg\" \/>\n<meta name=\"author\" content=\"Malek Romdhani\" \/>\n<meta name=\"twitter:card\" content=\"summary_large_image\" \/>\n<meta name=\"twitter:label1\" content=\"\u00c9crit par\" \/>\n\t<meta name=\"twitter:data1\" content=\"Malek Romdhani\" \/>\n\t<meta name=\"twitter:label2\" content=\"Dur\u00e9e de lecture estim\u00e9e\" \/>\n\t<meta name=\"twitter:data2\" content=\"1 minute\" \/>\n<script type=\"application\/ld+json\" class=\"yoast-schema-graph\">{\"@context\":\"https:\\\/\\\/schema.org\",\"@graph\":[{\"@type\":\"Article\",\"@id\":\"https:\\\/\\\/isga.ma\\\/isga\\\/nouveaux-accords-de-partenariats-dans-le-cadre-dune-serie-de-conventions\\\/#article\",\"isPartOf\":{\"@id\":\"https:\\\/\\\/isga.ma\\\/isga\\\/nouveaux-accords-de-partenariats-dans-le-cadre-dune-serie-de-conventions\\\/\"},\"author\":{\"name\":\"Malek Romdhani\",\"@id\":\"https:\\\/\\\/isga.ma\\\/isga\\\/#\\\/schema\\\/person\\\/8752aa6e3dc08aa478b2d73aa80be347\"},\"headline\":\"Nouveaux accords de partenariats dans le cadre d\u2019une s\u00e9rie de conventions\",\"datePublished\":\"2024-02-21T17:39:49+00:00\",\"dateModified\":\"2024-02-21T17:40:54+00:00\",\"mainEntityOfPage\":{\"@id\":\"https:\\\/\\\/isga.ma\\\/isga\\\/nouveaux-accords-de-partenariats-dans-le-cadre-dune-serie-de-conventions\\\/\"},\"wordCount\":958,\"commentCount\":11,\"image\":{\"@id\":\"https:\\\/\\\/isga.ma\\\/isga\\\/nouveaux-accords-de-partenariats-dans-le-cadre-dune-serie-de-conventions\\\/#primaryimage\"},\"thumbnailUrl\":\"https:\\\/\\\/isga.ma\\\/isga\\\/wp-content\\\/uploads\\\/2024\\\/01\\\/COM__TALK.jpg\",\"articleSection\":[\"Presse\"],\"inLanguage\":\"fr-FR\",\"potentialAction\":[{\"@type\":\"CommentAction\",\"name\":\"Comment\",\"target\":[\"https:\\\/\\\/isga.ma\\\/isga\\\/nouveaux-accords-de-partenariats-dans-le-cadre-dune-serie-de-conventions\\\/#respond\"]}]},{\"@type\":\"WebPage\",\"@id\":\"https:\\\/\\\/isga.ma\\\/isga\\\/nouveaux-accords-de-partenariats-dans-le-cadre-dune-serie-de-conventions\\\/\",\"url\":\"https:\\\/\\\/isga.ma\\\/isga\\\/nouveaux-accords-de-partenariats-dans-le-cadre-dune-serie-de-conventions\\\/\",\"name\":\"Nouveaux accords de partenariats dans le cadre d\u2019une s\u00e9rie de conventions - ISGA Institut Sup\u00e9rieur d&#039;Ing\u00e9nierie &amp; des Affaires\",\"isPartOf\":{\"@id\":\"https:\\\/\\\/isga.ma\\\/isga\\\/#website\"},\"primaryImageOfPage\":{\"@id\":\"https:\\\/\\\/isga.ma\\\/isga\\\/nouveaux-accords-de-partenariats-dans-le-cadre-dune-serie-de-conventions\\\/#primaryimage\"},\"image\":{\"@id\":\"https:\\\/\\\/isga.ma\\\/isga\\\/nouveaux-accords-de-partenariats-dans-le-cadre-dune-serie-de-conventions\\\/#primaryimage\"},\"thumbnailUrl\":\"https:\\\/\\\/isga.ma\\\/isga\\\/wp-content\\\/uploads\\\/2024\\\/01\\\/COM__TALK.jpg\",\"datePublished\":\"2024-02-21T17:39:49+00:00\",\"dateModified\":\"2024-02-21T17:40:54+00:00\",\"author\":{\"@id\":\"https:\\\/\\\/isga.ma\\\/isga\\\/#\\\/schema\\\/person\\\/8752aa6e3dc08aa478b2d73aa80be347\"},\"description\":\"Ces partenariats visent \u00e0 renforcer l\u2019impact territorial de l\u2019institution et \u00e0 favoriser une meilleure insertion professionnelle pour ses dipl\u00f4m\u00e9s et font suite \u00e0 une centaine de partenariats sign\u00e9s ces 2 derni\u00e8res ann\u00e9es avec des entreprises et des institutions situ\u00e9s.\",\"breadcrumb\":{\"@id\":\"https:\\\/\\\/isga.ma\\\/isga\\\/nouveaux-accords-de-partenariats-dans-le-cadre-dune-serie-de-conventions\\\/#breadcrumb\"},\"inLanguage\":\"fr-FR\",\"potentialAction\":[{\"@type\":\"ReadAction\",\"target\":[\"https:\\\/\\\/isga.ma\\\/isga\\\/nouveaux-accords-de-partenariats-dans-le-cadre-dune-serie-de-conventions\\\/\"]}]},{\"@type\":\"ImageObject\",\"inLanguage\":\"fr-FR\",\"@id\":\"https:\\\/\\\/isga.ma\\\/isga\\\/nouveaux-accords-de-partenariats-dans-le-cadre-dune-serie-de-conventions\\\/#primaryimage\",\"url\":\"https:\\\/\\\/isga.ma\\\/isga\\\/wp-content\\\/uploads\\\/2024\\\/01\\\/COM__TALK.jpg\",\"contentUrl\":\"https:\\\/\\\/isga.ma\\\/isga\\\/wp-content\\\/uploads\\\/2024\\\/01\\\/COM__TALK.jpg\",\"width\":2400,\"height\":1600},{\"@type\":\"BreadcrumbList\",\"@id\":\"https:\\\/\\\/isga.ma\\\/isga\\\/nouveaux-accords-de-partenariats-dans-le-cadre-dune-serie-de-conventions\\\/#breadcrumb\",\"itemListElement\":[{\"@type\":\"ListItem\",\"position\":1,\"name\":\"Accueil\",\"item\":\"https:\\\/\\\/isga.ma\\\/isga\\\/\"},{\"@type\":\"ListItem\",\"position\":2,\"name\":\"Nouveaux accords de partenariats dans le cadre d\u2019une s\u00e9rie de conventions\"}]},{\"@type\":\"WebSite\",\"@id\":\"https:\\\/\\\/isga.ma\\\/isga\\\/#website\",\"url\":\"https:\\\/\\\/isga.ma\\\/isga\\\/\",\"name\":\"ISGA Institut Sup\u00e9rieur d&#039;Ing\u00e9nierie &amp; des Affaires\",\"description\":\"Le chemin de la r\u00e9ussite depuis 1981\",\"potentialAction\":[{\"@type\":\"SearchAction\",\"target\":{\"@type\":\"EntryPoint\",\"urlTemplate\":\"https:\\\/\\\/isga.ma\\\/isga\\\/?s={search_term_string}\"},\"query-input\":{\"@type\":\"PropertyValueSpecification\",\"valueRequired\":true,\"valueName\":\"search_term_string\"}}],\"inLanguage\":\"fr-FR\"},{\"@type\":\"Person\",\"@id\":\"https:\\\/\\\/isga.ma\\\/isga\\\/#\\\/schema\\\/person\\\/8752aa6e3dc08aa478b2d73aa80be347\",\"name\":\"Malek Romdhani\",\"image\":{\"@type\":\"ImageObject\",\"inLanguage\":\"fr-FR\",\"@id\":\"https:\\\/\\\/secure.gravatar.com\\\/avatar\\\/dea94204f02b6c9a0265901123d687d8534af381e16f4301431378e641f8d838?s=96&d=mm&r=g\",\"url\":\"https:\\\/\\\/secure.gravatar.com\\\/avatar\\\/dea94204f02b6c9a0265901123d687d8534af381e16f4301431378e641f8d838?s=96&d=mm&r=g\",\"contentUrl\":\"https:\\\/\\\/secure.gravatar.com\\\/avatar\\\/dea94204f02b6c9a0265901123d687d8534af381e16f4301431378e641f8d838?s=96&d=mm&r=g\",\"caption\":\"Malek Romdhani\"},\"url\":\"https:\\\/\\\/isga.ma\\\/isga\\\/author\\\/romdhaniaivancity-ai\\\/\"}]}<\/script>\n<!-- \/ Yoast SEO plugin. -->","yoast_head_json":{"title":"Nouveaux accords de partenariats dans le cadre d\u2019une s\u00e9rie de conventions - ISGA Institut Sup\u00e9rieur d&#039;Ing\u00e9nierie &amp; des Affaires","description":"Ces partenariats visent \u00e0 renforcer l\u2019impact territorial de l\u2019institution et \u00e0 favoriser une meilleure insertion professionnelle pour ses dipl\u00f4m\u00e9s et font suite \u00e0 une centaine de partenariats sign\u00e9s ces 2 derni\u00e8res ann\u00e9es avec des entreprises et des institutions situ\u00e9s.","robots":{"index":"noindex","follow":"follow","max-snippet":"max-snippet:-1","max-image-preview":"max-image-preview:large","max-video-preview":"max-video-preview:-1"},"og_locale":"fr_FR","og_type":"article","og_title":"Nouveaux accords de partenariats dans le cadre d\u2019une s\u00e9rie de conventions - ISGA Institut Sup\u00e9rieur d&#039;Ing\u00e9nierie &amp; des Affaires","og_description":"Ces partenariats visent \u00e0 renforcer l\u2019impact territorial de l\u2019institution et \u00e0 favoriser une meilleure insertion professionnelle pour ses dipl\u00f4m\u00e9s et font suite \u00e0 une centaine de partenariats sign\u00e9s ces 2 derni\u00e8res ann\u00e9es avec des entreprises et des institutions situ\u00e9s.","og_url":"https:\/\/isga.ma\/isga\/nouveaux-accords-de-partenariats-dans-le-cadre-dune-serie-de-conventions\/","og_site_name":"ISGA Institut Sup\u00e9rieur d&#039;Ing\u00e9nierie &amp; des Affaires","article_published_time":"2024-02-21T17:39:49+00:00","article_modified_time":"2024-02-21T17:40:54+00:00","og_image":[{"width":2400,"height":1600,"url":"https:\/\/isga.ma\/isga\/wp-content\/uploads\/2024\/01\/COM__TALK.jpg","type":"image\/jpeg"}],"author":"Malek Romdhani","twitter_card":"summary_large_image","twitter_misc":{"\u00c9crit par":"Malek Romdhani","Dur\u00e9e de lecture estim\u00e9e":"1 minute"},"schema":{"@context":"https:\/\/schema.org","@graph":[{"@type":"Article","@id":"https:\/\/isga.ma\/isga\/nouveaux-accords-de-partenariats-dans-le-cadre-dune-serie-de-conventions\/#article","isPartOf":{"@id":"https:\/\/isga.ma\/isga\/nouveaux-accords-de-partenariats-dans-le-cadre-dune-serie-de-conventions\/"},"author":{"name":"Malek Romdhani","@id":"https:\/\/isga.ma\/isga\/#\/schema\/person\/8752aa6e3dc08aa478b2d73aa80be347"},"headline":"Nouveaux accords de partenariats dans le cadre d\u2019une s\u00e9rie de conventions","datePublished":"2024-02-21T17:39:49+00:00","dateModified":"2024-02-21T17:40:54+00:00","mainEntityOfPage":{"@id":"https:\/\/isga.ma\/isga\/nouveaux-accords-de-partenariats-dans-le-cadre-dune-serie-de-conventions\/"},"wordCount":958,"commentCount":11,"image":{"@id":"https:\/\/isga.ma\/isga\/nouveaux-accords-de-partenariats-dans-le-cadre-dune-serie-de-conventions\/#primaryimage"},"thumbnailUrl":"https:\/\/isga.ma\/isga\/wp-content\/uploads\/2024\/01\/COM__TALK.jpg","articleSection":["Presse"],"inLanguage":"fr-FR","potentialAction":[{"@type":"CommentAction","name":"Comment","target":["https:\/\/isga.ma\/isga\/nouveaux-accords-de-partenariats-dans-le-cadre-dune-serie-de-conventions\/#respond"]}]},{"@type":"WebPage","@id":"https:\/\/isga.ma\/isga\/nouveaux-accords-de-partenariats-dans-le-cadre-dune-serie-de-conventions\/","url":"https:\/\/isga.ma\/isga\/nouveaux-accords-de-partenariats-dans-le-cadre-dune-serie-de-conventions\/","name":"Nouveaux accords de partenariats dans le cadre d\u2019une s\u00e9rie de conventions - ISGA Institut Sup\u00e9rieur d&#039;Ing\u00e9nierie &amp; des Affaires","isPartOf":{"@id":"https:\/\/isga.ma\/isga\/#website"},"primaryImageOfPage":{"@id":"https:\/\/isga.ma\/isga\/nouveaux-accords-de-partenariats-dans-le-cadre-dune-serie-de-conventions\/#primaryimage"},"image":{"@id":"https:\/\/isga.ma\/isga\/nouveaux-accords-de-partenariats-dans-le-cadre-dune-serie-de-conventions\/#primaryimage"},"thumbnailUrl":"https:\/\/isga.ma\/isga\/wp-content\/uploads\/2024\/01\/COM__TALK.jpg","datePublished":"2024-02-21T17:39:49+00:00","dateModified":"2024-02-21T17:40:54+00:00","author":{"@id":"https:\/\/isga.ma\/isga\/#\/schema\/person\/8752aa6e3dc08aa478b2d73aa80be347"},"description":"Ces partenariats visent \u00e0 renforcer l\u2019impact territorial de l\u2019institution et \u00e0 favoriser une meilleure insertion professionnelle pour ses dipl\u00f4m\u00e9s et font suite \u00e0 une centaine de partenariats sign\u00e9s ces 2 derni\u00e8res ann\u00e9es avec des entreprises et des institutions situ\u00e9s.","breadcrumb":{"@id":"https:\/\/isga.ma\/isga\/nouveaux-accords-de-partenariats-dans-le-cadre-dune-serie-de-conventions\/#breadcrumb"},"inLanguage":"fr-FR","potentialAction":[{"@type":"ReadAction","target":["https:\/\/isga.ma\/isga\/nouveaux-accords-de-partenariats-dans-le-cadre-dune-serie-de-conventions\/"]}]},{"@type":"ImageObject","inLanguage":"fr-FR","@id":"https:\/\/isga.ma\/isga\/nouveaux-accords-de-partenariats-dans-le-cadre-dune-serie-de-conventions\/#primaryimage","url":"https:\/\/isga.ma\/isga\/wp-content\/uploads\/2024\/01\/COM__TALK.jpg","contentUrl":"https:\/\/isga.ma\/isga\/wp-content\/uploads\/2024\/01\/COM__TALK.jpg","width":2400,"height":1600},{"@type":"BreadcrumbList","@id":"https:\/\/isga.ma\/isga\/nouveaux-accords-de-partenariats-dans-le-cadre-dune-serie-de-conventions\/#breadcrumb","itemListElement":[{"@type":"ListItem","position":1,"name":"Accueil","item":"https:\/\/isga.ma\/isga\/"},{"@type":"ListItem","position":2,"name":"Nouveaux accords de partenariats dans le cadre d\u2019une s\u00e9rie de conventions"}]},{"@type":"WebSite","@id":"https:\/\/isga.ma\/isga\/#website","url":"https:\/\/isga.ma\/isga\/","name":"ISGA Institut Sup\u00e9rieur d&#039;Ing\u00e9nierie &amp; des Affaires","description":"Le chemin de la r\u00e9ussite depuis 1981","potentialAction":[{"@type":"SearchAction","target":{"@type":"EntryPoint","urlTemplate":"https:\/\/isga.ma\/isga\/?s={search_term_string}"},"query-input":{"@type":"PropertyValueSpecification","valueRequired":true,"valueName":"search_term_string"}}],"inLanguage":"fr-FR"},{"@type":"Person","@id":"https:\/\/isga.ma\/isga\/#\/schema\/person\/8752aa6e3dc08aa478b2d73aa80be347","name":"Malek Romdhani","image":{"@type":"ImageObject","inLanguage":"fr-FR","@id":"https:\/\/secure.gravatar.com\/avatar\/dea94204f02b6c9a0265901123d687d8534af381e16f4301431378e641f8d838?s=96&d=mm&r=g","url":"https:\/\/secure.gravatar.com\/avatar\/dea94204f02b6c9a0265901123d687d8534af381e16f4301431378e641f8d838?s=96&d=mm&r=g","contentUrl":"https:\/\/secure.gravatar.com\/avatar\/dea94204f02b6c9a0265901123d687d8534af381e16f4301431378e641f8d838?s=96&d=mm&r=g","caption":"Malek Romdhani"},"url":"https:\/\/isga.ma\/isga\/author\/romdhaniaivancity-ai\/"}]}},"_links":{"self":[{"href":"https:\/\/isga.ma\/isga\/wp-json\/wp\/v2\/posts\/10518","targetHints":{"allow":["GET"]}}],"collection":[{"href":"https:\/\/isga.ma\/isga\/wp-json\/wp\/v2\/posts"}],"about":[{"href":"https:\/\/isga.ma\/isga\/wp-json\/wp\/v2\/types\/post"}],"author":[{"embeddable":true,"href":"https:\/\/isga.ma\/isga\/wp-json\/wp\/v2\/users\/4"}],"replies":[{"embeddable":true,"href":"https:\/\/isga.ma\/isga\/wp-json\/wp\/v2\/comments?post=10518"}],"version-history":[{"count":10,"href":"https:\/\/isga.ma\/isga\/wp-json\/wp\/v2\/posts\/10518\/revisions"}],"predecessor-version":[{"id":10556,"href":"https:\/\/isga.ma\/isga\/wp-json\/wp\/v2\/posts\/10518\/revisions\/10556"}],"wp:featuredmedia":[{"embeddable":true,"href":"https:\/\/isga.ma\/isga\/wp-json\/wp\/v2\/media\/10201"}],"wp:attachment":[{"href":"https:\/\/isga.ma\/isga\/wp-json\/wp\/v2\/media?parent=10518"}],"wp:term":[{"taxonomy":"category","embeddable":true,"href":"https:\/\/isga.ma\/isga\/wp-json\/wp\/v2\/categories?post=10518"},{"taxonomy":"post_tag","embeddable":true,"href":"https:\/\/isga.ma\/isga\/wp-json\/wp\/v2\/tags?post=10518"}],"curies":[{"name":"wp","href":"https:\/\/api.w.org\/{rel}","templated":true}]}}