{"id":10719,"date":"2024-03-15T11:05:31","date_gmt":"2024-03-15T10:05:31","guid":{"rendered":"https:\/\/isga.ma\/isga\/?p=10719"},"modified":"2024-03-15T11:13:02","modified_gmt":"2024-03-15T10:13:02","slug":"remise-des-diplomes-2023","status":"publish","type":"post","link":"https:\/\/isga.ma\/isga\/remise-des-diplomes-2023\/","title":{"rendered":"Remise des dipl\u00f4mes 2023"},"content":{"rendered":"<p>[et_pb_section fb_built=\u00a0\u00bb1&Prime; _builder_version=\u00a0\u00bb3.22&Prime;][et_pb_row _builder_version=\u00a0\u00bb3.25&Prime; background_size=\u00a0\u00bbinitial\u00a0\u00bb background_position=\u00a0\u00bbtop_left\u00a0\u00bb background_repeat=\u00a0\u00bbrepeat\u00a0\u00bb][et_pb_column type=\u00a0\u00bb4_4&Prime; _builder_version=\u00a0\u00bb3.25&Prime; custom_padding=\u00a0\u00bb|||\u00a0\u00bb custom_padding__hover=\u00a0\u00bb|||\u00a0\u00bb][et_pb_text _builder_version=\u00a0\u00bb4.9.7&Prime; background_size=\u00a0\u00bbinitial\u00a0\u00bb background_position=\u00a0\u00bbtop_left\u00a0\u00bb background_repeat=\u00a0\u00bbrepeat\u00a0\u00bb]Dipl\u00f4m\u00e9s, parents, familles, personnels, \u00e9l\u00e8ves, institutionnels, industriels r\u00e9unis samedi 2 mars 2024 au Studio des Arts Vivants \u00e0 Casablanca pour la remise des dipl\u00f4mes 2023 des \u00e9coles du Groupe Edvantis.[\/et_pb_text][et_pb_text admin_label=\u00a0\u00bbTexte11&Prime; _builder_version=\u00a0\u00bb4.9.7&Prime; background_size=\u00a0\u00bbinitial\u00a0\u00bb background_position=\u00a0\u00bbtop_left\u00a0\u00bb background_repeat=\u00a0\u00bbrepeat\u00a0\u00bb]En pr\u00e9sence de la marraine de la promotion ISGA, Ilham Boujlid, Directrice g\u00e9n\u00e9rale de Job2Vente, du parrain des promotions d\u2019Art\u2019Com Sup et de Com\u2019Sup, Tarik Mounim, Consultant en strat\u00e9gie de Production audiovisuelle et \u00e9v\u00e9nementielle chez Sigma, du Pr\u00e9sident du Groupe Dr. Tawhid CHTIOUI, les directeurs p\u00e9dagogiques et membres du comit\u00e9 de direction ainsi que l\u2019ensemble des \u00e9quipes p\u00e9dagogiques et administratives de tous les campus de l\u2019\u00e9cole ont accueilli les dipl\u00f4m\u00e9s des \u00e9coles ISGA d\u2019ing\u00e9nieurs et de management de Casablanca, Rabat, F\u00e8s et Marrakech, d\u2019Art\u2019Com Sup Casablanca et Rabat et de Com\u2019Sup et leurs invit\u00e9s dans une ambiance extraordinaire, festive et riche en \u00e9motions.[\/et_pb_text][\/et_pb_column][\/et_pb_row][\/et_pb_section][et_pb_section fb_built=\u00a0\u00bb1&Prime; _builder_version=\u00a0\u00bb3.22&Prime; locked=\u00a0\u00bboff\u00a0\u00bb][et_pb_row column_structure=\u00a0\u00bb3_5,2_5&Prime; _builder_version=\u00a0\u00bb3.25&Prime; background_size=\u00a0\u00bbinitial\u00a0\u00bb background_position=\u00a0\u00bbtop_left\u00a0\u00bb background_repeat=\u00a0\u00bbrepeat\u00a0\u00bb][et_pb_column type=\u00a0\u00bb3_5&Prime; _builder_version=\u00a0\u00bb3.25&Prime; custom_padding=\u00a0\u00bb|||\u00a0\u00bb custom_padding__hover=\u00a0\u00bb|||\u00a0\u00bb][et_pb_text admin_label=\u00a0\u00bbTexte11&Prime; _builder_version=\u00a0\u00bb4.9.7&Prime; background_size=\u00a0\u00bbinitial\u00a0\u00bb background_position=\u00a0\u00bbtop_left\u00a0\u00bb background_repeat=\u00a0\u00bbrepeat\u00a0\u00bb hover_enabled=\u00a0\u00bb0&Prime; sticky_enabled=\u00a0\u00bb0&Prime;]<\/p>\n<\/p>\n<p>[\/et_pb_text][et_pb_text admin_label=\u00a0\u00bbTexte11&Prime; _builder_version=\u00a0\u00bb4.9.7&Prime; background_size=\u00a0\u00bbinitial\u00a0\u00bb background_position=\u00a0\u00bbtop_left\u00a0\u00bb background_repeat=\u00a0\u00bbrepeat\u00a0\u00bb]<\/p>\n<h2>Une soir\u00e9e anim\u00e9e et chaleureuse<\/h2>\n<p>Apr\u00e8s un accueil chaleureux des dipl\u00f4m\u00e9s, la soir\u00e9e, anim\u00e9e par Chaimae Khallouqi, directrice des \u00e9tudes d\u2019Art\u2019com Rabat et de Allal Alain Difafi, directeur de l\u2019\u00e9cole de Management &#8211; ISGA Rabat, a d\u00e9but\u00e9 par les discours du Pr\u00e9sident de l\u2019ISGA et des parrain et marraine pour laisser ensuite place \u00e0 la remise des dipl\u00f4mes campus par campus, avec des entractes artistiques.[\/et_pb_text][et_pb_text admin_label=\u00a0\u00bbTexte11&Prime; _builder_version=\u00a0\u00bb4.9.7&Prime; background_size=\u00a0\u00bbinitial\u00a0\u00bb background_position=\u00a0\u00bbtop_left\u00a0\u00bb background_repeat=\u00a0\u00bbrepeat\u00a0\u00bb]<\/p>\n<h2>La distinction des Majors de promotion et hommage aux professeurs et \u00e9quipes des \u00e9coles<\/h2>\n<p>Une s\u00e9quence a \u00e9t\u00e9 d\u00e9di\u00e9e aux Majors de chaque campus qui se sont vus d\u00e9cern\u00e9s un prix par le Pr\u00e9sident du Groupe. Ils ont \u00e9galement adress\u00e9 un mot \u00e0 la salle au nom de tous les dipl\u00f4m\u00e9s. Ils ont \u00e9videmment remerci\u00e9 les professeurs et les \u00e9quipes d\u2019encadrement de l\u2019ISGA, tous pr\u00e9sents dans la salle, pour leur accompagnement tout au long de ces derni\u00e8res ann\u00e9es.[\/et_pb_text][et_pb_text admin_label=\u00a0\u00bbTexte11&Prime; _builder_version=\u00a0\u00bb4.9.7&Prime; background_size=\u00a0\u00bbinitial\u00a0\u00bb background_position=\u00a0\u00bbtop_left\u00a0\u00bb background_repeat=\u00a0\u00bbrepeat\u00a0\u00bb]<\/p>\n<h2>Un cocktail dinatoire et des moments de partage pour clore la c\u00e9r\u00e9monie<\/h2>\n<p>La c\u00e9r\u00e9monie qui s\u2019est d\u00e9roul\u00e9e dans une ambiance de feu et de joie a \u00e9t\u00e9 cl\u00f4tur\u00e9 par un cocktail dinatoire au cours duquel les dipl\u00f4m\u00e9s ont peu se rem\u00e9morer leurs souvenirs, \u00e9changer avec les \u00e9quipes de l\u2019ISGA et faire le plein de photos pour marquer cette belle soir\u00e9e m\u00e9morable.[\/et_pb_text][\/et_pb_column][et_pb_column type=\u00a0\u00bb2_5&Prime; _builder_version=\u00a0\u00bb3.25&Prime; custom_padding=\u00a0\u00bb|||\u00a0\u00bb custom_padding__hover=\u00a0\u00bb|||\u00a0\u00bb][et_pb_image title_text=\u00a0\u00bbDiplom\u00e9s ISGA\u00a0\u00bb _builder_version=\u00a0\u00bb4.9.7&Prime; _module_preset=\u00a0\u00bbdefault\u00a0\u00bb][\/et_pb_image][et_pb_image src=\u00a0\u00bbhttps:\/\/isga.ma\/isga\/wp-content\/uploads\/2024\/03\/IMG_6427-scaled.jpg\u00a0\u00bb title_text=\u00a0\u00bbIMG_6427&Prime; _builder_version=\u00a0\u00bb4.9.7&Prime; _module_preset=\u00a0\u00bbdefault\u00a0\u00bb][\/et_pb_image][\/et_pb_column][\/et_pb_row][\/et_pb_section][et_pb_section fb_built=\u00a0\u00bb1&Prime; _builder_version=\u00a0\u00bb4.9.7&Prime; _module_preset=\u00a0\u00bbdefault\u00a0\u00bb][et_pb_row _builder_version=\u00a0\u00bb4.9.7&Prime; _module_preset=\u00a0\u00bbdefault\u00a0\u00bb][et_pb_column type=\u00a0\u00bb4_4&Prime; _builder_version=\u00a0\u00bb4.9.7&Prime; _module_preset=\u00a0\u00bbdefault\u00a0\u00bb][et_pb_image title_text=\u00a0\u00bbC\u00e9r\u00e9monie de remise des dipl\u00f4mes\u00a0\u00bb _builder_version=\u00a0\u00bb4.9.7&Prime; _module_preset=\u00a0\u00bbdefault\u00a0\u00bb][\/et_pb_image][\/et_pb_column][\/et_pb_row][et_pb_row column_structure=\u00a0\u00bb1_3,1_3,1_3&Prime; _builder_version=\u00a0\u00bb4.9.7&Prime; _module_preset=\u00a0\u00bbdefault\u00a0\u00bb][et_pb_column type=\u00a0\u00bb1_3&Prime; _builder_version=\u00a0\u00bb4.9.7&Prime; _module_preset=\u00a0\u00bbdefault\u00a0\u00bb][et_pb_image src=\u00a0\u00bbhttps:\/\/isga.ma\/isga\/wp-content\/uploads\/2024\/03\/IMG_6786-scaled.jpg\u00a0\u00bb title_text=\u00a0\u00bbIMG_6786&Prime; _builder_version=\u00a0\u00bb4.9.7&Prime; _module_preset=\u00a0\u00bbdefault\u00a0\u00bb][\/et_pb_image][et_pb_image src=\u00a0\u00bbhttps:\/\/isga.ma\/isga\/wp-content\/uploads\/2024\/03\/IMG_7169-scaled.jpg\u00a0\u00bb title_text=\u00a0\u00bbIMG_7169&Prime; _builder_version=\u00a0\u00bb4.9.7&Prime; _module_preset=\u00a0\u00bbdefault\u00a0\u00bb][\/et_pb_image][et_pb_image src=\u00a0\u00bbhttps:\/\/isga.ma\/isga\/wp-content\/uploads\/2024\/03\/IMG_0300-scaled.jpg\u00a0\u00bb title_text=\u00a0\u00bbIMG_0300&Prime; _builder_version=\u00a0\u00bb4.9.7&Prime; _module_preset=\u00a0\u00bbdefault\u00a0\u00bb][\/et_pb_image][\/et_pb_column][et_pb_column type=\u00a0\u00bb1_3&Prime; _builder_version=\u00a0\u00bb4.9.7&Prime; _module_preset=\u00a0\u00bbdefault\u00a0\u00bb][et_pb_image src=\u00a0\u00bbhttps:\/\/isga.ma\/isga\/wp-content\/uploads\/2024\/03\/IMG_7000-scaled.jpg\u00a0\u00bb title_text=\u00a0\u00bbIMG_7000&Prime; _builder_version=\u00a0\u00bb4.9.7&Prime; _module_preset=\u00a0\u00bbdefault\u00a0\u00bb][\/et_pb_image][et_pb_image src=\u00a0\u00bbhttps:\/\/isga.ma\/isga\/wp-content\/uploads\/2024\/03\/IMG_6794-scaled.jpg\u00a0\u00bb title_text=\u00a0\u00bbIMG_6794&Prime; _builder_version=\u00a0\u00bb4.9.7&Prime; _module_preset=\u00a0\u00bbdefault\u00a0\u00bb][\/et_pb_image][et_pb_image src=\u00a0\u00bbhttps:\/\/isga.ma\/isga\/wp-content\/uploads\/2024\/03\/IMG_6316-scaled.jpg\u00a0\u00bb title_text=\u00a0\u00bbIMG_6316&Prime; _builder_version=\u00a0\u00bb4.9.7&Prime; _module_preset=\u00a0\u00bbdefault\u00a0\u00bb][\/et_pb_image][\/et_pb_column][et_pb_column type=\u00a0\u00bb1_3&Prime; _builder_version=\u00a0\u00bb4.9.7&Prime; _module_preset=\u00a0\u00bbdefault\u00a0\u00bb][et_pb_image src=\u00a0\u00bbhttps:\/\/isga.ma\/isga\/wp-content\/uploads\/2024\/03\/IMG_6301-scaled.jpg\u00a0\u00bb title_text=\u00a0\u00bbIMG_6301&Prime; _builder_version=\u00a0\u00bb4.9.7&Prime; _module_preset=\u00a0\u00bbdefault\u00a0\u00bb][\/et_pb_image][et_pb_image src=\u00a0\u00bbhttps:\/\/isga.ma\/isga\/wp-content\/uploads\/2024\/03\/IMG_6478-scaled.jpg\u00a0\u00bb title_text=\u00a0\u00bbIMG_6478&Prime; _builder_version=\u00a0\u00bb4.9.7&Prime; _module_preset=\u00a0\u00bbdefault\u00a0\u00bb][\/et_pb_image][et_pb_image src=\u00a0\u00bbhttps:\/\/isga.ma\/isga\/wp-content\/uploads\/2024\/03\/IMG_6436-scaled.jpg\u00a0\u00bb title_text=\u00a0\u00bbIMG_6436&Prime; _builder_version=\u00a0\u00bb4.9.7&Prime; _module_preset=\u00a0\u00bbdefault\u00a0\u00bb][\/et_pb_image][\/et_pb_column][\/et_pb_row][\/et_pb_section]<\/p>\n","protected":false},"excerpt":{"rendered":"<p>Dipl\u00f4m\u00e9s, parents, familles, personnels, \u00e9l\u00e8ves, institutionnels, industriels r\u00e9unis samedi 2 mars 2024 au Studio des Arts Vivants \u00e0 Casablanca pour la remise des dipl\u00f4mes 2023 des \u00e9coles du Groupe Edvantis.<\/p>\n","protected":false},"author":4,"featured_media":10731,"comment_status":"open","ping_status":"open","sticky":false,"template":"","format":"standard","meta":{"_et_pb_use_builder":"on","_et_pb_old_content":"<p><b>L\u2019ISGA a \u00e9t\u00e9 partenaire de la 3e \u00e9dition du Congr\u00e8s International de Recherche en Finance et CCA organis\u00e9 par l'Association Marocaine du Contr\u00f4le, de Comptabilit\u00e9 et d'Audit, tenue sous le th\u00e8me \u00ab Transformation Digitale : Quelles reconfigurations pour quels enjeux ? \u00bb.\u00a0<\/b><\/p><p><b>Dans son intervention lors de la s\u00e9ance inaugurale du CIREFCCA,\u00a0le vendredi 10 d\u00e9cembre 2021, le\u00a0pr\u00e9sident du groupe ISGA, <a href=\"\/le-comite-de-direction-du-groupe-isga\">Tawhid Chtioui<\/a> a soulev\u00e9 plusieurs points sur la relation de la transformation digitale et de l\u2019intelligence artificielle dans le d\u00e9veloppement des m\u00e9tiers de la comptabilit\u00e9 et de l\u2019audit.\u00a0<\/b><\/p><p><b>\u00ab<\/b><b>D\u00e9mat\u00e9rialisation, Reconnaissance optique, Robotic Process Automation (RPA), Machine Learning, Analyse pr\u00e9dictive, Vision par ordinateur, Compr\u00e9hension du langage... L'intelligence artificielle et les big data transforment les m\u00e9tiers de la comptabilit\u00e9, contr\u00f4le et audit <\/b><b>\u00bb, a soutenu <a href=\"\/le-comite-de-direction-du-groupe-isga\">Tawhid Chtioui<\/a>.\u00a0<\/b><\/p><p><b>La 3e \u00e9dition du Congr\u00e8s International de Recherche en Finance et CCA a connu la participation de plusieurs experts du domaine, dont Aida Belgacem, Docteur en Economie, Mohamed Amine Boubnad, expert-comptable m\u00e9morialiste, Amine Nabil Bouayad, enseignant chercheur et directeur du laboratoire d\u2019Economie et de Gestion, Mohamed Achraf Nafzaoui, pr\u00e9sident de l\u2019AMCCA et Yassine Hilmi, enseignant chercheur \u00e0 l\u2019ENCG.\u00a0<\/b><\/p>","_et_gb_content_width":"","content-type":"","footnotes":""},"categories":[36],"tags":[],"class_list":["post-10719","post","type-post","status-publish","format-standard","has-post-thumbnail","hentry","category-actualite"],"yoast_head":"<!-- This site is optimized with the Yoast SEO plugin v27.5 - https:\/\/yoast.com\/product\/yoast-seo-wordpress\/ -->\n<title>Remise des dipl\u00f4mes 2023 - ISGA Institut Sup\u00e9rieur d&#039;Ing\u00e9nierie &amp; des Affaires<\/title>\n<meta name=\"description\" content=\"Dipl\u00f4m\u00e9s, parents, familles, personnels, \u00e9l\u00e8ves, institutionnels, industriels r\u00e9unis samedi 2 mars 2024 au Studio des Arts Vivants \u00e0 Casablanca pour la remise des dipl\u00f4mes 2023 des \u00e9coles du Groupe Edvantis.\" \/>\n<meta name=\"robots\" content=\"noindex, follow, max-snippet:-1, max-image-preview:large, max-video-preview:-1\" \/>\n<meta property=\"og:locale\" content=\"fr_FR\" \/>\n<meta property=\"og:type\" content=\"article\" \/>\n<meta property=\"og:title\" content=\"Remise des dipl\u00f4mes 2023 - ISGA Institut Sup\u00e9rieur d&#039;Ing\u00e9nierie &amp; des Affaires\" \/>\n<meta property=\"og:description\" content=\"Dipl\u00f4m\u00e9s, parents, familles, personnels, \u00e9l\u00e8ves, institutionnels, industriels r\u00e9unis samedi 2 mars 2024 au Studio des Arts Vivants \u00e0 Casablanca pour la remise des dipl\u00f4mes 2023 des \u00e9coles du Groupe Edvantis.\" \/>\n<meta property=\"og:url\" content=\"https:\/\/isga.ma\/isga\/remise-des-diplomes-2023\/\" \/>\n<meta property=\"og:site_name\" content=\"ISGA Institut Sup\u00e9rieur d&#039;Ing\u00e9nierie &amp; des Affaires\" \/>\n<meta property=\"article:published_time\" content=\"2024-03-15T10:05:31+00:00\" \/>\n<meta property=\"article:modified_time\" content=\"2024-03-15T10:13:02+00:00\" \/>\n<meta property=\"og:image\" content=\"https:\/\/isga.ma\/isga\/wp-content\/uploads\/2024\/03\/Remise-des-diplomes-web.jpg\" \/>\n\t<meta property=\"og:image:width\" content=\"1240\" \/>\n\t<meta property=\"og:image:height\" content=\"320\" \/>\n\t<meta property=\"og:image:type\" content=\"image\/jpeg\" \/>\n<meta name=\"author\" content=\"Malek Romdhani\" \/>\n<meta name=\"twitter:card\" content=\"summary_large_image\" \/>\n<meta name=\"twitter:label1\" content=\"\u00c9crit par\" \/>\n\t<meta name=\"twitter:data1\" content=\"Malek Romdhani\" \/>\n\t<meta name=\"twitter:label2\" content=\"Dur\u00e9e de lecture estim\u00e9e\" \/>\n\t<meta name=\"twitter:data2\" content=\"3 minutes\" \/>\n<script type=\"application\/ld+json\" class=\"yoast-schema-graph\">{\"@context\":\"https:\\\/\\\/schema.org\",\"@graph\":[{\"@type\":\"Article\",\"@id\":\"https:\\\/\\\/isga.ma\\\/isga\\\/remise-des-diplomes-2023\\\/#article\",\"isPartOf\":{\"@id\":\"https:\\\/\\\/isga.ma\\\/isga\\\/remise-des-diplomes-2023\\\/\"},\"author\":{\"name\":\"Malek Romdhani\",\"@id\":\"https:\\\/\\\/isga.ma\\\/isga\\\/#\\\/schema\\\/person\\\/8752aa6e3dc08aa478b2d73aa80be347\"},\"headline\":\"Remise des dipl\u00f4mes 2023\",\"datePublished\":\"2024-03-15T10:05:31+00:00\",\"dateModified\":\"2024-03-15T10:13:02+00:00\",\"mainEntityOfPage\":{\"@id\":\"https:\\\/\\\/isga.ma\\\/isga\\\/remise-des-diplomes-2023\\\/\"},\"wordCount\":995,\"commentCount\":571,\"image\":{\"@id\":\"https:\\\/\\\/isga.ma\\\/isga\\\/remise-des-diplomes-2023\\\/#primaryimage\"},\"thumbnailUrl\":\"https:\\\/\\\/isga.ma\\\/isga\\\/wp-content\\\/uploads\\\/2024\\\/03\\\/Remise-des-diplomes-web.jpg\",\"articleSection\":[\"Actualit\u00e9\"],\"inLanguage\":\"fr-FR\",\"potentialAction\":[{\"@type\":\"CommentAction\",\"name\":\"Comment\",\"target\":[\"https:\\\/\\\/isga.ma\\\/isga\\\/remise-des-diplomes-2023\\\/#respond\"]}]},{\"@type\":\"WebPage\",\"@id\":\"https:\\\/\\\/isga.ma\\\/isga\\\/remise-des-diplomes-2023\\\/\",\"url\":\"https:\\\/\\\/isga.ma\\\/isga\\\/remise-des-diplomes-2023\\\/\",\"name\":\"Remise des dipl\u00f4mes 2023 - ISGA Institut Sup\u00e9rieur d&#039;Ing\u00e9nierie &amp; des Affaires\",\"isPartOf\":{\"@id\":\"https:\\\/\\\/isga.ma\\\/isga\\\/#website\"},\"primaryImageOfPage\":{\"@id\":\"https:\\\/\\\/isga.ma\\\/isga\\\/remise-des-diplomes-2023\\\/#primaryimage\"},\"image\":{\"@id\":\"https:\\\/\\\/isga.ma\\\/isga\\\/remise-des-diplomes-2023\\\/#primaryimage\"},\"thumbnailUrl\":\"https:\\\/\\\/isga.ma\\\/isga\\\/wp-content\\\/uploads\\\/2024\\\/03\\\/Remise-des-diplomes-web.jpg\",\"datePublished\":\"2024-03-15T10:05:31+00:00\",\"dateModified\":\"2024-03-15T10:13:02+00:00\",\"author\":{\"@id\":\"https:\\\/\\\/isga.ma\\\/isga\\\/#\\\/schema\\\/person\\\/8752aa6e3dc08aa478b2d73aa80be347\"},\"description\":\"Dipl\u00f4m\u00e9s, parents, familles, personnels, \u00e9l\u00e8ves, institutionnels, industriels r\u00e9unis samedi 2 mars 2024 au Studio des Arts Vivants \u00e0 Casablanca pour la remise des dipl\u00f4mes 2023 des \u00e9coles du Groupe Edvantis.\",\"breadcrumb\":{\"@id\":\"https:\\\/\\\/isga.ma\\\/isga\\\/remise-des-diplomes-2023\\\/#breadcrumb\"},\"inLanguage\":\"fr-FR\",\"potentialAction\":[{\"@type\":\"ReadAction\",\"target\":[\"https:\\\/\\\/isga.ma\\\/isga\\\/remise-des-diplomes-2023\\\/\"]}]},{\"@type\":\"ImageObject\",\"inLanguage\":\"fr-FR\",\"@id\":\"https:\\\/\\\/isga.ma\\\/isga\\\/remise-des-diplomes-2023\\\/#primaryimage\",\"url\":\"https:\\\/\\\/isga.ma\\\/isga\\\/wp-content\\\/uploads\\\/2024\\\/03\\\/Remise-des-diplomes-web.jpg\",\"contentUrl\":\"https:\\\/\\\/isga.ma\\\/isga\\\/wp-content\\\/uploads\\\/2024\\\/03\\\/Remise-des-diplomes-web.jpg\",\"width\":1240,\"height\":320},{\"@type\":\"BreadcrumbList\",\"@id\":\"https:\\\/\\\/isga.ma\\\/isga\\\/remise-des-diplomes-2023\\\/#breadcrumb\",\"itemListElement\":[{\"@type\":\"ListItem\",\"position\":1,\"name\":\"Accueil\",\"item\":\"https:\\\/\\\/isga.ma\\\/isga\\\/\"},{\"@type\":\"ListItem\",\"position\":2,\"name\":\"Remise des dipl\u00f4mes 2023\"}]},{\"@type\":\"WebSite\",\"@id\":\"https:\\\/\\\/isga.ma\\\/isga\\\/#website\",\"url\":\"https:\\\/\\\/isga.ma\\\/isga\\\/\",\"name\":\"ISGA Institut Sup\u00e9rieur d&#039;Ing\u00e9nierie &amp; des Affaires\",\"description\":\"Le chemin de la r\u00e9ussite depuis 1981\",\"potentialAction\":[{\"@type\":\"SearchAction\",\"target\":{\"@type\":\"EntryPoint\",\"urlTemplate\":\"https:\\\/\\\/isga.ma\\\/isga\\\/?s={search_term_string}\"},\"query-input\":{\"@type\":\"PropertyValueSpecification\",\"valueRequired\":true,\"valueName\":\"search_term_string\"}}],\"inLanguage\":\"fr-FR\"},{\"@type\":\"Person\",\"@id\":\"https:\\\/\\\/isga.ma\\\/isga\\\/#\\\/schema\\\/person\\\/8752aa6e3dc08aa478b2d73aa80be347\",\"name\":\"Malek Romdhani\",\"image\":{\"@type\":\"ImageObject\",\"inLanguage\":\"fr-FR\",\"@id\":\"https:\\\/\\\/secure.gravatar.com\\\/avatar\\\/dea94204f02b6c9a0265901123d687d8534af381e16f4301431378e641f8d838?s=96&d=mm&r=g\",\"url\":\"https:\\\/\\\/secure.gravatar.com\\\/avatar\\\/dea94204f02b6c9a0265901123d687d8534af381e16f4301431378e641f8d838?s=96&d=mm&r=g\",\"contentUrl\":\"https:\\\/\\\/secure.gravatar.com\\\/avatar\\\/dea94204f02b6c9a0265901123d687d8534af381e16f4301431378e641f8d838?s=96&d=mm&r=g\",\"caption\":\"Malek Romdhani\"},\"url\":\"https:\\\/\\\/isga.ma\\\/isga\\\/author\\\/romdhaniaivancity-ai\\\/\"}]}<\/script>\n<!-- \/ Yoast SEO plugin. -->","yoast_head_json":{"title":"Remise des dipl\u00f4mes 2023 - ISGA Institut Sup\u00e9rieur d&#039;Ing\u00e9nierie &amp; des Affaires","description":"Dipl\u00f4m\u00e9s, parents, familles, personnels, \u00e9l\u00e8ves, institutionnels, industriels r\u00e9unis samedi 2 mars 2024 au Studio des Arts Vivants \u00e0 Casablanca pour la remise des dipl\u00f4mes 2023 des \u00e9coles du Groupe Edvantis.","robots":{"index":"noindex","follow":"follow","max-snippet":"max-snippet:-1","max-image-preview":"max-image-preview:large","max-video-preview":"max-video-preview:-1"},"og_locale":"fr_FR","og_type":"article","og_title":"Remise des dipl\u00f4mes 2023 - ISGA Institut Sup\u00e9rieur d&#039;Ing\u00e9nierie &amp; des Affaires","og_description":"Dipl\u00f4m\u00e9s, parents, familles, personnels, \u00e9l\u00e8ves, institutionnels, industriels r\u00e9unis samedi 2 mars 2024 au Studio des Arts Vivants \u00e0 Casablanca pour la remise des dipl\u00f4mes 2023 des \u00e9coles du Groupe Edvantis.","og_url":"https:\/\/isga.ma\/isga\/remise-des-diplomes-2023\/","og_site_name":"ISGA Institut Sup\u00e9rieur d&#039;Ing\u00e9nierie &amp; des Affaires","article_published_time":"2024-03-15T10:05:31+00:00","article_modified_time":"2024-03-15T10:13:02+00:00","og_image":[{"width":1240,"height":320,"url":"https:\/\/isga.ma\/isga\/wp-content\/uploads\/2024\/03\/Remise-des-diplomes-web.jpg","type":"image\/jpeg"}],"author":"Malek Romdhani","twitter_card":"summary_large_image","twitter_misc":{"\u00c9crit par":"Malek Romdhani","Dur\u00e9e de lecture estim\u00e9e":"3 minutes"},"schema":{"@context":"https:\/\/schema.org","@graph":[{"@type":"Article","@id":"https:\/\/isga.ma\/isga\/remise-des-diplomes-2023\/#article","isPartOf":{"@id":"https:\/\/isga.ma\/isga\/remise-des-diplomes-2023\/"},"author":{"name":"Malek Romdhani","@id":"https:\/\/isga.ma\/isga\/#\/schema\/person\/8752aa6e3dc08aa478b2d73aa80be347"},"headline":"Remise des dipl\u00f4mes 2023","datePublished":"2024-03-15T10:05:31+00:00","dateModified":"2024-03-15T10:13:02+00:00","mainEntityOfPage":{"@id":"https:\/\/isga.ma\/isga\/remise-des-diplomes-2023\/"},"wordCount":995,"commentCount":571,"image":{"@id":"https:\/\/isga.ma\/isga\/remise-des-diplomes-2023\/#primaryimage"},"thumbnailUrl":"https:\/\/isga.ma\/isga\/wp-content\/uploads\/2024\/03\/Remise-des-diplomes-web.jpg","articleSection":["Actualit\u00e9"],"inLanguage":"fr-FR","potentialAction":[{"@type":"CommentAction","name":"Comment","target":["https:\/\/isga.ma\/isga\/remise-des-diplomes-2023\/#respond"]}]},{"@type":"WebPage","@id":"https:\/\/isga.ma\/isga\/remise-des-diplomes-2023\/","url":"https:\/\/isga.ma\/isga\/remise-des-diplomes-2023\/","name":"Remise des dipl\u00f4mes 2023 - ISGA Institut Sup\u00e9rieur d&#039;Ing\u00e9nierie &amp; des Affaires","isPartOf":{"@id":"https:\/\/isga.ma\/isga\/#website"},"primaryImageOfPage":{"@id":"https:\/\/isga.ma\/isga\/remise-des-diplomes-2023\/#primaryimage"},"image":{"@id":"https:\/\/isga.ma\/isga\/remise-des-diplomes-2023\/#primaryimage"},"thumbnailUrl":"https:\/\/isga.ma\/isga\/wp-content\/uploads\/2024\/03\/Remise-des-diplomes-web.jpg","datePublished":"2024-03-15T10:05:31+00:00","dateModified":"2024-03-15T10:13:02+00:00","author":{"@id":"https:\/\/isga.ma\/isga\/#\/schema\/person\/8752aa6e3dc08aa478b2d73aa80be347"},"description":"Dipl\u00f4m\u00e9s, parents, familles, personnels, \u00e9l\u00e8ves, institutionnels, industriels r\u00e9unis samedi 2 mars 2024 au Studio des Arts Vivants \u00e0 Casablanca pour la remise des dipl\u00f4mes 2023 des \u00e9coles du Groupe Edvantis.","breadcrumb":{"@id":"https:\/\/isga.ma\/isga\/remise-des-diplomes-2023\/#breadcrumb"},"inLanguage":"fr-FR","potentialAction":[{"@type":"ReadAction","target":["https:\/\/isga.ma\/isga\/remise-des-diplomes-2023\/"]}]},{"@type":"ImageObject","inLanguage":"fr-FR","@id":"https:\/\/isga.ma\/isga\/remise-des-diplomes-2023\/#primaryimage","url":"https:\/\/isga.ma\/isga\/wp-content\/uploads\/2024\/03\/Remise-des-diplomes-web.jpg","contentUrl":"https:\/\/isga.ma\/isga\/wp-content\/uploads\/2024\/03\/Remise-des-diplomes-web.jpg","width":1240,"height":320},{"@type":"BreadcrumbList","@id":"https:\/\/isga.ma\/isga\/remise-des-diplomes-2023\/#breadcrumb","itemListElement":[{"@type":"ListItem","position":1,"name":"Accueil","item":"https:\/\/isga.ma\/isga\/"},{"@type":"ListItem","position":2,"name":"Remise des dipl\u00f4mes 2023"}]},{"@type":"WebSite","@id":"https:\/\/isga.ma\/isga\/#website","url":"https:\/\/isga.ma\/isga\/","name":"ISGA Institut Sup\u00e9rieur d&#039;Ing\u00e9nierie &amp; des Affaires","description":"Le chemin de la r\u00e9ussite depuis 1981","potentialAction":[{"@type":"SearchAction","target":{"@type":"EntryPoint","urlTemplate":"https:\/\/isga.ma\/isga\/?s={search_term_string}"},"query-input":{"@type":"PropertyValueSpecification","valueRequired":true,"valueName":"search_term_string"}}],"inLanguage":"fr-FR"},{"@type":"Person","@id":"https:\/\/isga.ma\/isga\/#\/schema\/person\/8752aa6e3dc08aa478b2d73aa80be347","name":"Malek Romdhani","image":{"@type":"ImageObject","inLanguage":"fr-FR","@id":"https:\/\/secure.gravatar.com\/avatar\/dea94204f02b6c9a0265901123d687d8534af381e16f4301431378e641f8d838?s=96&d=mm&r=g","url":"https:\/\/secure.gravatar.com\/avatar\/dea94204f02b6c9a0265901123d687d8534af381e16f4301431378e641f8d838?s=96&d=mm&r=g","contentUrl":"https:\/\/secure.gravatar.com\/avatar\/dea94204f02b6c9a0265901123d687d8534af381e16f4301431378e641f8d838?s=96&d=mm&r=g","caption":"Malek Romdhani"},"url":"https:\/\/isga.ma\/isga\/author\/romdhaniaivancity-ai\/"}]}},"_links":{"self":[{"href":"https:\/\/isga.ma\/isga\/wp-json\/wp\/v2\/posts\/10719","targetHints":{"allow":["GET"]}}],"collection":[{"href":"https:\/\/isga.ma\/isga\/wp-json\/wp\/v2\/posts"}],"about":[{"href":"https:\/\/isga.ma\/isga\/wp-json\/wp\/v2\/types\/post"}],"author":[{"embeddable":true,"href":"https:\/\/isga.ma\/isga\/wp-json\/wp\/v2\/users\/4"}],"replies":[{"embeddable":true,"href":"https:\/\/isga.ma\/isga\/wp-json\/wp\/v2\/comments?post=10719"}],"version-history":[{"count":10,"href":"https:\/\/isga.ma\/isga\/wp-json\/wp\/v2\/posts\/10719\/revisions"}],"predecessor-version":[{"id":10750,"href":"https:\/\/isga.ma\/isga\/wp-json\/wp\/v2\/posts\/10719\/revisions\/10750"}],"wp:featuredmedia":[{"embeddable":true,"href":"https:\/\/isga.ma\/isga\/wp-json\/wp\/v2\/media\/10731"}],"wp:attachment":[{"href":"https:\/\/isga.ma\/isga\/wp-json\/wp\/v2\/media?parent=10719"}],"wp:term":[{"taxonomy":"category","embeddable":true,"href":"https:\/\/isga.ma\/isga\/wp-json\/wp\/v2\/categories?post=10719"},{"taxonomy":"post_tag","embeddable":true,"href":"https:\/\/isga.ma\/isga\/wp-json\/wp\/v2\/tags?post=10719"}],"curies":[{"name":"wp","href":"https:\/\/api.w.org\/{rel}","templated":true}]}}