{"id":11049,"date":"2024-05-28T09:11:17","date_gmt":"2024-05-28T07:11:17","guid":{"rendered":"https:\/\/isga.ma\/isga\/?p=11049"},"modified":"2025-07-02T10:26:28","modified_gmt":"2025-07-02T08:26:28","slug":"maroc-et-zlecaf-reda-nour-devoile-les-defis-et-opportunites-a-lisga-fes","status":"publish","type":"post","link":"https:\/\/isga.ma\/isga\/maroc-et-zlecaf-reda-nour-devoile-les-defis-et-opportunites-a-lisga-fes\/","title":{"rendered":"Maroc et ZLECAF : Reda Nour D\u00e9voile les D\u00e9fis et Opportunit\u00e9s \u00e0 l&rsquo;ISGA F\u00e8s"},"content":{"rendered":"<p>[et_pb_section fb_built=\u00a0\u00bb1&Prime; _builder_version=\u00a0\u00bb3.22&Prime; locked=\u00a0\u00bboff\u00a0\u00bb][et_pb_row _builder_version=\u00a0\u00bb4.9.7&Prime; background_size=\u00a0\u00bbinitial\u00a0\u00bb background_position=\u00a0\u00bbtop_left\u00a0\u00bb background_repeat=\u00a0\u00bbrepeat\u00a0\u00bb custom_margin=\u00a0\u00bb||||false|false\u00a0\u00bb custom_padding=\u00a0\u00bb||||false|false\u00a0\u00bb][et_pb_column type=\u00a0\u00bb4_4&Prime; _builder_version=\u00a0\u00bb3.25&Prime; custom_padding=\u00a0\u00bb|||\u00a0\u00bb custom_padding__hover=\u00a0\u00bb|||\u00a0\u00bb][et_pb_text _builder_version=\u00a0\u00bb4.9.7&Prime; background_size=\u00a0\u00bbinitial\u00a0\u00bb background_position=\u00a0\u00bbtop_left\u00a0\u00bb background_repeat=\u00a0\u00bbrepeat\u00a0\u00bb text_orientation=\u00a0\u00bbjustified\u00a0\u00bb custom_margin=\u00a0\u00bb||40px||false|false\u00a0\u00bb]<\/p>\n<p data-pm-slice=\"1 1 []\">La conf\u00e9rence \u00ab\u00a0<strong>Maroc et ZLECAF : D\u00e9fis et Perspectives d&rsquo;un Projet Ambitieux<\/strong>\u00ab\u00a0, anim\u00e9e par Reda NOUR, pr\u00e9sident fondateur du Centre Marocain des \u00c9tudes Africaines et du D\u00e9veloppement Durable, s&rsquo;est tenue \u00e0 l&rsquo;ISGA campus F\u00e8s en faveur de nos \u00e9tudiants et des professionnels.<\/p>\n<p>Lors de son intervention, Nour a mis en lumi\u00e8re les opportunit\u00e9s et les d\u00e9fis que pr\u00e9sente la Zone de Libre-\u00c9change Continentale Africaine (ZLECAF) pour le Maroc. Il a \u00e9galement soulign\u00e9 l&rsquo;importance cruciale de l&rsquo;int\u00e9gration \u00e9conomique r\u00e9gionale et des strat\u00e9gies de d\u00e9veloppement durable pour maximiser les b\u00e9n\u00e9fices de cette initiative.<\/p>\n<p>Les participants ont eu l&rsquo;occasion de poser des questions et de d\u00e9battre des perspectives \u00e9conomiques futures. Cette conf\u00e9rence a renforc\u00e9 la collaboration acad\u00e9mique et professionnelle autour des enjeux du commerce continental africain.<\/p>\n<p>[\/et_pb_text][\/et_pb_column][\/et_pb_row][\/et_pb_section][et_pb_section fb_built=\u00a0\u00bb1&Prime; _builder_version=\u00a0\u00bb4.9.7&Prime; _module_preset=\u00a0\u00bbdefault\u00a0\u00bb locked=\u00a0\u00bboff\u00a0\u00bb][et_pb_row _builder_version=\u00a0\u00bb4.9.7&Prime; _module_preset=\u00a0\u00bbdefault\u00a0\u00bb][et_pb_column type=\u00a0\u00bb4_4&Prime; _builder_version=\u00a0\u00bb4.9.7&Prime; _module_preset=\u00a0\u00bbdefault\u00a0\u00bb][et_pb_gallery gallery_ids=\u00a0\u00bb11053,11054,11055,11056,11057,11058,11059,11060,11061,11062,11063,11064,11065,11066,11067,11068,11069,11070,11071,11072&Prime; posts_number=\u00a0\u00bb20&Prime; orientation=\u00a0\u00bbportrait\u00a0\u00bb show_title_and_caption=\u00a0\u00bboff\u00a0\u00bb show_pagination=\u00a0\u00bboff\u00a0\u00bb _builder_version=\u00a0\u00bb4.9.7&Prime; _module_preset=\u00a0\u00bbdefault\u00a0\u00bb][\/et_pb_gallery][\/et_pb_column][\/et_pb_row][\/et_pb_section]<\/p>\n","protected":false},"excerpt":{"rendered":"<p>La conf\u00e9rence \u00ab\u00a0Maroc et ZLECAF : D\u00e9fis et Perspectives d&rsquo;un Projet Ambitieux\u00a0\u00bb, anim\u00e9e par Reda NOUR, pr\u00e9sident fondateur du Centre Marocain des \u00c9tudes Africaines et du D\u00e9veloppement Durable, s&rsquo;est tenue \u00e0 l&rsquo;ISGA campus F\u00e8s en faveur de nos \u00e9tudiants et des professionnels.<\/p>\n","protected":false},"author":4,"featured_media":11079,"comment_status":"closed","ping_status":"closed","sticky":false,"template":"","format":"standard","meta":{"_et_pb_use_builder":"on","_et_pb_old_content":"","_et_gb_content_width":"","content-type":"","footnotes":""},"categories":[36],"tags":[],"class_list":["post-11049","post","type-post","status-publish","format-standard","has-post-thumbnail","hentry","category-actualite"],"yoast_head":"<!-- This site is optimized with the Yoast SEO plugin v27.5 - https:\/\/yoast.com\/product\/yoast-seo-wordpress\/ -->\n<title>Maroc et ZLECAF : Reda Nour D\u00e9voile les D\u00e9fis et Opportunit\u00e9s \u00e0 l&#039;ISGA F\u00e8s - ISGA Institut Sup\u00e9rieur d&#039;Ing\u00e9nierie &amp; des Affaires<\/title>\n<meta name=\"description\" content=\"La conf\u00e9rence &quot;Maroc et ZLECAF : D\u00e9fis et Perspectives d&#039;un Projet Ambitieux&quot;, anim\u00e9e par Reda NOUR, pr\u00e9sident fondateur du Centre Marocain des \u00c9tudes Africaines et du D\u00e9veloppement Durable, s&#039;est tenue \u00e0 l&#039;ISGA campus F\u00e8s en faveur de nos \u00e9tudiants et des professionnels.\" \/>\n<meta name=\"robots\" content=\"noindex, follow, max-snippet:-1, max-image-preview:large, max-video-preview:-1\" \/>\n<meta property=\"og:locale\" content=\"fr_FR\" \/>\n<meta property=\"og:type\" content=\"article\" \/>\n<meta property=\"og:title\" content=\"Maroc et ZLECAF : Reda Nour D\u00e9voile les D\u00e9fis et Opportunit\u00e9s \u00e0 l&#039;ISGA F\u00e8s - ISGA Institut Sup\u00e9rieur d&#039;Ing\u00e9nierie &amp; des Affaires\" \/>\n<meta property=\"og:description\" content=\"La conf\u00e9rence &quot;Maroc et ZLECAF : D\u00e9fis et Perspectives d&#039;un Projet Ambitieux&quot;, anim\u00e9e par Reda NOUR, pr\u00e9sident fondateur du Centre Marocain des \u00c9tudes Africaines et du D\u00e9veloppement Durable, s&#039;est tenue \u00e0 l&#039;ISGA campus F\u00e8s en faveur de nos \u00e9tudiants et des professionnels.\" \/>\n<meta property=\"og:url\" content=\"https:\/\/isga.ma\/isga\/maroc-et-zlecaf-reda-nour-devoile-les-defis-et-opportunites-a-lisga-fes\/\" \/>\n<meta property=\"og:site_name\" content=\"ISGA Institut Sup\u00e9rieur d&#039;Ing\u00e9nierie &amp; des Affaires\" \/>\n<meta property=\"article:published_time\" content=\"2024-05-28T07:11:17+00:00\" \/>\n<meta property=\"article:modified_time\" content=\"2025-07-02T08:26:28+00:00\" \/>\n<meta property=\"og:image\" content=\"https:\/\/isga.ma\/isga\/wp-content\/uploads\/2024\/05\/IMG_53201-scaled.jpg\" \/>\n\t<meta property=\"og:image:width\" content=\"2560\" \/>\n\t<meta property=\"og:image:height\" content=\"1325\" \/>\n\t<meta property=\"og:image:type\" content=\"image\/jpeg\" \/>\n<meta name=\"author\" content=\"Malek Romdhani\" \/>\n<meta name=\"twitter:card\" content=\"summary_large_image\" \/>\n<meta name=\"twitter:label1\" content=\"\u00c9crit par\" \/>\n\t<meta name=\"twitter:data1\" content=\"Malek Romdhani\" \/>\n\t<meta name=\"twitter:label2\" content=\"Dur\u00e9e de lecture estim\u00e9e\" \/>\n\t<meta name=\"twitter:data2\" content=\"5 minutes\" \/>\n<script type=\"application\/ld+json\" class=\"yoast-schema-graph\">{\"@context\":\"https:\\\/\\\/schema.org\",\"@graph\":[{\"@type\":\"Article\",\"@id\":\"https:\\\/\\\/isga.ma\\\/isga\\\/maroc-et-zlecaf-reda-nour-devoile-les-defis-et-opportunites-a-lisga-fes\\\/#article\",\"isPartOf\":{\"@id\":\"https:\\\/\\\/isga.ma\\\/isga\\\/maroc-et-zlecaf-reda-nour-devoile-les-defis-et-opportunites-a-lisga-fes\\\/\"},\"author\":{\"name\":\"Malek Romdhani\",\"@id\":\"https:\\\/\\\/isga.ma\\\/isga\\\/#\\\/schema\\\/person\\\/8752aa6e3dc08aa478b2d73aa80be347\"},\"headline\":\"Maroc et ZLECAF : Reda Nour D\u00e9voile les D\u00e9fis et Opportunit\u00e9s \u00e0 l&rsquo;ISGA F\u00e8s\",\"datePublished\":\"2024-05-28T07:11:17+00:00\",\"dateModified\":\"2025-07-02T08:26:28+00:00\",\"mainEntityOfPage\":{\"@id\":\"https:\\\/\\\/isga.ma\\\/isga\\\/maroc-et-zlecaf-reda-nour-devoile-les-defis-et-opportunites-a-lisga-fes\\\/\"},\"wordCount\":305,\"image\":{\"@id\":\"https:\\\/\\\/isga.ma\\\/isga\\\/maroc-et-zlecaf-reda-nour-devoile-les-defis-et-opportunites-a-lisga-fes\\\/#primaryimage\"},\"thumbnailUrl\":\"https:\\\/\\\/isga.ma\\\/isga\\\/wp-content\\\/uploads\\\/2024\\\/05\\\/IMG_53201-scaled.jpg\",\"articleSection\":[\"Actualit\u00e9\"],\"inLanguage\":\"fr-FR\"},{\"@type\":\"WebPage\",\"@id\":\"https:\\\/\\\/isga.ma\\\/isga\\\/maroc-et-zlecaf-reda-nour-devoile-les-defis-et-opportunites-a-lisga-fes\\\/\",\"url\":\"https:\\\/\\\/isga.ma\\\/isga\\\/maroc-et-zlecaf-reda-nour-devoile-les-defis-et-opportunites-a-lisga-fes\\\/\",\"name\":\"Maroc et ZLECAF : Reda Nour D\u00e9voile les D\u00e9fis et Opportunit\u00e9s \u00e0 l'ISGA F\u00e8s - ISGA Institut Sup\u00e9rieur d&#039;Ing\u00e9nierie &amp; des Affaires\",\"isPartOf\":{\"@id\":\"https:\\\/\\\/isga.ma\\\/isga\\\/#website\"},\"primaryImageOfPage\":{\"@id\":\"https:\\\/\\\/isga.ma\\\/isga\\\/maroc-et-zlecaf-reda-nour-devoile-les-defis-et-opportunites-a-lisga-fes\\\/#primaryimage\"},\"image\":{\"@id\":\"https:\\\/\\\/isga.ma\\\/isga\\\/maroc-et-zlecaf-reda-nour-devoile-les-defis-et-opportunites-a-lisga-fes\\\/#primaryimage\"},\"thumbnailUrl\":\"https:\\\/\\\/isga.ma\\\/isga\\\/wp-content\\\/uploads\\\/2024\\\/05\\\/IMG_53201-scaled.jpg\",\"datePublished\":\"2024-05-28T07:11:17+00:00\",\"dateModified\":\"2025-07-02T08:26:28+00:00\",\"author\":{\"@id\":\"https:\\\/\\\/isga.ma\\\/isga\\\/#\\\/schema\\\/person\\\/8752aa6e3dc08aa478b2d73aa80be347\"},\"description\":\"La conf\u00e9rence \\\"Maroc et ZLECAF : D\u00e9fis et Perspectives d'un Projet Ambitieux\\\", anim\u00e9e par Reda NOUR, pr\u00e9sident fondateur du Centre Marocain des \u00c9tudes Africaines et du D\u00e9veloppement Durable, s'est tenue \u00e0 l'ISGA campus F\u00e8s en faveur de nos \u00e9tudiants et des professionnels.\",\"breadcrumb\":{\"@id\":\"https:\\\/\\\/isga.ma\\\/isga\\\/maroc-et-zlecaf-reda-nour-devoile-les-defis-et-opportunites-a-lisga-fes\\\/#breadcrumb\"},\"inLanguage\":\"fr-FR\",\"potentialAction\":[{\"@type\":\"ReadAction\",\"target\":[\"https:\\\/\\\/isga.ma\\\/isga\\\/maroc-et-zlecaf-reda-nour-devoile-les-defis-et-opportunites-a-lisga-fes\\\/\"]}]},{\"@type\":\"ImageObject\",\"inLanguage\":\"fr-FR\",\"@id\":\"https:\\\/\\\/isga.ma\\\/isga\\\/maroc-et-zlecaf-reda-nour-devoile-les-defis-et-opportunites-a-lisga-fes\\\/#primaryimage\",\"url\":\"https:\\\/\\\/isga.ma\\\/isga\\\/wp-content\\\/uploads\\\/2024\\\/05\\\/IMG_53201-scaled.jpg\",\"contentUrl\":\"https:\\\/\\\/isga.ma\\\/isga\\\/wp-content\\\/uploads\\\/2024\\\/05\\\/IMG_53201-scaled.jpg\",\"width\":2560,\"height\":1325},{\"@type\":\"BreadcrumbList\",\"@id\":\"https:\\\/\\\/isga.ma\\\/isga\\\/maroc-et-zlecaf-reda-nour-devoile-les-defis-et-opportunites-a-lisga-fes\\\/#breadcrumb\",\"itemListElement\":[{\"@type\":\"ListItem\",\"position\":1,\"name\":\"Accueil\",\"item\":\"https:\\\/\\\/isga.ma\\\/isga\\\/\"},{\"@type\":\"ListItem\",\"position\":2,\"name\":\"Maroc et ZLECAF : Reda Nour D\u00e9voile les D\u00e9fis et Opportunit\u00e9s \u00e0 l&rsquo;ISGA F\u00e8s\"}]},{\"@type\":\"WebSite\",\"@id\":\"https:\\\/\\\/isga.ma\\\/isga\\\/#website\",\"url\":\"https:\\\/\\\/isga.ma\\\/isga\\\/\",\"name\":\"ISGA Institut Sup\u00e9rieur d&#039;Ing\u00e9nierie &amp; des Affaires\",\"description\":\"Le chemin de la r\u00e9ussite depuis 1981\",\"potentialAction\":[{\"@type\":\"SearchAction\",\"target\":{\"@type\":\"EntryPoint\",\"urlTemplate\":\"https:\\\/\\\/isga.ma\\\/isga\\\/?s={search_term_string}\"},\"query-input\":{\"@type\":\"PropertyValueSpecification\",\"valueRequired\":true,\"valueName\":\"search_term_string\"}}],\"inLanguage\":\"fr-FR\"},{\"@type\":\"Person\",\"@id\":\"https:\\\/\\\/isga.ma\\\/isga\\\/#\\\/schema\\\/person\\\/8752aa6e3dc08aa478b2d73aa80be347\",\"name\":\"Malek Romdhani\",\"image\":{\"@type\":\"ImageObject\",\"inLanguage\":\"fr-FR\",\"@id\":\"https:\\\/\\\/secure.gravatar.com\\\/avatar\\\/dea94204f02b6c9a0265901123d687d8534af381e16f4301431378e641f8d838?s=96&d=mm&r=g\",\"url\":\"https:\\\/\\\/secure.gravatar.com\\\/avatar\\\/dea94204f02b6c9a0265901123d687d8534af381e16f4301431378e641f8d838?s=96&d=mm&r=g\",\"contentUrl\":\"https:\\\/\\\/secure.gravatar.com\\\/avatar\\\/dea94204f02b6c9a0265901123d687d8534af381e16f4301431378e641f8d838?s=96&d=mm&r=g\",\"caption\":\"Malek Romdhani\"},\"url\":\"https:\\\/\\\/isga.ma\\\/isga\\\/author\\\/romdhaniaivancity-ai\\\/\"}]}<\/script>\n<!-- \/ Yoast SEO plugin. -->","yoast_head_json":{"title":"Maroc et ZLECAF : Reda Nour D\u00e9voile les D\u00e9fis et Opportunit\u00e9s \u00e0 l'ISGA F\u00e8s - ISGA Institut Sup\u00e9rieur d&#039;Ing\u00e9nierie &amp; des Affaires","description":"La conf\u00e9rence \"Maroc et ZLECAF : D\u00e9fis et Perspectives d'un Projet Ambitieux\", anim\u00e9e par Reda NOUR, pr\u00e9sident fondateur du Centre Marocain des \u00c9tudes Africaines et du D\u00e9veloppement Durable, s'est tenue \u00e0 l'ISGA campus F\u00e8s en faveur de nos \u00e9tudiants et des professionnels.","robots":{"index":"noindex","follow":"follow","max-snippet":"max-snippet:-1","max-image-preview":"max-image-preview:large","max-video-preview":"max-video-preview:-1"},"og_locale":"fr_FR","og_type":"article","og_title":"Maroc et ZLECAF : Reda Nour D\u00e9voile les D\u00e9fis et Opportunit\u00e9s \u00e0 l'ISGA F\u00e8s - ISGA Institut Sup\u00e9rieur d&#039;Ing\u00e9nierie &amp; des Affaires","og_description":"La conf\u00e9rence \"Maroc et ZLECAF : D\u00e9fis et Perspectives d'un Projet Ambitieux\", anim\u00e9e par Reda NOUR, pr\u00e9sident fondateur du Centre Marocain des \u00c9tudes Africaines et du D\u00e9veloppement Durable, s'est tenue \u00e0 l'ISGA campus F\u00e8s en faveur de nos \u00e9tudiants et des professionnels.","og_url":"https:\/\/isga.ma\/isga\/maroc-et-zlecaf-reda-nour-devoile-les-defis-et-opportunites-a-lisga-fes\/","og_site_name":"ISGA Institut Sup\u00e9rieur d&#039;Ing\u00e9nierie &amp; des Affaires","article_published_time":"2024-05-28T07:11:17+00:00","article_modified_time":"2025-07-02T08:26:28+00:00","og_image":[{"width":2560,"height":1325,"url":"https:\/\/isga.ma\/isga\/wp-content\/uploads\/2024\/05\/IMG_53201-scaled.jpg","type":"image\/jpeg"}],"author":"Malek Romdhani","twitter_card":"summary_large_image","twitter_misc":{"\u00c9crit par":"Malek Romdhani","Dur\u00e9e de lecture estim\u00e9e":"5 minutes"},"schema":{"@context":"https:\/\/schema.org","@graph":[{"@type":"Article","@id":"https:\/\/isga.ma\/isga\/maroc-et-zlecaf-reda-nour-devoile-les-defis-et-opportunites-a-lisga-fes\/#article","isPartOf":{"@id":"https:\/\/isga.ma\/isga\/maroc-et-zlecaf-reda-nour-devoile-les-defis-et-opportunites-a-lisga-fes\/"},"author":{"name":"Malek Romdhani","@id":"https:\/\/isga.ma\/isga\/#\/schema\/person\/8752aa6e3dc08aa478b2d73aa80be347"},"headline":"Maroc et ZLECAF : Reda Nour D\u00e9voile les D\u00e9fis et Opportunit\u00e9s \u00e0 l&rsquo;ISGA F\u00e8s","datePublished":"2024-05-28T07:11:17+00:00","dateModified":"2025-07-02T08:26:28+00:00","mainEntityOfPage":{"@id":"https:\/\/isga.ma\/isga\/maroc-et-zlecaf-reda-nour-devoile-les-defis-et-opportunites-a-lisga-fes\/"},"wordCount":305,"image":{"@id":"https:\/\/isga.ma\/isga\/maroc-et-zlecaf-reda-nour-devoile-les-defis-et-opportunites-a-lisga-fes\/#primaryimage"},"thumbnailUrl":"https:\/\/isga.ma\/isga\/wp-content\/uploads\/2024\/05\/IMG_53201-scaled.jpg","articleSection":["Actualit\u00e9"],"inLanguage":"fr-FR"},{"@type":"WebPage","@id":"https:\/\/isga.ma\/isga\/maroc-et-zlecaf-reda-nour-devoile-les-defis-et-opportunites-a-lisga-fes\/","url":"https:\/\/isga.ma\/isga\/maroc-et-zlecaf-reda-nour-devoile-les-defis-et-opportunites-a-lisga-fes\/","name":"Maroc et ZLECAF : Reda Nour D\u00e9voile les D\u00e9fis et Opportunit\u00e9s \u00e0 l'ISGA F\u00e8s - ISGA Institut Sup\u00e9rieur d&#039;Ing\u00e9nierie &amp; des Affaires","isPartOf":{"@id":"https:\/\/isga.ma\/isga\/#website"},"primaryImageOfPage":{"@id":"https:\/\/isga.ma\/isga\/maroc-et-zlecaf-reda-nour-devoile-les-defis-et-opportunites-a-lisga-fes\/#primaryimage"},"image":{"@id":"https:\/\/isga.ma\/isga\/maroc-et-zlecaf-reda-nour-devoile-les-defis-et-opportunites-a-lisga-fes\/#primaryimage"},"thumbnailUrl":"https:\/\/isga.ma\/isga\/wp-content\/uploads\/2024\/05\/IMG_53201-scaled.jpg","datePublished":"2024-05-28T07:11:17+00:00","dateModified":"2025-07-02T08:26:28+00:00","author":{"@id":"https:\/\/isga.ma\/isga\/#\/schema\/person\/8752aa6e3dc08aa478b2d73aa80be347"},"description":"La conf\u00e9rence \"Maroc et ZLECAF : D\u00e9fis et Perspectives d'un Projet Ambitieux\", anim\u00e9e par Reda NOUR, pr\u00e9sident fondateur du Centre Marocain des \u00c9tudes Africaines et du D\u00e9veloppement Durable, s'est tenue \u00e0 l'ISGA campus F\u00e8s en faveur de nos \u00e9tudiants et des professionnels.","breadcrumb":{"@id":"https:\/\/isga.ma\/isga\/maroc-et-zlecaf-reda-nour-devoile-les-defis-et-opportunites-a-lisga-fes\/#breadcrumb"},"inLanguage":"fr-FR","potentialAction":[{"@type":"ReadAction","target":["https:\/\/isga.ma\/isga\/maroc-et-zlecaf-reda-nour-devoile-les-defis-et-opportunites-a-lisga-fes\/"]}]},{"@type":"ImageObject","inLanguage":"fr-FR","@id":"https:\/\/isga.ma\/isga\/maroc-et-zlecaf-reda-nour-devoile-les-defis-et-opportunites-a-lisga-fes\/#primaryimage","url":"https:\/\/isga.ma\/isga\/wp-content\/uploads\/2024\/05\/IMG_53201-scaled.jpg","contentUrl":"https:\/\/isga.ma\/isga\/wp-content\/uploads\/2024\/05\/IMG_53201-scaled.jpg","width":2560,"height":1325},{"@type":"BreadcrumbList","@id":"https:\/\/isga.ma\/isga\/maroc-et-zlecaf-reda-nour-devoile-les-defis-et-opportunites-a-lisga-fes\/#breadcrumb","itemListElement":[{"@type":"ListItem","position":1,"name":"Accueil","item":"https:\/\/isga.ma\/isga\/"},{"@type":"ListItem","position":2,"name":"Maroc et ZLECAF : Reda Nour D\u00e9voile les D\u00e9fis et Opportunit\u00e9s \u00e0 l&rsquo;ISGA F\u00e8s"}]},{"@type":"WebSite","@id":"https:\/\/isga.ma\/isga\/#website","url":"https:\/\/isga.ma\/isga\/","name":"ISGA Institut Sup\u00e9rieur d&#039;Ing\u00e9nierie &amp; des Affaires","description":"Le chemin de la r\u00e9ussite depuis 1981","potentialAction":[{"@type":"SearchAction","target":{"@type":"EntryPoint","urlTemplate":"https:\/\/isga.ma\/isga\/?s={search_term_string}"},"query-input":{"@type":"PropertyValueSpecification","valueRequired":true,"valueName":"search_term_string"}}],"inLanguage":"fr-FR"},{"@type":"Person","@id":"https:\/\/isga.ma\/isga\/#\/schema\/person\/8752aa6e3dc08aa478b2d73aa80be347","name":"Malek Romdhani","image":{"@type":"ImageObject","inLanguage":"fr-FR","@id":"https:\/\/secure.gravatar.com\/avatar\/dea94204f02b6c9a0265901123d687d8534af381e16f4301431378e641f8d838?s=96&d=mm&r=g","url":"https:\/\/secure.gravatar.com\/avatar\/dea94204f02b6c9a0265901123d687d8534af381e16f4301431378e641f8d838?s=96&d=mm&r=g","contentUrl":"https:\/\/secure.gravatar.com\/avatar\/dea94204f02b6c9a0265901123d687d8534af381e16f4301431378e641f8d838?s=96&d=mm&r=g","caption":"Malek Romdhani"},"url":"https:\/\/isga.ma\/isga\/author\/romdhaniaivancity-ai\/"}]}},"_links":{"self":[{"href":"https:\/\/isga.ma\/isga\/wp-json\/wp\/v2\/posts\/11049","targetHints":{"allow":["GET"]}}],"collection":[{"href":"https:\/\/isga.ma\/isga\/wp-json\/wp\/v2\/posts"}],"about":[{"href":"https:\/\/isga.ma\/isga\/wp-json\/wp\/v2\/types\/post"}],"author":[{"embeddable":true,"href":"https:\/\/isga.ma\/isga\/wp-json\/wp\/v2\/users\/4"}],"replies":[{"embeddable":true,"href":"https:\/\/isga.ma\/isga\/wp-json\/wp\/v2\/comments?post=11049"}],"version-history":[{"count":8,"href":"https:\/\/isga.ma\/isga\/wp-json\/wp\/v2\/posts\/11049\/revisions"}],"predecessor-version":[{"id":12061,"href":"https:\/\/isga.ma\/isga\/wp-json\/wp\/v2\/posts\/11049\/revisions\/12061"}],"wp:featuredmedia":[{"embeddable":true,"href":"https:\/\/isga.ma\/isga\/wp-json\/wp\/v2\/media\/11079"}],"wp:attachment":[{"href":"https:\/\/isga.ma\/isga\/wp-json\/wp\/v2\/media?parent=11049"}],"wp:term":[{"taxonomy":"category","embeddable":true,"href":"https:\/\/isga.ma\/isga\/wp-json\/wp\/v2\/categories?post=11049"},{"taxonomy":"post_tag","embeddable":true,"href":"https:\/\/isga.ma\/isga\/wp-json\/wp\/v2\/tags?post=11049"}],"curies":[{"name":"wp","href":"https:\/\/api.w.org\/{rel}","templated":true}]}}