{"id":11416,"date":"2024-12-17T09:04:49","date_gmt":"2024-12-17T08:04:49","guid":{"rendered":"https:\/\/isga.ma\/isga\/?p=11416"},"modified":"2024-12-17T09:20:21","modified_gmt":"2024-12-17T08:20:21","slug":"edvantis-et-stagiaires-ma-sallient-pour-linsertion-professionnelle-des-jeunes-au-maroc","status":"publish","type":"post","link":"https:\/\/isga.ma\/isga\/edvantis-et-stagiaires-ma-sallient-pour-linsertion-professionnelle-des-jeunes-au-maroc\/","title":{"rendered":"Edvantis et Stagiaires.ma s\u2019allient pour l\u2019insertion professionnelle des jeunes au Maroc"},"content":{"rendered":"<p>[et_pb_section fb_built=\u00a0\u00bb1&Prime; _builder_version=\u00a0\u00bb3.22&Prime; locked=\u00a0\u00bboff\u00a0\u00bb][et_pb_row _builder_version=\u00a0\u00bb4.9.7&Prime; background_size=\u00a0\u00bbinitial\u00a0\u00bb background_position=\u00a0\u00bbtop_left\u00a0\u00bb background_repeat=\u00a0\u00bbrepeat\u00a0\u00bb custom_margin=\u00a0\u00bb||||false|false\u00a0\u00bb custom_padding=\u00a0\u00bb||||false|false\u00a0\u00bb][et_pb_column type=\u00a0\u00bb4_4&Prime; _builder_version=\u00a0\u00bb3.25&Prime; custom_padding=\u00a0\u00bb|||\u00a0\u00bb custom_padding__hover=\u00a0\u00bb|||\u00a0\u00bb][et_pb_text _builder_version=\u00a0\u00bb4.9.7&Prime; background_size=\u00a0\u00bbinitial\u00a0\u00bb background_position=\u00a0\u00bbtop_left\u00a0\u00bb background_repeat=\u00a0\u00bbrepeat\u00a0\u00bb text_orientation=\u00a0\u00bbjustified\u00a0\u00bb custom_margin=\u00a0\u00bb||40px||false|false\u00a0\u00bb]<\/p>\n<p><span data-contrast=\"auto\">Face aux d\u00e9fis croissants du march\u00e9 de l\u2019emploi, Edvantis et Stagiaires.ma, le premier r\u00e9seau africain d\u00e9di\u00e9 aux stages et premiers emplois, annoncent un partenariat strat\u00e9gique. Leur ambition : cr\u00e9er des ponts solides entre le monde acad\u00e9mique et professionnel pour propulser les jeunes talents vers l\u2019avenir.<\/span><span data-ccp-props=\"{}\">\u00a0<\/span><\/p>\n<p><span data-ccp-props=\"{}\">\u00a0<\/span><b><span data-contrast=\"auto\">Un acc\u00e8s privil\u00e9gi\u00e9 pour les \u00e9tudiants<\/span><\/b><span data-ccp-props=\"{}\">\u00a0<\/span><\/p>\n<p><span data-contrast=\"auto\">Les \u00e9tudiants des \u00e9coles ISGA, ART\u2019COM SUP et COM\u2019SUP b\u00e9n\u00e9ficieront d\u00e9sormais d\u2019un acc\u00e8s exclusif \u00e0 des centaines d\u2019offres de stages et d\u2019emplois. Ils profiteront \u00e9galement d\u2019un accompagnement personnalis\u00e9 pour d\u00e9velopper leur employabilit\u00e9.<\/span><span data-ccp-props=\"{}\">\u00a0<\/span><\/p>\n<p><span data-ccp-props=\"{}\">\u00a0<\/span><b><span data-contrast=\"auto\">\u00ab Nous voulons offrir \u00e0 nos \u00e9tudiants bien plus qu\u2019une formation : une passerelle concr\u00e8te vers le march\u00e9 du travail \u00bb, <\/span><\/b><span data-contrast=\"auto\">explique Zahia Benabdeljalil, du groupe Edvantis.<\/span><span data-ccp-props=\"{}\">\u00a0<\/span><\/p>\n<p><span data-ccp-props=\"{}\">\u00a0<\/span><b><span data-contrast=\"auto\">Des outils digitaux au service de l\u2019insertion professionnelle<\/span><\/b><span data-ccp-props=\"{}\">\u00a0<\/span><\/p>\n<p><span data-contrast=\"auto\">Stagiaires.ma mettra \u00e0 disposition sa plateforme innovante, permettant aux \u00e9tudiants de suivre leurs candidatures en temps r\u00e9el et d\u2019obtenir des recommandations sur mesure. Pour Youssef El Hammal, Fondateur de Stagiaires.ma, \u00ab ce partenariat transforme l\u2019\u00e9tape du stage en tremplin vers l\u2019emploi stable \u00bb.<\/span><span data-ccp-props=\"{}\">\u00a0<\/span><\/p>\n<p><span data-ccp-props=\"{}\">\u00a0<\/span><b><span data-contrast=\"auto\">Une vision commune pour l\u2019avenir<\/span><\/b><span data-ccp-props=\"{}\">\u00a0<\/span><\/p>\n<p><span data-contrast=\"auto\">Ce partenariat s\u2019inscrit dans une strat\u00e9gie plus large d\u2019Edvantis pour moderniser l\u2019exp\u00e9rience \u00e9tudiante. Ensemble, Edvantis et Stagiaires.ma red\u00e9finissent les standards de l\u2019insertion professionnelle au Maroc, avec un objectif clair : rapprocher formation et emploi pour cr\u00e9er des carri\u00e8res d\u2019avenir.<\/span><span data-ccp-props=\"{}\">\u00a0<\/span><\/p>\n<p>[\/et_pb_text][\/et_pb_column][\/et_pb_row][\/et_pb_section][et_pb_section fb_built=\u00a0\u00bb1&Prime; _builder_version=\u00a0\u00bb4.9.7&Prime; _module_preset=\u00a0\u00bbdefault\u00a0\u00bb locked=\u00a0\u00bboff\u00a0\u00bb][et_pb_row _builder_version=\u00a0\u00bb4.9.7&Prime; _module_preset=\u00a0\u00bbdefault\u00a0\u00bb][et_pb_column type=\u00a0\u00bb4_4&Prime; _builder_version=\u00a0\u00bb4.9.7&Prime; _module_preset=\u00a0\u00bbdefault\u00a0\u00bb][et_pb_button button_url=\u00a0\u00bbhttps:\/\/isga.ma\/isga\/wp-content\/uploads\/2024\/12\/11.12.2024_CP-Stagiaires.ma-x-Edvantis.pdf\u00a0\u00bb button_text=\u00a0\u00bbLire le communiqu\u00e9 de presse\u00a0\u00bb button_alignment=\u00a0\u00bbcenter\u00a0\u00bb _builder_version=\u00a0\u00bb4.9.7&Prime; _module_preset=\u00a0\u00bbdefault\u00a0\u00bb custom_button=\u00a0\u00bbon\u00a0\u00bb button_border_color=\u00a0\u00bb#E02B20&Prime;][\/et_pb_button][\/et_pb_column][\/et_pb_row][\/et_pb_section]<\/p>\n","protected":false},"excerpt":{"rendered":"<p>Mohamed Daaqili, Directeur P\u00e9dagogique de l\u2019ISGA Campus Marrakech, et Achraf Kharouaa, Directeur de l\u2019Ecole de Management &#038; Relations Ecole-Entreprises de l\u2019ISGA Campus Marrakech, ont partag\u00e9 leurs perspectives aux c\u00f4t\u00e9s de Mouna Bargache, entrepreneuse, et Yassine Abbadi, Coordinateur Provincial de CAEDELs Marrakech, lors d\u2019une discussion relavtive \u00e0 l\u2019entrepreneuriat des jeunes \u00e0 SNRT Radio Marrakech.<\/p>\n","protected":false},"author":4,"featured_media":11415,"comment_status":"closed","ping_status":"closed","sticky":false,"template":"","format":"standard","meta":{"_et_pb_use_builder":"on","_et_pb_old_content":"","_et_gb_content_width":"","content-type":"","footnotes":""},"categories":[38],"tags":[],"class_list":["post-11416","post","type-post","status-publish","format-standard","has-post-thumbnail","hentry","category-presse"],"yoast_head":"<!-- This site is optimized with the Yoast SEO plugin v27.5 - https:\/\/yoast.com\/product\/yoast-seo-wordpress\/ -->\n<title>Edvantis et Stagiaires.ma s\u2019allient pour l\u2019insertion professionnelle des jeunes au Maroc - ISGA Institut Sup\u00e9rieur d&#039;Ing\u00e9nierie &amp; des Affaires<\/title>\n<meta name=\"description\" content=\"Face aux d\u00e9fis croissants du march\u00e9 de l\u2019emploi, Edvantis et Stagiaires.ma, le premier r\u00e9seau africain d\u00e9di\u00e9 aux stages et premiers emplois, annoncent un partenariat strat\u00e9gique. Leur ambition : cr\u00e9er des ponts solides entre le monde acad\u00e9mique et professionnel pour propulser les jeunes talents vers l\u2019avenir.\" \/>\n<meta name=\"robots\" content=\"noindex, follow, max-snippet:-1, max-image-preview:large, max-video-preview:-1\" \/>\n<meta property=\"og:locale\" content=\"fr_FR\" \/>\n<meta property=\"og:type\" content=\"article\" \/>\n<meta property=\"og:title\" content=\"Edvantis et Stagiaires.ma s\u2019allient pour l\u2019insertion professionnelle des jeunes au Maroc - ISGA Institut Sup\u00e9rieur d&#039;Ing\u00e9nierie &amp; des Affaires\" \/>\n<meta property=\"og:description\" content=\"Face aux d\u00e9fis croissants du march\u00e9 de l\u2019emploi, Edvantis et Stagiaires.ma, le premier r\u00e9seau africain d\u00e9di\u00e9 aux stages et premiers emplois, annoncent un partenariat strat\u00e9gique. Leur ambition : cr\u00e9er des ponts solides entre le monde acad\u00e9mique et professionnel pour propulser les jeunes talents vers l\u2019avenir.\" \/>\n<meta property=\"og:url\" content=\"https:\/\/isga.ma\/isga\/edvantis-et-stagiaires-ma-sallient-pour-linsertion-professionnelle-des-jeunes-au-maroc\/\" \/>\n<meta property=\"og:site_name\" content=\"ISGA Institut Sup\u00e9rieur d&#039;Ing\u00e9nierie &amp; des Affaires\" \/>\n<meta property=\"article:published_time\" content=\"2024-12-17T08:04:49+00:00\" \/>\n<meta property=\"article:modified_time\" content=\"2024-12-17T08:20:21+00:00\" \/>\n<meta property=\"og:image\" content=\"https:\/\/isga.ma\/isga\/wp-content\/uploads\/2024\/12\/241216_BLOG_ComLab_Visual.jpg\" \/>\n\t<meta property=\"og:image:width\" content=\"2160\" \/>\n\t<meta property=\"og:image:height\" content=\"1440\" \/>\n\t<meta property=\"og:image:type\" content=\"image\/jpeg\" \/>\n<meta name=\"author\" content=\"Malek Romdhani\" \/>\n<meta name=\"twitter:card\" content=\"summary_large_image\" \/>\n<meta name=\"twitter:label1\" content=\"\u00c9crit par\" \/>\n\t<meta name=\"twitter:data1\" content=\"Malek Romdhani\" \/>\n\t<meta name=\"twitter:label2\" content=\"Dur\u00e9e de lecture estim\u00e9e\" \/>\n\t<meta name=\"twitter:data2\" content=\"2 minutes\" \/>\n<script type=\"application\/ld+json\" class=\"yoast-schema-graph\">{\"@context\":\"https:\\\/\\\/schema.org\",\"@graph\":[{\"@type\":\"Article\",\"@id\":\"https:\\\/\\\/isga.ma\\\/isga\\\/edvantis-et-stagiaires-ma-sallient-pour-linsertion-professionnelle-des-jeunes-au-maroc\\\/#article\",\"isPartOf\":{\"@id\":\"https:\\\/\\\/isga.ma\\\/isga\\\/edvantis-et-stagiaires-ma-sallient-pour-linsertion-professionnelle-des-jeunes-au-maroc\\\/\"},\"author\":{\"name\":\"Malek Romdhani\",\"@id\":\"https:\\\/\\\/isga.ma\\\/isga\\\/#\\\/schema\\\/person\\\/8752aa6e3dc08aa478b2d73aa80be347\"},\"headline\":\"Edvantis et Stagiaires.ma s\u2019allient pour l\u2019insertion professionnelle des jeunes au Maroc\",\"datePublished\":\"2024-12-17T08:04:49+00:00\",\"dateModified\":\"2024-12-17T08:20:21+00:00\",\"mainEntityOfPage\":{\"@id\":\"https:\\\/\\\/isga.ma\\\/isga\\\/edvantis-et-stagiaires-ma-sallient-pour-linsertion-professionnelle-des-jeunes-au-maroc\\\/\"},\"wordCount\":408,\"image\":{\"@id\":\"https:\\\/\\\/isga.ma\\\/isga\\\/edvantis-et-stagiaires-ma-sallient-pour-linsertion-professionnelle-des-jeunes-au-maroc\\\/#primaryimage\"},\"thumbnailUrl\":\"https:\\\/\\\/isga.ma\\\/isga\\\/wp-content\\\/uploads\\\/2024\\\/12\\\/241216_BLOG_ComLab_Visual.jpg\",\"articleSection\":[\"Presse\"],\"inLanguage\":\"fr-FR\"},{\"@type\":\"WebPage\",\"@id\":\"https:\\\/\\\/isga.ma\\\/isga\\\/edvantis-et-stagiaires-ma-sallient-pour-linsertion-professionnelle-des-jeunes-au-maroc\\\/\",\"url\":\"https:\\\/\\\/isga.ma\\\/isga\\\/edvantis-et-stagiaires-ma-sallient-pour-linsertion-professionnelle-des-jeunes-au-maroc\\\/\",\"name\":\"Edvantis et Stagiaires.ma s\u2019allient pour l\u2019insertion professionnelle des jeunes au Maroc - ISGA Institut Sup\u00e9rieur d&#039;Ing\u00e9nierie &amp; des Affaires\",\"isPartOf\":{\"@id\":\"https:\\\/\\\/isga.ma\\\/isga\\\/#website\"},\"primaryImageOfPage\":{\"@id\":\"https:\\\/\\\/isga.ma\\\/isga\\\/edvantis-et-stagiaires-ma-sallient-pour-linsertion-professionnelle-des-jeunes-au-maroc\\\/#primaryimage\"},\"image\":{\"@id\":\"https:\\\/\\\/isga.ma\\\/isga\\\/edvantis-et-stagiaires-ma-sallient-pour-linsertion-professionnelle-des-jeunes-au-maroc\\\/#primaryimage\"},\"thumbnailUrl\":\"https:\\\/\\\/isga.ma\\\/isga\\\/wp-content\\\/uploads\\\/2024\\\/12\\\/241216_BLOG_ComLab_Visual.jpg\",\"datePublished\":\"2024-12-17T08:04:49+00:00\",\"dateModified\":\"2024-12-17T08:20:21+00:00\",\"author\":{\"@id\":\"https:\\\/\\\/isga.ma\\\/isga\\\/#\\\/schema\\\/person\\\/8752aa6e3dc08aa478b2d73aa80be347\"},\"description\":\"Face aux d\u00e9fis croissants du march\u00e9 de l\u2019emploi, Edvantis et Stagiaires.ma, le premier r\u00e9seau africain d\u00e9di\u00e9 aux stages et premiers emplois, annoncent un partenariat strat\u00e9gique. Leur ambition : cr\u00e9er des ponts solides entre le monde acad\u00e9mique et professionnel pour propulser les jeunes talents vers l\u2019avenir.\",\"breadcrumb\":{\"@id\":\"https:\\\/\\\/isga.ma\\\/isga\\\/edvantis-et-stagiaires-ma-sallient-pour-linsertion-professionnelle-des-jeunes-au-maroc\\\/#breadcrumb\"},\"inLanguage\":\"fr-FR\",\"potentialAction\":[{\"@type\":\"ReadAction\",\"target\":[\"https:\\\/\\\/isga.ma\\\/isga\\\/edvantis-et-stagiaires-ma-sallient-pour-linsertion-professionnelle-des-jeunes-au-maroc\\\/\"]}]},{\"@type\":\"ImageObject\",\"inLanguage\":\"fr-FR\",\"@id\":\"https:\\\/\\\/isga.ma\\\/isga\\\/edvantis-et-stagiaires-ma-sallient-pour-linsertion-professionnelle-des-jeunes-au-maroc\\\/#primaryimage\",\"url\":\"https:\\\/\\\/isga.ma\\\/isga\\\/wp-content\\\/uploads\\\/2024\\\/12\\\/241216_BLOG_ComLab_Visual.jpg\",\"contentUrl\":\"https:\\\/\\\/isga.ma\\\/isga\\\/wp-content\\\/uploads\\\/2024\\\/12\\\/241216_BLOG_ComLab_Visual.jpg\",\"width\":2160,\"height\":1440},{\"@type\":\"BreadcrumbList\",\"@id\":\"https:\\\/\\\/isga.ma\\\/isga\\\/edvantis-et-stagiaires-ma-sallient-pour-linsertion-professionnelle-des-jeunes-au-maroc\\\/#breadcrumb\",\"itemListElement\":[{\"@type\":\"ListItem\",\"position\":1,\"name\":\"Accueil\",\"item\":\"https:\\\/\\\/isga.ma\\\/isga\\\/\"},{\"@type\":\"ListItem\",\"position\":2,\"name\":\"Edvantis et Stagiaires.ma s\u2019allient pour l\u2019insertion professionnelle des jeunes au Maroc\"}]},{\"@type\":\"WebSite\",\"@id\":\"https:\\\/\\\/isga.ma\\\/isga\\\/#website\",\"url\":\"https:\\\/\\\/isga.ma\\\/isga\\\/\",\"name\":\"ISGA Institut Sup\u00e9rieur d&#039;Ing\u00e9nierie &amp; des Affaires\",\"description\":\"Le chemin de la r\u00e9ussite depuis 1981\",\"potentialAction\":[{\"@type\":\"SearchAction\",\"target\":{\"@type\":\"EntryPoint\",\"urlTemplate\":\"https:\\\/\\\/isga.ma\\\/isga\\\/?s={search_term_string}\"},\"query-input\":{\"@type\":\"PropertyValueSpecification\",\"valueRequired\":true,\"valueName\":\"search_term_string\"}}],\"inLanguage\":\"fr-FR\"},{\"@type\":\"Person\",\"@id\":\"https:\\\/\\\/isga.ma\\\/isga\\\/#\\\/schema\\\/person\\\/8752aa6e3dc08aa478b2d73aa80be347\",\"name\":\"Malek Romdhani\",\"image\":{\"@type\":\"ImageObject\",\"inLanguage\":\"fr-FR\",\"@id\":\"https:\\\/\\\/secure.gravatar.com\\\/avatar\\\/dea94204f02b6c9a0265901123d687d8534af381e16f4301431378e641f8d838?s=96&d=mm&r=g\",\"url\":\"https:\\\/\\\/secure.gravatar.com\\\/avatar\\\/dea94204f02b6c9a0265901123d687d8534af381e16f4301431378e641f8d838?s=96&d=mm&r=g\",\"contentUrl\":\"https:\\\/\\\/secure.gravatar.com\\\/avatar\\\/dea94204f02b6c9a0265901123d687d8534af381e16f4301431378e641f8d838?s=96&d=mm&r=g\",\"caption\":\"Malek Romdhani\"},\"url\":\"https:\\\/\\\/isga.ma\\\/isga\\\/author\\\/romdhaniaivancity-ai\\\/\"}]}<\/script>\n<!-- \/ Yoast SEO plugin. -->","yoast_head_json":{"title":"Edvantis et Stagiaires.ma s\u2019allient pour l\u2019insertion professionnelle des jeunes au Maroc - ISGA Institut Sup\u00e9rieur d&#039;Ing\u00e9nierie &amp; des Affaires","description":"Face aux d\u00e9fis croissants du march\u00e9 de l\u2019emploi, Edvantis et Stagiaires.ma, le premier r\u00e9seau africain d\u00e9di\u00e9 aux stages et premiers emplois, annoncent un partenariat strat\u00e9gique. Leur ambition : cr\u00e9er des ponts solides entre le monde acad\u00e9mique et professionnel pour propulser les jeunes talents vers l\u2019avenir.","robots":{"index":"noindex","follow":"follow","max-snippet":"max-snippet:-1","max-image-preview":"max-image-preview:large","max-video-preview":"max-video-preview:-1"},"og_locale":"fr_FR","og_type":"article","og_title":"Edvantis et Stagiaires.ma s\u2019allient pour l\u2019insertion professionnelle des jeunes au Maroc - ISGA Institut Sup\u00e9rieur d&#039;Ing\u00e9nierie &amp; des Affaires","og_description":"Face aux d\u00e9fis croissants du march\u00e9 de l\u2019emploi, Edvantis et Stagiaires.ma, le premier r\u00e9seau africain d\u00e9di\u00e9 aux stages et premiers emplois, annoncent un partenariat strat\u00e9gique. Leur ambition : cr\u00e9er des ponts solides entre le monde acad\u00e9mique et professionnel pour propulser les jeunes talents vers l\u2019avenir.","og_url":"https:\/\/isga.ma\/isga\/edvantis-et-stagiaires-ma-sallient-pour-linsertion-professionnelle-des-jeunes-au-maroc\/","og_site_name":"ISGA Institut Sup\u00e9rieur d&#039;Ing\u00e9nierie &amp; des Affaires","article_published_time":"2024-12-17T08:04:49+00:00","article_modified_time":"2024-12-17T08:20:21+00:00","og_image":[{"width":2160,"height":1440,"url":"https:\/\/isga.ma\/isga\/wp-content\/uploads\/2024\/12\/241216_BLOG_ComLab_Visual.jpg","type":"image\/jpeg"}],"author":"Malek Romdhani","twitter_card":"summary_large_image","twitter_misc":{"\u00c9crit par":"Malek Romdhani","Dur\u00e9e de lecture estim\u00e9e":"2 minutes"},"schema":{"@context":"https:\/\/schema.org","@graph":[{"@type":"Article","@id":"https:\/\/isga.ma\/isga\/edvantis-et-stagiaires-ma-sallient-pour-linsertion-professionnelle-des-jeunes-au-maroc\/#article","isPartOf":{"@id":"https:\/\/isga.ma\/isga\/edvantis-et-stagiaires-ma-sallient-pour-linsertion-professionnelle-des-jeunes-au-maroc\/"},"author":{"name":"Malek Romdhani","@id":"https:\/\/isga.ma\/isga\/#\/schema\/person\/8752aa6e3dc08aa478b2d73aa80be347"},"headline":"Edvantis et Stagiaires.ma s\u2019allient pour l\u2019insertion professionnelle des jeunes au Maroc","datePublished":"2024-12-17T08:04:49+00:00","dateModified":"2024-12-17T08:20:21+00:00","mainEntityOfPage":{"@id":"https:\/\/isga.ma\/isga\/edvantis-et-stagiaires-ma-sallient-pour-linsertion-professionnelle-des-jeunes-au-maroc\/"},"wordCount":408,"image":{"@id":"https:\/\/isga.ma\/isga\/edvantis-et-stagiaires-ma-sallient-pour-linsertion-professionnelle-des-jeunes-au-maroc\/#primaryimage"},"thumbnailUrl":"https:\/\/isga.ma\/isga\/wp-content\/uploads\/2024\/12\/241216_BLOG_ComLab_Visual.jpg","articleSection":["Presse"],"inLanguage":"fr-FR"},{"@type":"WebPage","@id":"https:\/\/isga.ma\/isga\/edvantis-et-stagiaires-ma-sallient-pour-linsertion-professionnelle-des-jeunes-au-maroc\/","url":"https:\/\/isga.ma\/isga\/edvantis-et-stagiaires-ma-sallient-pour-linsertion-professionnelle-des-jeunes-au-maroc\/","name":"Edvantis et Stagiaires.ma s\u2019allient pour l\u2019insertion professionnelle des jeunes au Maroc - ISGA Institut Sup\u00e9rieur d&#039;Ing\u00e9nierie &amp; des Affaires","isPartOf":{"@id":"https:\/\/isga.ma\/isga\/#website"},"primaryImageOfPage":{"@id":"https:\/\/isga.ma\/isga\/edvantis-et-stagiaires-ma-sallient-pour-linsertion-professionnelle-des-jeunes-au-maroc\/#primaryimage"},"image":{"@id":"https:\/\/isga.ma\/isga\/edvantis-et-stagiaires-ma-sallient-pour-linsertion-professionnelle-des-jeunes-au-maroc\/#primaryimage"},"thumbnailUrl":"https:\/\/isga.ma\/isga\/wp-content\/uploads\/2024\/12\/241216_BLOG_ComLab_Visual.jpg","datePublished":"2024-12-17T08:04:49+00:00","dateModified":"2024-12-17T08:20:21+00:00","author":{"@id":"https:\/\/isga.ma\/isga\/#\/schema\/person\/8752aa6e3dc08aa478b2d73aa80be347"},"description":"Face aux d\u00e9fis croissants du march\u00e9 de l\u2019emploi, Edvantis et Stagiaires.ma, le premier r\u00e9seau africain d\u00e9di\u00e9 aux stages et premiers emplois, annoncent un partenariat strat\u00e9gique. Leur ambition : cr\u00e9er des ponts solides entre le monde acad\u00e9mique et professionnel pour propulser les jeunes talents vers l\u2019avenir.","breadcrumb":{"@id":"https:\/\/isga.ma\/isga\/edvantis-et-stagiaires-ma-sallient-pour-linsertion-professionnelle-des-jeunes-au-maroc\/#breadcrumb"},"inLanguage":"fr-FR","potentialAction":[{"@type":"ReadAction","target":["https:\/\/isga.ma\/isga\/edvantis-et-stagiaires-ma-sallient-pour-linsertion-professionnelle-des-jeunes-au-maroc\/"]}]},{"@type":"ImageObject","inLanguage":"fr-FR","@id":"https:\/\/isga.ma\/isga\/edvantis-et-stagiaires-ma-sallient-pour-linsertion-professionnelle-des-jeunes-au-maroc\/#primaryimage","url":"https:\/\/isga.ma\/isga\/wp-content\/uploads\/2024\/12\/241216_BLOG_ComLab_Visual.jpg","contentUrl":"https:\/\/isga.ma\/isga\/wp-content\/uploads\/2024\/12\/241216_BLOG_ComLab_Visual.jpg","width":2160,"height":1440},{"@type":"BreadcrumbList","@id":"https:\/\/isga.ma\/isga\/edvantis-et-stagiaires-ma-sallient-pour-linsertion-professionnelle-des-jeunes-au-maroc\/#breadcrumb","itemListElement":[{"@type":"ListItem","position":1,"name":"Accueil","item":"https:\/\/isga.ma\/isga\/"},{"@type":"ListItem","position":2,"name":"Edvantis et Stagiaires.ma s\u2019allient pour l\u2019insertion professionnelle des jeunes au Maroc"}]},{"@type":"WebSite","@id":"https:\/\/isga.ma\/isga\/#website","url":"https:\/\/isga.ma\/isga\/","name":"ISGA Institut Sup\u00e9rieur d&#039;Ing\u00e9nierie &amp; des Affaires","description":"Le chemin de la r\u00e9ussite depuis 1981","potentialAction":[{"@type":"SearchAction","target":{"@type":"EntryPoint","urlTemplate":"https:\/\/isga.ma\/isga\/?s={search_term_string}"},"query-input":{"@type":"PropertyValueSpecification","valueRequired":true,"valueName":"search_term_string"}}],"inLanguage":"fr-FR"},{"@type":"Person","@id":"https:\/\/isga.ma\/isga\/#\/schema\/person\/8752aa6e3dc08aa478b2d73aa80be347","name":"Malek Romdhani","image":{"@type":"ImageObject","inLanguage":"fr-FR","@id":"https:\/\/secure.gravatar.com\/avatar\/dea94204f02b6c9a0265901123d687d8534af381e16f4301431378e641f8d838?s=96&d=mm&r=g","url":"https:\/\/secure.gravatar.com\/avatar\/dea94204f02b6c9a0265901123d687d8534af381e16f4301431378e641f8d838?s=96&d=mm&r=g","contentUrl":"https:\/\/secure.gravatar.com\/avatar\/dea94204f02b6c9a0265901123d687d8534af381e16f4301431378e641f8d838?s=96&d=mm&r=g","caption":"Malek Romdhani"},"url":"https:\/\/isga.ma\/isga\/author\/romdhaniaivancity-ai\/"}]}},"_links":{"self":[{"href":"https:\/\/isga.ma\/isga\/wp-json\/wp\/v2\/posts\/11416","targetHints":{"allow":["GET"]}}],"collection":[{"href":"https:\/\/isga.ma\/isga\/wp-json\/wp\/v2\/posts"}],"about":[{"href":"https:\/\/isga.ma\/isga\/wp-json\/wp\/v2\/types\/post"}],"author":[{"embeddable":true,"href":"https:\/\/isga.ma\/isga\/wp-json\/wp\/v2\/users\/4"}],"replies":[{"embeddable":true,"href":"https:\/\/isga.ma\/isga\/wp-json\/wp\/v2\/comments?post=11416"}],"version-history":[{"count":7,"href":"https:\/\/isga.ma\/isga\/wp-json\/wp\/v2\/posts\/11416\/revisions"}],"predecessor-version":[{"id":11430,"href":"https:\/\/isga.ma\/isga\/wp-json\/wp\/v2\/posts\/11416\/revisions\/11430"}],"wp:featuredmedia":[{"embeddable":true,"href":"https:\/\/isga.ma\/isga\/wp-json\/wp\/v2\/media\/11415"}],"wp:attachment":[{"href":"https:\/\/isga.ma\/isga\/wp-json\/wp\/v2\/media?parent=11416"}],"wp:term":[{"taxonomy":"category","embeddable":true,"href":"https:\/\/isga.ma\/isga\/wp-json\/wp\/v2\/categories?post=11416"},{"taxonomy":"post_tag","embeddable":true,"href":"https:\/\/isga.ma\/isga\/wp-json\/wp\/v2\/tags?post=11416"}],"curies":[{"name":"wp","href":"https:\/\/api.w.org\/{rel}","templated":true}]}}