{"id":11767,"date":"2025-04-22T12:08:25","date_gmt":"2025-04-22T10:08:25","guid":{"rendered":"https:\/\/isga.ma\/isga\/?p=11767"},"modified":"2025-04-24T08:12:26","modified_gmt":"2025-04-24T06:12:26","slug":"retour-sur-la-ceremonie-de-partenariats-du-10-avril","status":"publish","type":"post","link":"https:\/\/isga.ma\/isga\/retour-sur-la-ceremonie-de-partenariats-du-10-avril\/","title":{"rendered":"Retour sur la c\u00e9r\u00e9monie de partenariats du 10 avril"},"content":{"rendered":"<p>[et_pb_section fb_built=\u00a0\u00bb1&Prime; _builder_version=\u00a0\u00bb3.22&Prime; locked=\u00a0\u00bboff\u00a0\u00bb][et_pb_row _builder_version=\u00a0\u00bb4.9.7&Prime; background_size=\u00a0\u00bbinitial\u00a0\u00bb background_position=\u00a0\u00bbtop_left\u00a0\u00bb background_repeat=\u00a0\u00bbrepeat\u00a0\u00bb custom_margin=\u00a0\u00bb||||false|false\u00a0\u00bb custom_padding=\u00a0\u00bb||||false|false\u00a0\u00bb][et_pb_column type=\u00a0\u00bb4_4&Prime; _builder_version=\u00a0\u00bb3.25&Prime; custom_padding=\u00a0\u00bb|||\u00a0\u00bb custom_padding__hover=\u00a0\u00bb|||\u00a0\u00bb][et_pb_text _builder_version=\u00a0\u00bb4.9.7&Prime; background_size=\u00a0\u00bbinitial\u00a0\u00bb background_position=\u00a0\u00bbtop_left\u00a0\u00bb background_repeat=\u00a0\u00bbrepeat\u00a0\u00bb text_orientation=\u00a0\u00bbjustified\u00a0\u00bb custom_margin=\u00a0\u00bb||40px||false|false\u00a0\u00bb]<\/p>\n<p>Le jeudi 10 avril dernier, Edvantis a accueilli sur son campus d\u2019Art\u2019Com Sup une quinzaine de partenaires \u2014 entreprises et \u00e9tablissements acad\u00e9miques \u2014 pour une c\u00e9r\u00e9monie d\u00e9di\u00e9e \u00e0 la signature de conventions strat\u00e9giques avec ses \u00e9coles Art\u2019Com, Com\u2019Sup, ISGA \u00c9cole d\u2019ing\u00e9nieur.e.s et ISGA \u00c9cole de Management. Une rencontre plac\u00e9e sous le signe de la collaboration, de l&rsquo;engagement, et de l&rsquo;avenir professionnel de nos \u00e9tudiants.<\/p>\n<h2>Une c\u00e9r\u00e9monie plac\u00e9e sous le signe de la synergie<\/h2>\n<p>Anim\u00e9e par Tawhid Chtioui, pr\u00e9sident du groupe Edvantis, la c\u00e9r\u00e9monie a r\u00e9uni 15 acteurs aux expertises vari\u00e9es, venus officialiser leur engagement aux c\u00f4t\u00e9s de nos \u00e9coles. Leur point commun ? Une volont\u00e9 commune de contribuer \u00e0 la mont\u00e9e en comp\u00e9tences des talents de demain et de rapprocher le monde acad\u00e9mique de celui de l\u2019entreprise.<\/p>\n<h2>Des partenaires engag\u00e9s<\/h2>\n<p>Deux partenaires acad\u00e9miques ont r\u00e9pondu pr\u00e9sents :<\/p>\n<ul>\n<li><strong>ENCG Casablanca<\/strong><\/li>\n<li><strong>ESTB<\/strong><\/li>\n<\/ul>\n<p>\u00c0 leurs c\u00f4t\u00e9s, treize entreprises, agences et studios ont rejoint cette dynamique collective :<\/p>\n<ul>\n<li><strong>Pass<\/strong> \u2014 Relations Publiques<\/li>\n<li><strong>WonderDay<\/strong> \u2014 Solutions de Gestion<\/li>\n<li><strong>BlueNet Services<\/strong> \u2014 Services de Nettoyage<\/li>\n<li><strong>BS2M<\/strong> \u2014 Agence Digitale<\/li>\n<li><strong>Comp\u00e9tence Plus<\/strong> \u2014 Business Coaching &amp; Consulting<\/li>\n<li><strong>Concerto<\/strong> \u2014 Affaires Publiques<\/li>\n<li><strong>Avant Sc\u00e8ne<\/strong> \u2014 Conseil en Communication \u00c9v\u00e9nementielle<\/li>\n<li><strong>AD3F<\/strong> \u2014 Bureau d\u2019\u00e9tude sp\u00e9cialiste en agencement sur mesure et mobilier<\/li>\n<li><strong>Hors Lignes<\/strong> \u2014 Agence de Communication Strat\u00e9gique<\/li>\n<li><strong>IAgency<\/strong> \u2014 Conseil en Communication sp\u00e9cialis\u00e9e en Intelligence Artificielle<\/li>\n<li><strong>Onys<\/strong> \u2014 Studio Cr\u00e9atif<\/li>\n<li><strong><a href=\"http:\/\/Stagiaires.ma\">Stagiaires.ma<\/a><\/strong> \u2014 Plateforme de mise en relation entre stagiaires et recruteurs<\/li>\n<li><strong>Installator<\/strong> \u2014 Am\u00e9nagement &amp; Design<\/li>\n<\/ul>\n<h2>Des partenariats au service des \u00e9tudiants<\/h2>\n<p>Ces nouvelles collaborations ont un objectif clair : <strong>renforcer l\u2019insertion professionnelle de nos \u00e9tudiants<\/strong>, tout en enrichissant nos programmes de formations. En int\u00e9grant les r\u00e9alit\u00e9s du terrain et les besoins des entreprises, Edvantis poursuit sa mission : former des profils op\u00e9rationnels, engag\u00e9s et en phase avec les d\u00e9fis contemporains.<\/p>\n<p>Ce moment symbolique marque le d\u00e9but d\u2019une s\u00e9rie d\u2019actions concr\u00e8tes : interventions de professionnels, projets collaboratifs, stages, offres d\u2019emploi, mentorat, et plus encore.<\/p>\n<h2>Une vision partag\u00e9e<\/h2>\n<p>Au-del\u00e0 de la signature de conventions, cette c\u00e9r\u00e9monie incarne une vision commune : celle d\u2019une <strong>formation ancr\u00e9e dans le r\u00e9el<\/strong>, en lien direct avec les enjeux \u00e9conomiques, technologiques et sociaux. Elle confirme \u00e9galement le positionnement d\u2019Edvantis comme un acteur engag\u00e9 dans le d\u00e9veloppement de l\u2019\u00e9cosyst\u00e8me \u00e9ducatif et professionnel, au Maroc et au-del\u00e0.<\/p>\n<p style=\"text-align: justify;\"><!-- notionvc: bc7d5674-6ff7-490f-9180-d6409b2e8e13 --><\/p>\n<p><!-- notionvc: a2094d0b-7bc7-41c8-9462-8cf49f3954af --><\/p>\n<p>[\/et_pb_text][et_pb_gallery gallery_ids=\u00a0\u00bb11785,11786,11787,11788,11789,11790,11791,11792,11793,11794,11795,11796,11797,11798,11799,11800,11801,11802,11803,11804,11805,11806,11807,11808&Prime; posts_number=\u00a0\u00bb50&Prime; orientation=\u00a0\u00bbportrait\u00a0\u00bb show_title_and_caption=\u00a0\u00bboff\u00a0\u00bb show_pagination=\u00a0\u00bboff\u00a0\u00bb _builder_version=\u00a0\u00bb4.9.7&Prime; _module_preset=\u00a0\u00bbdefault\u00a0\u00bb hover_enabled=\u00a0\u00bb0&Prime; sticky_enabled=\u00a0\u00bb0&Prime;][\/et_pb_gallery][\/et_pb_column][\/et_pb_row][\/et_pb_section]<\/p>\n","protected":false},"excerpt":{"rendered":"<p>Le jeudi 10 avril dernier, Edvantis a accueilli sur son campus d\u2019Art\u2019Com Sup une quinzaine de partenaires \u2014 entreprises et \u00e9tablissements acad\u00e9miques \u2014 pour une c\u00e9r\u00e9monie d\u00e9di\u00e9e \u00e0 la signature de conventions strat\u00e9giques avec ses \u00e9coles Art\u2019Com, Com\u2019Sup, ISGA \u00c9cole d\u2019ing\u00e9nieur.e.s et ISGA \u00c9cole de Management.<\/p>\n","protected":false},"author":4,"featured_media":11782,"comment_status":"closed","ping_status":"closed","sticky":false,"template":"","format":"standard","meta":{"_et_pb_use_builder":"on","_et_pb_old_content":"","_et_gb_content_width":"","content-type":"","footnotes":""},"categories":[36],"tags":[],"class_list":["post-11767","post","type-post","status-publish","format-standard","has-post-thumbnail","hentry","category-actualite"],"yoast_head":"<!-- This site is optimized with the Yoast SEO plugin v27.5 - https:\/\/yoast.com\/product\/yoast-seo-wordpress\/ -->\n<title>Retour sur la c\u00e9r\u00e9monie de partenariats du 10 avril - ISGA Institut Sup\u00e9rieur d&#039;Ing\u00e9nierie &amp; des Affaires<\/title>\n<meta name=\"description\" content=\"Le jeudi 10 avril dernier, Edvantis a accueilli sur son campus d\u2019Art\u2019Com Sup une quinzaine de partenaires \u2014 entreprises et \u00e9tablissements acad\u00e9miques \u2014 pour une c\u00e9r\u00e9monie d\u00e9di\u00e9e \u00e0 la signature de conventions strat\u00e9giques avec ses \u00e9coles Art\u2019Com, Com\u2019Sup, ISGA \u00c9cole d\u2019ing\u00e9nieur.e.s et ISGA \u00c9cole de Management.\" \/>\n<meta name=\"robots\" content=\"noindex, follow, max-snippet:-1, max-image-preview:large, max-video-preview:-1\" \/>\n<meta property=\"og:locale\" content=\"fr_FR\" \/>\n<meta property=\"og:type\" content=\"article\" \/>\n<meta property=\"og:title\" content=\"Retour sur la c\u00e9r\u00e9monie de partenariats du 10 avril - ISGA Institut Sup\u00e9rieur d&#039;Ing\u00e9nierie &amp; des Affaires\" \/>\n<meta property=\"og:description\" content=\"Le jeudi 10 avril dernier, Edvantis a accueilli sur son campus d\u2019Art\u2019Com Sup une quinzaine de partenaires \u2014 entreprises et \u00e9tablissements acad\u00e9miques \u2014 pour une c\u00e9r\u00e9monie d\u00e9di\u00e9e \u00e0 la signature de conventions strat\u00e9giques avec ses \u00e9coles Art\u2019Com, Com\u2019Sup, ISGA \u00c9cole d\u2019ing\u00e9nieur.e.s et ISGA \u00c9cole de Management.\" \/>\n<meta property=\"og:url\" content=\"https:\/\/isga.ma\/isga\/retour-sur-la-ceremonie-de-partenariats-du-10-avril\/\" \/>\n<meta property=\"og:site_name\" content=\"ISGA Institut Sup\u00e9rieur d&#039;Ing\u00e9nierie &amp; des Affaires\" \/>\n<meta property=\"article:published_time\" content=\"2025-04-22T10:08:25+00:00\" \/>\n<meta property=\"article:modified_time\" content=\"2025-04-24T06:12:26+00:00\" \/>\n<meta property=\"og:image\" content=\"https:\/\/isga.ma\/isga\/wp-content\/uploads\/2025\/04\/LogosPartenaires-scaled.jpg\" \/>\n\t<meta property=\"og:image:width\" content=\"2560\" \/>\n\t<meta property=\"og:image:height\" content=\"1440\" \/>\n\t<meta property=\"og:image:type\" content=\"image\/jpeg\" \/>\n<meta name=\"author\" content=\"Malek Romdhani\" \/>\n<meta name=\"twitter:card\" content=\"summary_large_image\" \/>\n<meta name=\"twitter:label1\" content=\"\u00c9crit par\" \/>\n\t<meta name=\"twitter:data1\" content=\"Malek Romdhani\" \/>\n\t<meta name=\"twitter:label2\" content=\"Dur\u00e9e de lecture estim\u00e9e\" \/>\n\t<meta name=\"twitter:data2\" content=\"7 minutes\" \/>\n<script type=\"application\/ld+json\" class=\"yoast-schema-graph\">{\"@context\":\"https:\\\/\\\/schema.org\",\"@graph\":[{\"@type\":\"Article\",\"@id\":\"https:\\\/\\\/isga.ma\\\/isga\\\/retour-sur-la-ceremonie-de-partenariats-du-10-avril\\\/#article\",\"isPartOf\":{\"@id\":\"https:\\\/\\\/isga.ma\\\/isga\\\/retour-sur-la-ceremonie-de-partenariats-du-10-avril\\\/\"},\"author\":{\"name\":\"Malek Romdhani\",\"@id\":\"https:\\\/\\\/isga.ma\\\/isga\\\/#\\\/schema\\\/person\\\/8752aa6e3dc08aa478b2d73aa80be347\"},\"headline\":\"Retour sur la c\u00e9r\u00e9monie de partenariats du 10 avril\",\"datePublished\":\"2025-04-22T10:08:25+00:00\",\"dateModified\":\"2025-04-24T06:12:26+00:00\",\"mainEntityOfPage\":{\"@id\":\"https:\\\/\\\/isga.ma\\\/isga\\\/retour-sur-la-ceremonie-de-partenariats-du-10-avril\\\/\"},\"wordCount\":535,\"image\":{\"@id\":\"https:\\\/\\\/isga.ma\\\/isga\\\/retour-sur-la-ceremonie-de-partenariats-du-10-avril\\\/#primaryimage\"},\"thumbnailUrl\":\"https:\\\/\\\/isga.ma\\\/isga\\\/wp-content\\\/uploads\\\/2025\\\/04\\\/LogosPartenaires-scaled.jpg\",\"articleSection\":[\"Actualit\u00e9\"],\"inLanguage\":\"fr-FR\"},{\"@type\":\"WebPage\",\"@id\":\"https:\\\/\\\/isga.ma\\\/isga\\\/retour-sur-la-ceremonie-de-partenariats-du-10-avril\\\/\",\"url\":\"https:\\\/\\\/isga.ma\\\/isga\\\/retour-sur-la-ceremonie-de-partenariats-du-10-avril\\\/\",\"name\":\"Retour sur la c\u00e9r\u00e9monie de partenariats du 10 avril - ISGA Institut Sup\u00e9rieur d&#039;Ing\u00e9nierie &amp; des Affaires\",\"isPartOf\":{\"@id\":\"https:\\\/\\\/isga.ma\\\/isga\\\/#website\"},\"primaryImageOfPage\":{\"@id\":\"https:\\\/\\\/isga.ma\\\/isga\\\/retour-sur-la-ceremonie-de-partenariats-du-10-avril\\\/#primaryimage\"},\"image\":{\"@id\":\"https:\\\/\\\/isga.ma\\\/isga\\\/retour-sur-la-ceremonie-de-partenariats-du-10-avril\\\/#primaryimage\"},\"thumbnailUrl\":\"https:\\\/\\\/isga.ma\\\/isga\\\/wp-content\\\/uploads\\\/2025\\\/04\\\/LogosPartenaires-scaled.jpg\",\"datePublished\":\"2025-04-22T10:08:25+00:00\",\"dateModified\":\"2025-04-24T06:12:26+00:00\",\"author\":{\"@id\":\"https:\\\/\\\/isga.ma\\\/isga\\\/#\\\/schema\\\/person\\\/8752aa6e3dc08aa478b2d73aa80be347\"},\"description\":\"Le jeudi 10 avril dernier, Edvantis a accueilli sur son campus d\u2019Art\u2019Com Sup une quinzaine de partenaires \u2014 entreprises et \u00e9tablissements acad\u00e9miques \u2014 pour une c\u00e9r\u00e9monie d\u00e9di\u00e9e \u00e0 la signature de conventions strat\u00e9giques avec ses \u00e9coles Art\u2019Com, Com\u2019Sup, ISGA \u00c9cole d\u2019ing\u00e9nieur.e.s et ISGA \u00c9cole de Management.\",\"breadcrumb\":{\"@id\":\"https:\\\/\\\/isga.ma\\\/isga\\\/retour-sur-la-ceremonie-de-partenariats-du-10-avril\\\/#breadcrumb\"},\"inLanguage\":\"fr-FR\",\"potentialAction\":[{\"@type\":\"ReadAction\",\"target\":[\"https:\\\/\\\/isga.ma\\\/isga\\\/retour-sur-la-ceremonie-de-partenariats-du-10-avril\\\/\"]}]},{\"@type\":\"ImageObject\",\"inLanguage\":\"fr-FR\",\"@id\":\"https:\\\/\\\/isga.ma\\\/isga\\\/retour-sur-la-ceremonie-de-partenariats-du-10-avril\\\/#primaryimage\",\"url\":\"https:\\\/\\\/isga.ma\\\/isga\\\/wp-content\\\/uploads\\\/2025\\\/04\\\/LogosPartenaires-scaled.jpg\",\"contentUrl\":\"https:\\\/\\\/isga.ma\\\/isga\\\/wp-content\\\/uploads\\\/2025\\\/04\\\/LogosPartenaires-scaled.jpg\",\"width\":2560,\"height\":1440},{\"@type\":\"BreadcrumbList\",\"@id\":\"https:\\\/\\\/isga.ma\\\/isga\\\/retour-sur-la-ceremonie-de-partenariats-du-10-avril\\\/#breadcrumb\",\"itemListElement\":[{\"@type\":\"ListItem\",\"position\":1,\"name\":\"Accueil\",\"item\":\"https:\\\/\\\/isga.ma\\\/isga\\\/\"},{\"@type\":\"ListItem\",\"position\":2,\"name\":\"Retour sur la c\u00e9r\u00e9monie de partenariats du 10 avril\"}]},{\"@type\":\"WebSite\",\"@id\":\"https:\\\/\\\/isga.ma\\\/isga\\\/#website\",\"url\":\"https:\\\/\\\/isga.ma\\\/isga\\\/\",\"name\":\"ISGA Institut Sup\u00e9rieur d&#039;Ing\u00e9nierie &amp; des Affaires\",\"description\":\"Le chemin de la r\u00e9ussite depuis 1981\",\"potentialAction\":[{\"@type\":\"SearchAction\",\"target\":{\"@type\":\"EntryPoint\",\"urlTemplate\":\"https:\\\/\\\/isga.ma\\\/isga\\\/?s={search_term_string}\"},\"query-input\":{\"@type\":\"PropertyValueSpecification\",\"valueRequired\":true,\"valueName\":\"search_term_string\"}}],\"inLanguage\":\"fr-FR\"},{\"@type\":\"Person\",\"@id\":\"https:\\\/\\\/isga.ma\\\/isga\\\/#\\\/schema\\\/person\\\/8752aa6e3dc08aa478b2d73aa80be347\",\"name\":\"Malek Romdhani\",\"image\":{\"@type\":\"ImageObject\",\"inLanguage\":\"fr-FR\",\"@id\":\"https:\\\/\\\/secure.gravatar.com\\\/avatar\\\/dea94204f02b6c9a0265901123d687d8534af381e16f4301431378e641f8d838?s=96&d=mm&r=g\",\"url\":\"https:\\\/\\\/secure.gravatar.com\\\/avatar\\\/dea94204f02b6c9a0265901123d687d8534af381e16f4301431378e641f8d838?s=96&d=mm&r=g\",\"contentUrl\":\"https:\\\/\\\/secure.gravatar.com\\\/avatar\\\/dea94204f02b6c9a0265901123d687d8534af381e16f4301431378e641f8d838?s=96&d=mm&r=g\",\"caption\":\"Malek Romdhani\"},\"url\":\"https:\\\/\\\/isga.ma\\\/isga\\\/author\\\/romdhaniaivancity-ai\\\/\"}]}<\/script>\n<!-- \/ Yoast SEO plugin. -->","yoast_head_json":{"title":"Retour sur la c\u00e9r\u00e9monie de partenariats du 10 avril - ISGA Institut Sup\u00e9rieur d&#039;Ing\u00e9nierie &amp; des Affaires","description":"Le jeudi 10 avril dernier, Edvantis a accueilli sur son campus d\u2019Art\u2019Com Sup une quinzaine de partenaires \u2014 entreprises et \u00e9tablissements acad\u00e9miques \u2014 pour une c\u00e9r\u00e9monie d\u00e9di\u00e9e \u00e0 la signature de conventions strat\u00e9giques avec ses \u00e9coles Art\u2019Com, Com\u2019Sup, ISGA \u00c9cole d\u2019ing\u00e9nieur.e.s et ISGA \u00c9cole de Management.","robots":{"index":"noindex","follow":"follow","max-snippet":"max-snippet:-1","max-image-preview":"max-image-preview:large","max-video-preview":"max-video-preview:-1"},"og_locale":"fr_FR","og_type":"article","og_title":"Retour sur la c\u00e9r\u00e9monie de partenariats du 10 avril - ISGA Institut Sup\u00e9rieur d&#039;Ing\u00e9nierie &amp; des Affaires","og_description":"Le jeudi 10 avril dernier, Edvantis a accueilli sur son campus d\u2019Art\u2019Com Sup une quinzaine de partenaires \u2014 entreprises et \u00e9tablissements acad\u00e9miques \u2014 pour une c\u00e9r\u00e9monie d\u00e9di\u00e9e \u00e0 la signature de conventions strat\u00e9giques avec ses \u00e9coles Art\u2019Com, Com\u2019Sup, ISGA \u00c9cole d\u2019ing\u00e9nieur.e.s et ISGA \u00c9cole de Management.","og_url":"https:\/\/isga.ma\/isga\/retour-sur-la-ceremonie-de-partenariats-du-10-avril\/","og_site_name":"ISGA Institut Sup\u00e9rieur d&#039;Ing\u00e9nierie &amp; des Affaires","article_published_time":"2025-04-22T10:08:25+00:00","article_modified_time":"2025-04-24T06:12:26+00:00","og_image":[{"width":2560,"height":1440,"url":"https:\/\/isga.ma\/isga\/wp-content\/uploads\/2025\/04\/LogosPartenaires-scaled.jpg","type":"image\/jpeg"}],"author":"Malek Romdhani","twitter_card":"summary_large_image","twitter_misc":{"\u00c9crit par":"Malek Romdhani","Dur\u00e9e de lecture estim\u00e9e":"7 minutes"},"schema":{"@context":"https:\/\/schema.org","@graph":[{"@type":"Article","@id":"https:\/\/isga.ma\/isga\/retour-sur-la-ceremonie-de-partenariats-du-10-avril\/#article","isPartOf":{"@id":"https:\/\/isga.ma\/isga\/retour-sur-la-ceremonie-de-partenariats-du-10-avril\/"},"author":{"name":"Malek Romdhani","@id":"https:\/\/isga.ma\/isga\/#\/schema\/person\/8752aa6e3dc08aa478b2d73aa80be347"},"headline":"Retour sur la c\u00e9r\u00e9monie de partenariats du 10 avril","datePublished":"2025-04-22T10:08:25+00:00","dateModified":"2025-04-24T06:12:26+00:00","mainEntityOfPage":{"@id":"https:\/\/isga.ma\/isga\/retour-sur-la-ceremonie-de-partenariats-du-10-avril\/"},"wordCount":535,"image":{"@id":"https:\/\/isga.ma\/isga\/retour-sur-la-ceremonie-de-partenariats-du-10-avril\/#primaryimage"},"thumbnailUrl":"https:\/\/isga.ma\/isga\/wp-content\/uploads\/2025\/04\/LogosPartenaires-scaled.jpg","articleSection":["Actualit\u00e9"],"inLanguage":"fr-FR"},{"@type":"WebPage","@id":"https:\/\/isga.ma\/isga\/retour-sur-la-ceremonie-de-partenariats-du-10-avril\/","url":"https:\/\/isga.ma\/isga\/retour-sur-la-ceremonie-de-partenariats-du-10-avril\/","name":"Retour sur la c\u00e9r\u00e9monie de partenariats du 10 avril - ISGA Institut Sup\u00e9rieur d&#039;Ing\u00e9nierie &amp; des Affaires","isPartOf":{"@id":"https:\/\/isga.ma\/isga\/#website"},"primaryImageOfPage":{"@id":"https:\/\/isga.ma\/isga\/retour-sur-la-ceremonie-de-partenariats-du-10-avril\/#primaryimage"},"image":{"@id":"https:\/\/isga.ma\/isga\/retour-sur-la-ceremonie-de-partenariats-du-10-avril\/#primaryimage"},"thumbnailUrl":"https:\/\/isga.ma\/isga\/wp-content\/uploads\/2025\/04\/LogosPartenaires-scaled.jpg","datePublished":"2025-04-22T10:08:25+00:00","dateModified":"2025-04-24T06:12:26+00:00","author":{"@id":"https:\/\/isga.ma\/isga\/#\/schema\/person\/8752aa6e3dc08aa478b2d73aa80be347"},"description":"Le jeudi 10 avril dernier, Edvantis a accueilli sur son campus d\u2019Art\u2019Com Sup une quinzaine de partenaires \u2014 entreprises et \u00e9tablissements acad\u00e9miques \u2014 pour une c\u00e9r\u00e9monie d\u00e9di\u00e9e \u00e0 la signature de conventions strat\u00e9giques avec ses \u00e9coles Art\u2019Com, Com\u2019Sup, ISGA \u00c9cole d\u2019ing\u00e9nieur.e.s et ISGA \u00c9cole de Management.","breadcrumb":{"@id":"https:\/\/isga.ma\/isga\/retour-sur-la-ceremonie-de-partenariats-du-10-avril\/#breadcrumb"},"inLanguage":"fr-FR","potentialAction":[{"@type":"ReadAction","target":["https:\/\/isga.ma\/isga\/retour-sur-la-ceremonie-de-partenariats-du-10-avril\/"]}]},{"@type":"ImageObject","inLanguage":"fr-FR","@id":"https:\/\/isga.ma\/isga\/retour-sur-la-ceremonie-de-partenariats-du-10-avril\/#primaryimage","url":"https:\/\/isga.ma\/isga\/wp-content\/uploads\/2025\/04\/LogosPartenaires-scaled.jpg","contentUrl":"https:\/\/isga.ma\/isga\/wp-content\/uploads\/2025\/04\/LogosPartenaires-scaled.jpg","width":2560,"height":1440},{"@type":"BreadcrumbList","@id":"https:\/\/isga.ma\/isga\/retour-sur-la-ceremonie-de-partenariats-du-10-avril\/#breadcrumb","itemListElement":[{"@type":"ListItem","position":1,"name":"Accueil","item":"https:\/\/isga.ma\/isga\/"},{"@type":"ListItem","position":2,"name":"Retour sur la c\u00e9r\u00e9monie de partenariats du 10 avril"}]},{"@type":"WebSite","@id":"https:\/\/isga.ma\/isga\/#website","url":"https:\/\/isga.ma\/isga\/","name":"ISGA Institut Sup\u00e9rieur d&#039;Ing\u00e9nierie &amp; des Affaires","description":"Le chemin de la r\u00e9ussite depuis 1981","potentialAction":[{"@type":"SearchAction","target":{"@type":"EntryPoint","urlTemplate":"https:\/\/isga.ma\/isga\/?s={search_term_string}"},"query-input":{"@type":"PropertyValueSpecification","valueRequired":true,"valueName":"search_term_string"}}],"inLanguage":"fr-FR"},{"@type":"Person","@id":"https:\/\/isga.ma\/isga\/#\/schema\/person\/8752aa6e3dc08aa478b2d73aa80be347","name":"Malek Romdhani","image":{"@type":"ImageObject","inLanguage":"fr-FR","@id":"https:\/\/secure.gravatar.com\/avatar\/dea94204f02b6c9a0265901123d687d8534af381e16f4301431378e641f8d838?s=96&d=mm&r=g","url":"https:\/\/secure.gravatar.com\/avatar\/dea94204f02b6c9a0265901123d687d8534af381e16f4301431378e641f8d838?s=96&d=mm&r=g","contentUrl":"https:\/\/secure.gravatar.com\/avatar\/dea94204f02b6c9a0265901123d687d8534af381e16f4301431378e641f8d838?s=96&d=mm&r=g","caption":"Malek Romdhani"},"url":"https:\/\/isga.ma\/isga\/author\/romdhaniaivancity-ai\/"}]}},"_links":{"self":[{"href":"https:\/\/isga.ma\/isga\/wp-json\/wp\/v2\/posts\/11767","targetHints":{"allow":["GET"]}}],"collection":[{"href":"https:\/\/isga.ma\/isga\/wp-json\/wp\/v2\/posts"}],"about":[{"href":"https:\/\/isga.ma\/isga\/wp-json\/wp\/v2\/types\/post"}],"author":[{"embeddable":true,"href":"https:\/\/isga.ma\/isga\/wp-json\/wp\/v2\/users\/4"}],"replies":[{"embeddable":true,"href":"https:\/\/isga.ma\/isga\/wp-json\/wp\/v2\/comments?post=11767"}],"version-history":[{"count":5,"href":"https:\/\/isga.ma\/isga\/wp-json\/wp\/v2\/posts\/11767\/revisions"}],"predecessor-version":[{"id":11809,"href":"https:\/\/isga.ma\/isga\/wp-json\/wp\/v2\/posts\/11767\/revisions\/11809"}],"wp:featuredmedia":[{"embeddable":true,"href":"https:\/\/isga.ma\/isga\/wp-json\/wp\/v2\/media\/11782"}],"wp:attachment":[{"href":"https:\/\/isga.ma\/isga\/wp-json\/wp\/v2\/media?parent=11767"}],"wp:term":[{"taxonomy":"category","embeddable":true,"href":"https:\/\/isga.ma\/isga\/wp-json\/wp\/v2\/categories?post=11767"},{"taxonomy":"post_tag","embeddable":true,"href":"https:\/\/isga.ma\/isga\/wp-json\/wp\/v2\/tags?post=11767"}],"curies":[{"name":"wp","href":"https:\/\/api.w.org\/{rel}","templated":true}]}}