{"id":11834,"date":"2025-05-07T13:22:14","date_gmt":"2025-05-07T11:22:14","guid":{"rendered":"https:\/\/isga.ma\/isga\/?p=11834"},"modified":"2025-05-07T13:23:11","modified_gmt":"2025-05-07T11:23:11","slug":"projet-hybride-ecomondial-2030-quand-la-coupe-du-monde-devient-un-tremplin-ecologique","status":"publish","type":"post","link":"https:\/\/isga.ma\/isga\/projet-hybride-ecomondial-2030-quand-la-coupe-du-monde-devient-un-tremplin-ecologique\/","title":{"rendered":"Projet Hybride \u00c9coMondial 2030 : Quand la Coupe du Monde devient un tremplin \u00e9cologique"},"content":{"rendered":"<p>[et_pb_section fb_built=\u00a0\u00bb1&Prime; _builder_version=\u00a0\u00bb3.22&Prime; locked=\u00a0\u00bboff\u00a0\u00bb][et_pb_row _builder_version=\u00a0\u00bb4.9.7&Prime; background_size=\u00a0\u00bbinitial\u00a0\u00bb background_position=\u00a0\u00bbtop_left\u00a0\u00bb background_repeat=\u00a0\u00bbrepeat\u00a0\u00bb custom_margin=\u00a0\u00bb||||false|false\u00a0\u00bb custom_padding=\u00a0\u00bb||||false|false\u00a0\u00bb][et_pb_column type=\u00a0\u00bb4_4&Prime; _builder_version=\u00a0\u00bb3.25&Prime; custom_padding=\u00a0\u00bb|||\u00a0\u00bb custom_padding__hover=\u00a0\u00bb|||\u00a0\u00bb][et_pb_text _builder_version=\u00a0\u00bb4.9.7&Prime; background_size=\u00a0\u00bbinitial\u00a0\u00bb background_position=\u00a0\u00bbtop_left\u00a0\u00bb background_repeat=\u00a0\u00bbrepeat\u00a0\u00bb text_orientation=\u00a0\u00bbjustified\u00a0\u00bb custom_margin=\u00a0\u00bb||40px||false|false\u00a0\u00bb hover_enabled=\u00a0\u00bb0&Prime; sticky_enabled=\u00a0\u00bb0&Prime;]<\/p>\n<p>En 2030, le Maroc coorganisera la Coupe du Monde de football, un \u00e9v\u00e9nement plan\u00e9taire qui attire l\u2019attention du monde entier. Mais au-del\u00e0 du spectacle sportif, une question essentielle se pose : <strong>et apr\u00e8s le dernier coup de sifflet ?<\/strong><\/p>\n<h2>Un d\u00e9fi p\u00e9dagogique au service de l\u2019\u00e9cologie<\/h2>\n<p>C\u2019est dans ce contexte qu\u2019est n\u00e9 le projet <strong>\u00c9coMondial 2030<\/strong>, une initiative du <strong>groupe Edvantis<\/strong> r\u00e9unissant les \u00e9tudiants de <strong>Art\u2019Com Sup, ISGA et Com\u2019Sup<\/strong>. Ce d\u00e9fi inter-\u00e9coles vise \u00e0 transformer cet \u00e9v\u00e9nement mondial en catalyseur d\u2019un <strong>avenir urbain plus vert et plus durable<\/strong>.<\/p>\n<p>L\u2019objectif : imaginer des solutions concr\u00e8tes, innovantes et inclusives pour d\u00e9velopper <strong>l\u2019agriculture urbaine<\/strong> et <strong>valoriser les espaces verts<\/strong>, en pensant <strong>l\u2019h\u00e9ritage \u00e9cologique<\/strong> laiss\u00e9 par la Coupe du Monde.<\/p>\n<h2>Quatre axes pour penser l\u2019avenir<\/h2>\n<p>Chaque \u00e9quipe pluridisciplinaire est invit\u00e9e \u00e0 structurer son projet autour de quatre axes compl\u00e9mentaires :<\/p>\n<ol>\n<li><strong>Vision &amp; concept global: <\/strong>Identifier une probl\u00e9matique urbaine (acc\u00e8s \u00e0 l\u2019alimentation, pollution, manque d\u2019espaces verts, etc.) et proposer une id\u00e9e forte r\u00e9pondant aux besoins r\u00e9els des habitants et supporters.<\/li>\n<li><strong>Sc\u00e9narisation &amp; mise en situation: <\/strong>O\u00f9 et comment la solution prend-elle vie ? Dans un stade, une fan zone, un quartier ? Avant, pendant ou apr\u00e8s la Coupe ? L\u2019objectif : cr\u00e9er un <strong>r\u00e9cit d\u2019usage engageant et cr\u00e9dible<\/strong>.<\/li>\n<li><strong>Visualisation du projet: <\/strong>Par maquette, affiches, vid\u00e9os ou simulations 3D, les \u00e9tudiants doivent donner \u00e0 voir leur concept de mani\u00e8re claire et percutante.<\/li>\n<li><strong>Strat\u00e9gie de d\u00e9ploiement &amp; impact: <\/strong>Comment mettre en \u0153uvre le projet ? Quels mat\u00e9riaux, quels partenaires, quelle logistique ? Sans oublier une <strong>strat\u00e9gie de communication<\/strong> et une r\u00e9flexion sur l\u2019impact \u00e0 long terme.<\/li>\n<\/ol>\n<h2>Des pistes concr\u00e8tes \u00e0 explorer<\/h2>\n<p>Les \u00e9quipes peuvent explorer plusieurs <strong>th\u00e9matiques crois\u00e9es<\/strong> :<\/p>\n<ul>\n<li>Des <strong>stades verts<\/strong> avec toitures v\u00e9g\u00e9talis\u00e9es, murs comestibles ou fermes temporaires ;<\/li>\n<li>Une <strong>\u00e9conomie circulaire<\/strong> centr\u00e9e sur l\u2019alimentation locale et la r\u00e9duction des d\u00e9chets ;<\/li>\n<li>La cr\u00e9ation d\u2019<strong>espaces verts multifonctionnels<\/strong> r\u00e9utilisables ;<\/li>\n<li>L\u2019<strong>engagement citoyen<\/strong> \u00e0 travers des ateliers participatifs, des campagnes de sensibilisation ou des plateformes \u00e9ducatives.<\/li>\n<\/ul>\n<h2>Des livrables pour convaincre<\/h2>\n<p>Chaque projet devra aboutir \u00e0 :<\/p>\n<ul>\n<li>Un <strong>dossier de projet<\/strong> complet (10-15 pages) ;<\/li>\n<li>Une <strong>visualisation du concept<\/strong> (affiche, maquette, vid\u00e9o\u2026) ;<\/li>\n<li>Un <strong>pitch vid\u00e9o de 3 minutes<\/strong> ;<\/li>\n<li>Une <strong>fiche synth\u00e9tique d\u2019une page<\/strong>.<\/li>\n<\/ul>\n<p>Le jury \u00e9valuera les projets sur la <strong>pertinence<\/strong>, <strong>l\u2019innovation<\/strong>, la <strong>faisabilit\u00e9<\/strong>, la <strong>qualit\u00e9 visuelle<\/strong>, la <strong>strat\u00e9gie d\u2019impact<\/strong>, et surtout la <strong>synergie interdisciplinaire<\/strong>.<\/p>\n<h2>Un concours, mais surtout une vision<\/h2>\n<p>Au-del\u00e0 d\u2019un simple concours, <strong>\u00c9coMondial 2030 est une aventure p\u00e9dagogique et humaine<\/strong>, un laboratoire d\u2019id\u00e9es o\u00f9 l\u2019innovation se met au service du bien commun. En conjuguant sport, design, ing\u00e9nierie et engagement citoyen, les \u00e9tudiants du groupe ont une chance unique : <strong>r\u00e9inventer la ville de demain<\/strong> \u00e0 partir d\u2019un \u00e9v\u00e9nement plan\u00e9taire et travailler ensemble sur une probl\u00e9matique de sens commun.<\/p>\n<p>Alors\u2026 <strong>et si leurs id\u00e9e changeait la ville ?<\/strong><\/p>\n<p><!-- notionvc: 2ad8dc44-bcdb-4dca-81af-03158d33c061 --><\/p>\n<p><!-- notionvc: a2094d0b-7bc7-41c8-9462-8cf49f3954af --><\/p>\n<p>[\/et_pb_text][\/et_pb_column][\/et_pb_row][\/et_pb_section]<\/p>\n","protected":false},"excerpt":{"rendered":"<p>En 2030, le Maroc coorganisera la Coupe du Monde de football, un \u00e9v\u00e9nement plan\u00e9taire qui attire l\u2019attention du monde entier. Mais au-del\u00e0 du spectacle sportif, une question essentielle se pose : et apr\u00e8s le dernier coup de sifflet ?<\/p>\n","protected":false},"author":4,"featured_media":11837,"comment_status":"closed","ping_status":"closed","sticky":false,"template":"","format":"standard","meta":{"_et_pb_use_builder":"on","_et_pb_old_content":"","_et_gb_content_width":"","content-type":"","footnotes":""},"categories":[36],"tags":[],"class_list":["post-11834","post","type-post","status-publish","format-standard","has-post-thumbnail","hentry","category-actualite"],"yoast_head":"<!-- This site is optimized with the Yoast SEO plugin v27.5 - https:\/\/yoast.com\/product\/yoast-seo-wordpress\/ -->\n<title>Projet Hybride \u00c9coMondial 2030 : Quand la Coupe du Monde devient un tremplin \u00e9cologique - ISGA Institut Sup\u00e9rieur d&#039;Ing\u00e9nierie &amp; des Affaires<\/title>\n<meta name=\"description\" content=\"En 2030, le Maroc coorganisera la Coupe du Monde de football, un \u00e9v\u00e9nement plan\u00e9taire qui attire l\u2019attention du monde entier. Mais au-del\u00e0 du spectacle sportif, une question essentielle se pose : et apr\u00e8s le dernier coup de sifflet ?\" \/>\n<meta name=\"robots\" content=\"noindex, follow, max-snippet:-1, max-image-preview:large, max-video-preview:-1\" \/>\n<meta property=\"og:locale\" content=\"fr_FR\" \/>\n<meta property=\"og:type\" content=\"article\" \/>\n<meta property=\"og:title\" content=\"Projet Hybride \u00c9coMondial 2030 : Quand la Coupe du Monde devient un tremplin \u00e9cologique - ISGA Institut Sup\u00e9rieur d&#039;Ing\u00e9nierie &amp; des Affaires\" \/>\n<meta property=\"og:description\" content=\"En 2030, le Maroc coorganisera la Coupe du Monde de football, un \u00e9v\u00e9nement plan\u00e9taire qui attire l\u2019attention du monde entier. Mais au-del\u00e0 du spectacle sportif, une question essentielle se pose : et apr\u00e8s le dernier coup de sifflet ?\" \/>\n<meta property=\"og:url\" content=\"https:\/\/isga.ma\/isga\/projet-hybride-ecomondial-2030-quand-la-coupe-du-monde-devient-un-tremplin-ecologique\/\" \/>\n<meta property=\"og:site_name\" content=\"ISGA Institut Sup\u00e9rieur d&#039;Ing\u00e9nierie &amp; des Affaires\" \/>\n<meta property=\"article:published_time\" content=\"2025-05-07T11:22:14+00:00\" \/>\n<meta property=\"article:modified_time\" content=\"2025-05-07T11:23:11+00:00\" \/>\n<meta property=\"og:image\" content=\"https:\/\/isga.ma\/isga\/wp-content\/uploads\/2025\/05\/250430_Blog_ProjetEcoMondial_Blog-1024x682.jpg\" \/>\n\t<meta property=\"og:image:width\" content=\"1024\" \/>\n\t<meta property=\"og:image:height\" content=\"682\" \/>\n\t<meta property=\"og:image:type\" content=\"image\/jpeg\" \/>\n<meta name=\"author\" content=\"Malek Romdhani\" \/>\n<meta name=\"twitter:card\" content=\"summary_large_image\" \/>\n<meta name=\"twitter:label1\" content=\"\u00c9crit par\" \/>\n\t<meta name=\"twitter:data1\" content=\"Malek Romdhani\" \/>\n\t<meta name=\"twitter:label2\" content=\"Dur\u00e9e de lecture estim\u00e9e\" \/>\n\t<meta name=\"twitter:data2\" content=\"3 minutes\" \/>\n<script type=\"application\/ld+json\" class=\"yoast-schema-graph\">{\"@context\":\"https:\\\/\\\/schema.org\",\"@graph\":[{\"@type\":\"Article\",\"@id\":\"https:\\\/\\\/isga.ma\\\/isga\\\/projet-hybride-ecomondial-2030-quand-la-coupe-du-monde-devient-un-tremplin-ecologique\\\/#article\",\"isPartOf\":{\"@id\":\"https:\\\/\\\/isga.ma\\\/isga\\\/projet-hybride-ecomondial-2030-quand-la-coupe-du-monde-devient-un-tremplin-ecologique\\\/\"},\"author\":{\"name\":\"Malek Romdhani\",\"@id\":\"https:\\\/\\\/isga.ma\\\/isga\\\/#\\\/schema\\\/person\\\/8752aa6e3dc08aa478b2d73aa80be347\"},\"headline\":\"Projet Hybride \u00c9coMondial 2030 : Quand la Coupe du Monde devient un tremplin \u00e9cologique\",\"datePublished\":\"2025-05-07T11:22:14+00:00\",\"dateModified\":\"2025-05-07T11:23:11+00:00\",\"mainEntityOfPage\":{\"@id\":\"https:\\\/\\\/isga.ma\\\/isga\\\/projet-hybride-ecomondial-2030-quand-la-coupe-du-monde-devient-un-tremplin-ecologique\\\/\"},\"wordCount\":596,\"image\":{\"@id\":\"https:\\\/\\\/isga.ma\\\/isga\\\/projet-hybride-ecomondial-2030-quand-la-coupe-du-monde-devient-un-tremplin-ecologique\\\/#primaryimage\"},\"thumbnailUrl\":\"https:\\\/\\\/isga.ma\\\/isga\\\/wp-content\\\/uploads\\\/2025\\\/05\\\/250430_Blog_ProjetEcoMondial_Blog.jpg\",\"articleSection\":[\"Actualit\u00e9\"],\"inLanguage\":\"fr-FR\"},{\"@type\":\"WebPage\",\"@id\":\"https:\\\/\\\/isga.ma\\\/isga\\\/projet-hybride-ecomondial-2030-quand-la-coupe-du-monde-devient-un-tremplin-ecologique\\\/\",\"url\":\"https:\\\/\\\/isga.ma\\\/isga\\\/projet-hybride-ecomondial-2030-quand-la-coupe-du-monde-devient-un-tremplin-ecologique\\\/\",\"name\":\"Projet Hybride \u00c9coMondial 2030 : Quand la Coupe du Monde devient un tremplin \u00e9cologique - ISGA Institut Sup\u00e9rieur d&#039;Ing\u00e9nierie &amp; des Affaires\",\"isPartOf\":{\"@id\":\"https:\\\/\\\/isga.ma\\\/isga\\\/#website\"},\"primaryImageOfPage\":{\"@id\":\"https:\\\/\\\/isga.ma\\\/isga\\\/projet-hybride-ecomondial-2030-quand-la-coupe-du-monde-devient-un-tremplin-ecologique\\\/#primaryimage\"},\"image\":{\"@id\":\"https:\\\/\\\/isga.ma\\\/isga\\\/projet-hybride-ecomondial-2030-quand-la-coupe-du-monde-devient-un-tremplin-ecologique\\\/#primaryimage\"},\"thumbnailUrl\":\"https:\\\/\\\/isga.ma\\\/isga\\\/wp-content\\\/uploads\\\/2025\\\/05\\\/250430_Blog_ProjetEcoMondial_Blog.jpg\",\"datePublished\":\"2025-05-07T11:22:14+00:00\",\"dateModified\":\"2025-05-07T11:23:11+00:00\",\"author\":{\"@id\":\"https:\\\/\\\/isga.ma\\\/isga\\\/#\\\/schema\\\/person\\\/8752aa6e3dc08aa478b2d73aa80be347\"},\"description\":\"En 2030, le Maroc coorganisera la Coupe du Monde de football, un \u00e9v\u00e9nement plan\u00e9taire qui attire l\u2019attention du monde entier. Mais au-del\u00e0 du spectacle sportif, une question essentielle se pose : et apr\u00e8s le dernier coup de sifflet ?\",\"breadcrumb\":{\"@id\":\"https:\\\/\\\/isga.ma\\\/isga\\\/projet-hybride-ecomondial-2030-quand-la-coupe-du-monde-devient-un-tremplin-ecologique\\\/#breadcrumb\"},\"inLanguage\":\"fr-FR\",\"potentialAction\":[{\"@type\":\"ReadAction\",\"target\":[\"https:\\\/\\\/isga.ma\\\/isga\\\/projet-hybride-ecomondial-2030-quand-la-coupe-du-monde-devient-un-tremplin-ecologique\\\/\"]}]},{\"@type\":\"ImageObject\",\"inLanguage\":\"fr-FR\",\"@id\":\"https:\\\/\\\/isga.ma\\\/isga\\\/projet-hybride-ecomondial-2030-quand-la-coupe-du-monde-devient-un-tremplin-ecologique\\\/#primaryimage\",\"url\":\"https:\\\/\\\/isga.ma\\\/isga\\\/wp-content\\\/uploads\\\/2025\\\/05\\\/250430_Blog_ProjetEcoMondial_Blog.jpg\",\"contentUrl\":\"https:\\\/\\\/isga.ma\\\/isga\\\/wp-content\\\/uploads\\\/2025\\\/05\\\/250430_Blog_ProjetEcoMondial_Blog.jpg\",\"width\":2161,\"height\":1440},{\"@type\":\"BreadcrumbList\",\"@id\":\"https:\\\/\\\/isga.ma\\\/isga\\\/projet-hybride-ecomondial-2030-quand-la-coupe-du-monde-devient-un-tremplin-ecologique\\\/#breadcrumb\",\"itemListElement\":[{\"@type\":\"ListItem\",\"position\":1,\"name\":\"Accueil\",\"item\":\"https:\\\/\\\/isga.ma\\\/isga\\\/\"},{\"@type\":\"ListItem\",\"position\":2,\"name\":\"Projet Hybride \u00c9coMondial 2030 : Quand la Coupe du Monde devient un tremplin \u00e9cologique\"}]},{\"@type\":\"WebSite\",\"@id\":\"https:\\\/\\\/isga.ma\\\/isga\\\/#website\",\"url\":\"https:\\\/\\\/isga.ma\\\/isga\\\/\",\"name\":\"ISGA Institut Sup\u00e9rieur d&#039;Ing\u00e9nierie &amp; des Affaires\",\"description\":\"Le chemin de la r\u00e9ussite depuis 1981\",\"potentialAction\":[{\"@type\":\"SearchAction\",\"target\":{\"@type\":\"EntryPoint\",\"urlTemplate\":\"https:\\\/\\\/isga.ma\\\/isga\\\/?s={search_term_string}\"},\"query-input\":{\"@type\":\"PropertyValueSpecification\",\"valueRequired\":true,\"valueName\":\"search_term_string\"}}],\"inLanguage\":\"fr-FR\"},{\"@type\":\"Person\",\"@id\":\"https:\\\/\\\/isga.ma\\\/isga\\\/#\\\/schema\\\/person\\\/8752aa6e3dc08aa478b2d73aa80be347\",\"name\":\"Malek Romdhani\",\"image\":{\"@type\":\"ImageObject\",\"inLanguage\":\"fr-FR\",\"@id\":\"https:\\\/\\\/secure.gravatar.com\\\/avatar\\\/dea94204f02b6c9a0265901123d687d8534af381e16f4301431378e641f8d838?s=96&d=mm&r=g\",\"url\":\"https:\\\/\\\/secure.gravatar.com\\\/avatar\\\/dea94204f02b6c9a0265901123d687d8534af381e16f4301431378e641f8d838?s=96&d=mm&r=g\",\"contentUrl\":\"https:\\\/\\\/secure.gravatar.com\\\/avatar\\\/dea94204f02b6c9a0265901123d687d8534af381e16f4301431378e641f8d838?s=96&d=mm&r=g\",\"caption\":\"Malek Romdhani\"},\"url\":\"https:\\\/\\\/isga.ma\\\/isga\\\/author\\\/romdhaniaivancity-ai\\\/\"}]}<\/script>\n<!-- \/ Yoast SEO plugin. -->","yoast_head_json":{"title":"Projet Hybride \u00c9coMondial 2030 : Quand la Coupe du Monde devient un tremplin \u00e9cologique - ISGA Institut Sup\u00e9rieur d&#039;Ing\u00e9nierie &amp; des Affaires","description":"En 2030, le Maroc coorganisera la Coupe du Monde de football, un \u00e9v\u00e9nement plan\u00e9taire qui attire l\u2019attention du monde entier. Mais au-del\u00e0 du spectacle sportif, une question essentielle se pose : et apr\u00e8s le dernier coup de sifflet ?","robots":{"index":"noindex","follow":"follow","max-snippet":"max-snippet:-1","max-image-preview":"max-image-preview:large","max-video-preview":"max-video-preview:-1"},"og_locale":"fr_FR","og_type":"article","og_title":"Projet Hybride \u00c9coMondial 2030 : Quand la Coupe du Monde devient un tremplin \u00e9cologique - ISGA Institut Sup\u00e9rieur d&#039;Ing\u00e9nierie &amp; des Affaires","og_description":"En 2030, le Maroc coorganisera la Coupe du Monde de football, un \u00e9v\u00e9nement plan\u00e9taire qui attire l\u2019attention du monde entier. Mais au-del\u00e0 du spectacle sportif, une question essentielle se pose : et apr\u00e8s le dernier coup de sifflet ?","og_url":"https:\/\/isga.ma\/isga\/projet-hybride-ecomondial-2030-quand-la-coupe-du-monde-devient-un-tremplin-ecologique\/","og_site_name":"ISGA Institut Sup\u00e9rieur d&#039;Ing\u00e9nierie &amp; des Affaires","article_published_time":"2025-05-07T11:22:14+00:00","article_modified_time":"2025-05-07T11:23:11+00:00","og_image":[{"width":1024,"height":682,"url":"https:\/\/isga.ma\/isga\/wp-content\/uploads\/2025\/05\/250430_Blog_ProjetEcoMondial_Blog-1024x682.jpg","type":"image\/jpeg"}],"author":"Malek Romdhani","twitter_card":"summary_large_image","twitter_misc":{"\u00c9crit par":"Malek Romdhani","Dur\u00e9e de lecture estim\u00e9e":"3 minutes"},"schema":{"@context":"https:\/\/schema.org","@graph":[{"@type":"Article","@id":"https:\/\/isga.ma\/isga\/projet-hybride-ecomondial-2030-quand-la-coupe-du-monde-devient-un-tremplin-ecologique\/#article","isPartOf":{"@id":"https:\/\/isga.ma\/isga\/projet-hybride-ecomondial-2030-quand-la-coupe-du-monde-devient-un-tremplin-ecologique\/"},"author":{"name":"Malek Romdhani","@id":"https:\/\/isga.ma\/isga\/#\/schema\/person\/8752aa6e3dc08aa478b2d73aa80be347"},"headline":"Projet Hybride \u00c9coMondial 2030 : Quand la Coupe du Monde devient un tremplin \u00e9cologique","datePublished":"2025-05-07T11:22:14+00:00","dateModified":"2025-05-07T11:23:11+00:00","mainEntityOfPage":{"@id":"https:\/\/isga.ma\/isga\/projet-hybride-ecomondial-2030-quand-la-coupe-du-monde-devient-un-tremplin-ecologique\/"},"wordCount":596,"image":{"@id":"https:\/\/isga.ma\/isga\/projet-hybride-ecomondial-2030-quand-la-coupe-du-monde-devient-un-tremplin-ecologique\/#primaryimage"},"thumbnailUrl":"https:\/\/isga.ma\/isga\/wp-content\/uploads\/2025\/05\/250430_Blog_ProjetEcoMondial_Blog.jpg","articleSection":["Actualit\u00e9"],"inLanguage":"fr-FR"},{"@type":"WebPage","@id":"https:\/\/isga.ma\/isga\/projet-hybride-ecomondial-2030-quand-la-coupe-du-monde-devient-un-tremplin-ecologique\/","url":"https:\/\/isga.ma\/isga\/projet-hybride-ecomondial-2030-quand-la-coupe-du-monde-devient-un-tremplin-ecologique\/","name":"Projet Hybride \u00c9coMondial 2030 : Quand la Coupe du Monde devient un tremplin \u00e9cologique - ISGA Institut Sup\u00e9rieur d&#039;Ing\u00e9nierie &amp; des Affaires","isPartOf":{"@id":"https:\/\/isga.ma\/isga\/#website"},"primaryImageOfPage":{"@id":"https:\/\/isga.ma\/isga\/projet-hybride-ecomondial-2030-quand-la-coupe-du-monde-devient-un-tremplin-ecologique\/#primaryimage"},"image":{"@id":"https:\/\/isga.ma\/isga\/projet-hybride-ecomondial-2030-quand-la-coupe-du-monde-devient-un-tremplin-ecologique\/#primaryimage"},"thumbnailUrl":"https:\/\/isga.ma\/isga\/wp-content\/uploads\/2025\/05\/250430_Blog_ProjetEcoMondial_Blog.jpg","datePublished":"2025-05-07T11:22:14+00:00","dateModified":"2025-05-07T11:23:11+00:00","author":{"@id":"https:\/\/isga.ma\/isga\/#\/schema\/person\/8752aa6e3dc08aa478b2d73aa80be347"},"description":"En 2030, le Maroc coorganisera la Coupe du Monde de football, un \u00e9v\u00e9nement plan\u00e9taire qui attire l\u2019attention du monde entier. Mais au-del\u00e0 du spectacle sportif, une question essentielle se pose : et apr\u00e8s le dernier coup de sifflet ?","breadcrumb":{"@id":"https:\/\/isga.ma\/isga\/projet-hybride-ecomondial-2030-quand-la-coupe-du-monde-devient-un-tremplin-ecologique\/#breadcrumb"},"inLanguage":"fr-FR","potentialAction":[{"@type":"ReadAction","target":["https:\/\/isga.ma\/isga\/projet-hybride-ecomondial-2030-quand-la-coupe-du-monde-devient-un-tremplin-ecologique\/"]}]},{"@type":"ImageObject","inLanguage":"fr-FR","@id":"https:\/\/isga.ma\/isga\/projet-hybride-ecomondial-2030-quand-la-coupe-du-monde-devient-un-tremplin-ecologique\/#primaryimage","url":"https:\/\/isga.ma\/isga\/wp-content\/uploads\/2025\/05\/250430_Blog_ProjetEcoMondial_Blog.jpg","contentUrl":"https:\/\/isga.ma\/isga\/wp-content\/uploads\/2025\/05\/250430_Blog_ProjetEcoMondial_Blog.jpg","width":2161,"height":1440},{"@type":"BreadcrumbList","@id":"https:\/\/isga.ma\/isga\/projet-hybride-ecomondial-2030-quand-la-coupe-du-monde-devient-un-tremplin-ecologique\/#breadcrumb","itemListElement":[{"@type":"ListItem","position":1,"name":"Accueil","item":"https:\/\/isga.ma\/isga\/"},{"@type":"ListItem","position":2,"name":"Projet Hybride \u00c9coMondial 2030 : Quand la Coupe du Monde devient un tremplin \u00e9cologique"}]},{"@type":"WebSite","@id":"https:\/\/isga.ma\/isga\/#website","url":"https:\/\/isga.ma\/isga\/","name":"ISGA Institut Sup\u00e9rieur d&#039;Ing\u00e9nierie &amp; des Affaires","description":"Le chemin de la r\u00e9ussite depuis 1981","potentialAction":[{"@type":"SearchAction","target":{"@type":"EntryPoint","urlTemplate":"https:\/\/isga.ma\/isga\/?s={search_term_string}"},"query-input":{"@type":"PropertyValueSpecification","valueRequired":true,"valueName":"search_term_string"}}],"inLanguage":"fr-FR"},{"@type":"Person","@id":"https:\/\/isga.ma\/isga\/#\/schema\/person\/8752aa6e3dc08aa478b2d73aa80be347","name":"Malek Romdhani","image":{"@type":"ImageObject","inLanguage":"fr-FR","@id":"https:\/\/secure.gravatar.com\/avatar\/dea94204f02b6c9a0265901123d687d8534af381e16f4301431378e641f8d838?s=96&d=mm&r=g","url":"https:\/\/secure.gravatar.com\/avatar\/dea94204f02b6c9a0265901123d687d8534af381e16f4301431378e641f8d838?s=96&d=mm&r=g","contentUrl":"https:\/\/secure.gravatar.com\/avatar\/dea94204f02b6c9a0265901123d687d8534af381e16f4301431378e641f8d838?s=96&d=mm&r=g","caption":"Malek Romdhani"},"url":"https:\/\/isga.ma\/isga\/author\/romdhaniaivancity-ai\/"}]}},"_links":{"self":[{"href":"https:\/\/isga.ma\/isga\/wp-json\/wp\/v2\/posts\/11834","targetHints":{"allow":["GET"]}}],"collection":[{"href":"https:\/\/isga.ma\/isga\/wp-json\/wp\/v2\/posts"}],"about":[{"href":"https:\/\/isga.ma\/isga\/wp-json\/wp\/v2\/types\/post"}],"author":[{"embeddable":true,"href":"https:\/\/isga.ma\/isga\/wp-json\/wp\/v2\/users\/4"}],"replies":[{"embeddable":true,"href":"https:\/\/isga.ma\/isga\/wp-json\/wp\/v2\/comments?post=11834"}],"version-history":[{"count":4,"href":"https:\/\/isga.ma\/isga\/wp-json\/wp\/v2\/posts\/11834\/revisions"}],"predecessor-version":[{"id":11840,"href":"https:\/\/isga.ma\/isga\/wp-json\/wp\/v2\/posts\/11834\/revisions\/11840"}],"wp:featuredmedia":[{"embeddable":true,"href":"https:\/\/isga.ma\/isga\/wp-json\/wp\/v2\/media\/11837"}],"wp:attachment":[{"href":"https:\/\/isga.ma\/isga\/wp-json\/wp\/v2\/media?parent=11834"}],"wp:term":[{"taxonomy":"category","embeddable":true,"href":"https:\/\/isga.ma\/isga\/wp-json\/wp\/v2\/categories?post=11834"},{"taxonomy":"post_tag","embeddable":true,"href":"https:\/\/isga.ma\/isga\/wp-json\/wp\/v2\/tags?post=11834"}],"curies":[{"name":"wp","href":"https:\/\/api.w.org\/{rel}","templated":true}]}}