{"id":12092,"date":"2025-07-15T12:47:50","date_gmt":"2025-07-15T10:47:50","guid":{"rendered":"https:\/\/isga.ma\/isga\/?p=12092"},"modified":"2025-07-15T12:56:22","modified_gmt":"2025-07-15T10:56:22","slug":"edvantis-et-twenty-campus-une-nouvelle-residence-pour-nos-etudiants","status":"publish","type":"post","link":"https:\/\/isga.ma\/isga\/edvantis-et-twenty-campus-une-nouvelle-residence-pour-nos-etudiants\/","title":{"rendered":"Edvantis et Twenty Campus : une nouvelle r\u00e9sidence pour nos \u00e9tudiants"},"content":{"rendered":"<p>[et_pb_section fb_built=\u00a0\u00bb1&Prime; _builder_version=\u00a0\u00bb4.9.7&Prime; width=\u00a0\u00bb1024px\u00a0\u00bb module_alignment=\u00a0\u00bbcenter\u00a0\u00bb locked=\u00a0\u00bboff\u00a0\u00bb][et_pb_row _builder_version=\u00a0\u00bb4.9.7&Prime; background_size=\u00a0\u00bbinitial\u00a0\u00bb background_position=\u00a0\u00bbtop_left\u00a0\u00bb background_repeat=\u00a0\u00bbrepeat\u00a0\u00bb custom_margin=\u00a0\u00bb||||false|false\u00a0\u00bb custom_padding=\u00a0\u00bb||||false|false\u00a0\u00bb][et_pb_column type=\u00a0\u00bb4_4&Prime; _builder_version=\u00a0\u00bb3.25&Prime; custom_padding=\u00a0\u00bb|||\u00a0\u00bb custom_padding__hover=\u00a0\u00bb|||\u00a0\u00bb][et_pb_text _builder_version=\u00a0\u00bb4.9.7&Prime; background_size=\u00a0\u00bbinitial\u00a0\u00bb background_position=\u00a0\u00bbtop_left\u00a0\u00bb background_repeat=\u00a0\u00bbrepeat\u00a0\u00bb text_orientation=\u00a0\u00bbjustified\u00a0\u00bb custom_margin=\u00a0\u00bb||40px||false|false\u00a0\u00bb hover_enabled=\u00a0\u00bb0&Prime; sticky_enabled=\u00a0\u00bb0&Prime;]<\/p>\n<p data-start=\"376\" data-end=\"433\">Bonne nouvelle pour les \u00e9tudiants Edvantis \u00e0 Casablanca ! \u00c0 partir de <strong data-start=\"447\" data-end=\"465\">septembre 2025<\/strong>, une <strong data-start=\"471\" data-end=\"517\">nouvelle r\u00e9sidence \u00e9tudiante haut de gamme<\/strong> ouvrira ses portes dans le quartier de <strong data-start=\"557\" data-end=\"570\">Casa Anfa<\/strong>, gr\u00e2ce \u00e0 un <strong data-start=\"583\" data-end=\"630\">partenariat entre Edvantis et Twenty Campus<\/strong>.<\/p>\n<p data-start=\"376\" data-end=\"433\"><img loading=\"lazy\" decoding=\"async\" class=\"wp-image-12102  alignnone\" src=\"https:\/\/isga.ma\/isga\/wp-content\/uploads\/2025\/07\/519421313_18065321027163703_1925344199799156603_n-1024x1024.jpeg\" alt=\"\" width=\"591\" height=\"591\" \/><\/p>\n<h2 data-start=\"633\" data-end=\"694\">Un cadre moderne et s\u00e9curis\u00e9 pour bien vivre ses \u00e9tudes<\/h2>\n<p data-start=\"696\" data-end=\"811\">La r\u00e9sidence <strong data-start=\"709\" data-end=\"736\">Twenty Campus Casa Anfa<\/strong> a \u00e9t\u00e9 pens\u00e9e sp\u00e9cialement pour les \u00e9tudiants. Elle propose des logements :<\/p>\n<ul data-start=\"812\" data-end=\"949\">\n<li data-start=\"812\" data-end=\"878\">\n<p data-start=\"814\" data-end=\"878\"><strong data-start=\"814\" data-end=\"841\">Meubl\u00e9s et tout \u00e9quip\u00e9s<\/strong> (lit, bureau, armoire, kitchenette\u2026)<\/p>\n<\/li>\n<li data-start=\"879\" data-end=\"915\">\n<p data-start=\"881\" data-end=\"915\">Avec <strong data-start=\"886\" data-end=\"915\">connexion Wi-Fi illimit\u00e9e<\/strong><\/p>\n<\/li>\n<li data-start=\"916\" data-end=\"949\">\n<p data-start=\"918\" data-end=\"949\">Climatis\u00e9s pour plus de confort<\/p>\n<\/li>\n<\/ul>\n<p data-start=\"951\" data-end=\"1275\">Les \u00e9tudiants auront aussi acc\u00e8s \u00e0 de nombreux services inclus dans le loyer :<br data-start=\"1029\" data-end=\"1032\" \/>&#x1f9fc; M\u00e9nage \u2013 &#x1f4f6; Internet \u2013 &#x1f9fa; Laverie \u2013 &#x1f3cb;&#xfe0f; Salle de sport \u2013 &#x1f9d1;&#x200d;&#x1f4bb; Espace coworking \u2013 &#x1f3ae; Salle de d\u00e9tente<br data-start=\"1136\" data-end=\"1139\" \/>Le tout dans un environnement <strong data-start=\"1169\" data-end=\"1188\">s\u00e9curis\u00e9 24h\/24<\/strong>, avec pr\u00e9sence sur place d\u2019un responsable pour accompagner les r\u00e9sidents au quotidien.<\/p>\n<h2 data-start=\"1277\" data-end=\"1331\">Une r\u00e9sidence bien situ\u00e9e, au c\u0153ur de Casablanca<\/h2>\n<p data-start=\"1333\" data-end=\"1369\">La r\u00e9sidence est id\u00e9alement plac\u00e9e :<\/p>\n<ul data-start=\"1370\" data-end=\"1479\">\n<li data-start=\"1370\" data-end=\"1395\">\n<p data-start=\"1372\" data-end=\"1395\">\u00c0 deux pas du Parc Anfa<\/p>\n<\/li>\n<li data-start=\"1396\" data-end=\"1434\">\n<p data-start=\"1398\" data-end=\"1434\">Juste en face de la p\u00e2tisserie Amoud<\/p>\n<\/li>\n<li data-start=\"1435\" data-end=\"1479\">\n<p data-start=\"1437\" data-end=\"1479\">\u00c0 c\u00f4t\u00e9 du centre commercial <strong data-start=\"1465\" data-end=\"1479\">Aeria Mall<\/strong><\/p>\n<\/li>\n<\/ul>\n<p data-start=\"1481\" data-end=\"1647\">Elle est <strong data-start=\"1490\" data-end=\"1515\">facilement accessible<\/strong> en tramway, bus ou taxi, et proche de nos \u00e9coles ISGA Casablanca, Art&rsquo;Com et Com&rsquo;Sup. Parfait pour gagner du temps au quotidien !<\/p>\n<h2 data-start=\"1897\" data-end=\"1921\">Comment r\u00e9server ?<\/h2>\n<p data-start=\"2047\" data-end=\"2154\">Pour toute question ou pour r\u00e9server, vous pouvez contacter directement notre r\u00e9f\u00e9rent chez Twenty Campus :<\/p>\n<p data-start=\"2156\" data-end=\"2217\">&#x1f4e7; <a class=\"cursor-pointer\" rel=\"noopener\" data-start=\"2159\" data-end=\"2193\">yazid.alaouimhamdi@twentycampus.ma<\/a><br data-start=\"2193\" data-end=\"2196\" \/>&#x1f4de; +212 6 12 56 65 06<\/p>\n<p data-start=\"1481\" data-end=\"1647\">[\/et_pb_text][\/et_pb_column][\/et_pb_row][\/et_pb_section]<\/p>\n","protected":false},"excerpt":{"rendered":"<p>\u00c0 partir de septembre 2025, une nouvelle r\u00e9sidence \u00e9tudiante haut de gamme ouvrira ses portes dans le quartier de Casa Anfa, gr\u00e2ce \u00e0 un partenariat entre Edvantis et Twenty Campus.<\/p>\n","protected":false},"author":583,"featured_media":12098,"comment_status":"closed","ping_status":"closed","sticky":false,"template":"","format":"standard","meta":{"_et_pb_use_builder":"on","_et_pb_old_content":"","_et_gb_content_width":"","content-type":"","footnotes":""},"categories":[36],"tags":[],"class_list":["post-12092","post","type-post","status-publish","format-standard","has-post-thumbnail","hentry","category-actualite"],"yoast_head":"<!-- This site is optimized with the Yoast SEO plugin v27.5 - https:\/\/yoast.com\/product\/yoast-seo-wordpress\/ -->\n<title>Edvantis et Twenty Campus : une nouvelle r\u00e9sidence pour nos \u00e9tudiants - ISGA Institut Sup\u00e9rieur d&#039;Ing\u00e9nierie &amp; des Affaires<\/title>\n<meta name=\"description\" content=\"Le monde professionnel est en pleine mutation. La digitalisation s\u2019impose aujourd\u2019hui comme un levier strat\u00e9gique pour les entreprises de toutes tailles.\u00c0 partir de septembre 2025, une nouvelle r\u00e9sidence \u00e9tudiante haut de gamme ouvrira ses portes dans le quartier de Casa Anfa, gr\u00e2ce \u00e0 un partenariat entre Edvantis et Twenty Campus.\" \/>\n<meta name=\"robots\" content=\"noindex, follow, max-snippet:-1, max-image-preview:large, max-video-preview:-1\" \/>\n<meta property=\"og:locale\" content=\"fr_FR\" \/>\n<meta property=\"og:type\" content=\"article\" \/>\n<meta property=\"og:title\" content=\"Edvantis et Twenty Campus : une nouvelle r\u00e9sidence pour nos \u00e9tudiants - ISGA Institut Sup\u00e9rieur d&#039;Ing\u00e9nierie &amp; des Affaires\" \/>\n<meta property=\"og:description\" content=\"Le monde professionnel est en pleine mutation. La digitalisation s\u2019impose aujourd\u2019hui comme un levier strat\u00e9gique pour les entreprises de toutes tailles.\u00c0 partir de septembre 2025, une nouvelle r\u00e9sidence \u00e9tudiante haut de gamme ouvrira ses portes dans le quartier de Casa Anfa, gr\u00e2ce \u00e0 un partenariat entre Edvantis et Twenty Campus.\" \/>\n<meta property=\"og:url\" content=\"https:\/\/isga.ma\/isga\/edvantis-et-twenty-campus-une-nouvelle-residence-pour-nos-etudiants\/\" \/>\n<meta property=\"og:site_name\" content=\"ISGA Institut Sup\u00e9rieur d&#039;Ing\u00e9nierie &amp; des Affaires\" \/>\n<meta property=\"article:published_time\" content=\"2025-07-15T10:47:50+00:00\" \/>\n<meta property=\"article:modified_time\" content=\"2025-07-15T10:56:22+00:00\" \/>\n<meta property=\"og:image\" content=\"https:\/\/isga.ma\/isga\/wp-content\/uploads\/2025\/07\/250715_Edvantis_TwentyCampus_edit_Blog.jpg\" \/>\n\t<meta property=\"og:image:width\" content=\"1000\" \/>\n\t<meta property=\"og:image:height\" content=\"667\" \/>\n\t<meta property=\"og:image:type\" content=\"image\/jpeg\" \/>\n<meta name=\"author\" content=\"Guillaume Magnard\" \/>\n<meta name=\"twitter:card\" content=\"summary_large_image\" \/>\n<meta name=\"twitter:label1\" content=\"\u00c9crit par\" \/>\n\t<meta name=\"twitter:data1\" content=\"Guillaume Magnard\" \/>\n\t<meta name=\"twitter:label2\" content=\"Dur\u00e9e de lecture estim\u00e9e\" \/>\n\t<meta name=\"twitter:data2\" content=\"2 minutes\" \/>\n<script type=\"application\/ld+json\" class=\"yoast-schema-graph\">{\"@context\":\"https:\\\/\\\/schema.org\",\"@graph\":[{\"@type\":\"Article\",\"@id\":\"https:\\\/\\\/isga.ma\\\/isga\\\/edvantis-et-twenty-campus-une-nouvelle-residence-pour-nos-etudiants\\\/#article\",\"isPartOf\":{\"@id\":\"https:\\\/\\\/isga.ma\\\/isga\\\/edvantis-et-twenty-campus-une-nouvelle-residence-pour-nos-etudiants\\\/\"},\"author\":{\"name\":\"Guillaume Magnard\",\"@id\":\"https:\\\/\\\/isga.ma\\\/isga\\\/#\\\/schema\\\/person\\\/3995cccf4ff270f8f63aa143de32c249\"},\"headline\":\"Edvantis et Twenty Campus : une nouvelle r\u00e9sidence pour nos \u00e9tudiants\",\"datePublished\":\"2025-07-15T10:47:50+00:00\",\"dateModified\":\"2025-07-15T10:56:22+00:00\",\"mainEntityOfPage\":{\"@id\":\"https:\\\/\\\/isga.ma\\\/isga\\\/edvantis-et-twenty-campus-une-nouvelle-residence-pour-nos-etudiants\\\/\"},\"wordCount\":357,\"image\":{\"@id\":\"https:\\\/\\\/isga.ma\\\/isga\\\/edvantis-et-twenty-campus-une-nouvelle-residence-pour-nos-etudiants\\\/#primaryimage\"},\"thumbnailUrl\":\"https:\\\/\\\/isga.ma\\\/isga\\\/wp-content\\\/uploads\\\/2025\\\/07\\\/250715_Edvantis_TwentyCampus_edit_Blog.jpg\",\"articleSection\":[\"Actualit\u00e9\"],\"inLanguage\":\"fr-FR\"},{\"@type\":\"WebPage\",\"@id\":\"https:\\\/\\\/isga.ma\\\/isga\\\/edvantis-et-twenty-campus-une-nouvelle-residence-pour-nos-etudiants\\\/\",\"url\":\"https:\\\/\\\/isga.ma\\\/isga\\\/edvantis-et-twenty-campus-une-nouvelle-residence-pour-nos-etudiants\\\/\",\"name\":\"Edvantis et Twenty Campus : une nouvelle r\u00e9sidence pour nos \u00e9tudiants - ISGA Institut Sup\u00e9rieur d&#039;Ing\u00e9nierie &amp; des Affaires\",\"isPartOf\":{\"@id\":\"https:\\\/\\\/isga.ma\\\/isga\\\/#website\"},\"primaryImageOfPage\":{\"@id\":\"https:\\\/\\\/isga.ma\\\/isga\\\/edvantis-et-twenty-campus-une-nouvelle-residence-pour-nos-etudiants\\\/#primaryimage\"},\"image\":{\"@id\":\"https:\\\/\\\/isga.ma\\\/isga\\\/edvantis-et-twenty-campus-une-nouvelle-residence-pour-nos-etudiants\\\/#primaryimage\"},\"thumbnailUrl\":\"https:\\\/\\\/isga.ma\\\/isga\\\/wp-content\\\/uploads\\\/2025\\\/07\\\/250715_Edvantis_TwentyCampus_edit_Blog.jpg\",\"datePublished\":\"2025-07-15T10:47:50+00:00\",\"dateModified\":\"2025-07-15T10:56:22+00:00\",\"author\":{\"@id\":\"https:\\\/\\\/isga.ma\\\/isga\\\/#\\\/schema\\\/person\\\/3995cccf4ff270f8f63aa143de32c249\"},\"description\":\"Le monde professionnel est en pleine mutation. La digitalisation s\u2019impose aujourd\u2019hui comme un levier strat\u00e9gique pour les entreprises de toutes tailles.\u00c0 partir de septembre 2025, une nouvelle r\u00e9sidence \u00e9tudiante haut de gamme ouvrira ses portes dans le quartier de Casa Anfa, gr\u00e2ce \u00e0 un partenariat entre Edvantis et Twenty Campus.\",\"breadcrumb\":{\"@id\":\"https:\\\/\\\/isga.ma\\\/isga\\\/edvantis-et-twenty-campus-une-nouvelle-residence-pour-nos-etudiants\\\/#breadcrumb\"},\"inLanguage\":\"fr-FR\",\"potentialAction\":[{\"@type\":\"ReadAction\",\"target\":[\"https:\\\/\\\/isga.ma\\\/isga\\\/edvantis-et-twenty-campus-une-nouvelle-residence-pour-nos-etudiants\\\/\"]}]},{\"@type\":\"ImageObject\",\"inLanguage\":\"fr-FR\",\"@id\":\"https:\\\/\\\/isga.ma\\\/isga\\\/edvantis-et-twenty-campus-une-nouvelle-residence-pour-nos-etudiants\\\/#primaryimage\",\"url\":\"https:\\\/\\\/isga.ma\\\/isga\\\/wp-content\\\/uploads\\\/2025\\\/07\\\/250715_Edvantis_TwentyCampus_edit_Blog.jpg\",\"contentUrl\":\"https:\\\/\\\/isga.ma\\\/isga\\\/wp-content\\\/uploads\\\/2025\\\/07\\\/250715_Edvantis_TwentyCampus_edit_Blog.jpg\",\"width\":1000,\"height\":667},{\"@type\":\"BreadcrumbList\",\"@id\":\"https:\\\/\\\/isga.ma\\\/isga\\\/edvantis-et-twenty-campus-une-nouvelle-residence-pour-nos-etudiants\\\/#breadcrumb\",\"itemListElement\":[{\"@type\":\"ListItem\",\"position\":1,\"name\":\"Accueil\",\"item\":\"https:\\\/\\\/isga.ma\\\/isga\\\/\"},{\"@type\":\"ListItem\",\"position\":2,\"name\":\"Edvantis et Twenty Campus : une nouvelle r\u00e9sidence pour nos \u00e9tudiants\"}]},{\"@type\":\"WebSite\",\"@id\":\"https:\\\/\\\/isga.ma\\\/isga\\\/#website\",\"url\":\"https:\\\/\\\/isga.ma\\\/isga\\\/\",\"name\":\"ISGA Institut Sup\u00e9rieur d&#039;Ing\u00e9nierie &amp; des Affaires\",\"description\":\"Le chemin de la r\u00e9ussite depuis 1981\",\"potentialAction\":[{\"@type\":\"SearchAction\",\"target\":{\"@type\":\"EntryPoint\",\"urlTemplate\":\"https:\\\/\\\/isga.ma\\\/isga\\\/?s={search_term_string}\"},\"query-input\":{\"@type\":\"PropertyValueSpecification\",\"valueRequired\":true,\"valueName\":\"search_term_string\"}}],\"inLanguage\":\"fr-FR\"},{\"@type\":\"Person\",\"@id\":\"https:\\\/\\\/isga.ma\\\/isga\\\/#\\\/schema\\\/person\\\/3995cccf4ff270f8f63aa143de32c249\",\"name\":\"Guillaume Magnard\",\"image\":{\"@type\":\"ImageObject\",\"inLanguage\":\"fr-FR\",\"@id\":\"https:\\\/\\\/secure.gravatar.com\\\/avatar\\\/7b582095c27d96fbbce3cc9dce30e6ee94e30be03a68af519e953512dac07e20?s=96&d=mm&r=g\",\"url\":\"https:\\\/\\\/secure.gravatar.com\\\/avatar\\\/7b582095c27d96fbbce3cc9dce30e6ee94e30be03a68af519e953512dac07e20?s=96&d=mm&r=g\",\"contentUrl\":\"https:\\\/\\\/secure.gravatar.com\\\/avatar\\\/7b582095c27d96fbbce3cc9dce30e6ee94e30be03a68af519e953512dac07e20?s=96&d=mm&r=g\",\"caption\":\"Guillaume Magnard\"},\"url\":\"https:\\\/\\\/isga.ma\\\/isga\\\/author\\\/guillaume-magnard\\\/\"}]}<\/script>\n<!-- \/ Yoast SEO plugin. -->","yoast_head_json":{"title":"Edvantis et Twenty Campus : une nouvelle r\u00e9sidence pour nos \u00e9tudiants - ISGA Institut Sup\u00e9rieur d&#039;Ing\u00e9nierie &amp; des Affaires","description":"Le monde professionnel est en pleine mutation. La digitalisation s\u2019impose aujourd\u2019hui comme un levier strat\u00e9gique pour les entreprises de toutes tailles.\u00c0 partir de septembre 2025, une nouvelle r\u00e9sidence \u00e9tudiante haut de gamme ouvrira ses portes dans le quartier de Casa Anfa, gr\u00e2ce \u00e0 un partenariat entre Edvantis et Twenty Campus.","robots":{"index":"noindex","follow":"follow","max-snippet":"max-snippet:-1","max-image-preview":"max-image-preview:large","max-video-preview":"max-video-preview:-1"},"og_locale":"fr_FR","og_type":"article","og_title":"Edvantis et Twenty Campus : une nouvelle r\u00e9sidence pour nos \u00e9tudiants - ISGA Institut Sup\u00e9rieur d&#039;Ing\u00e9nierie &amp; des Affaires","og_description":"Le monde professionnel est en pleine mutation. La digitalisation s\u2019impose aujourd\u2019hui comme un levier strat\u00e9gique pour les entreprises de toutes tailles.\u00c0 partir de septembre 2025, une nouvelle r\u00e9sidence \u00e9tudiante haut de gamme ouvrira ses portes dans le quartier de Casa Anfa, gr\u00e2ce \u00e0 un partenariat entre Edvantis et Twenty Campus.","og_url":"https:\/\/isga.ma\/isga\/edvantis-et-twenty-campus-une-nouvelle-residence-pour-nos-etudiants\/","og_site_name":"ISGA Institut Sup\u00e9rieur d&#039;Ing\u00e9nierie &amp; des Affaires","article_published_time":"2025-07-15T10:47:50+00:00","article_modified_time":"2025-07-15T10:56:22+00:00","og_image":[{"width":1000,"height":667,"url":"https:\/\/isga.ma\/isga\/wp-content\/uploads\/2025\/07\/250715_Edvantis_TwentyCampus_edit_Blog.jpg","type":"image\/jpeg"}],"author":"Guillaume Magnard","twitter_card":"summary_large_image","twitter_misc":{"\u00c9crit par":"Guillaume Magnard","Dur\u00e9e de lecture estim\u00e9e":"2 minutes"},"schema":{"@context":"https:\/\/schema.org","@graph":[{"@type":"Article","@id":"https:\/\/isga.ma\/isga\/edvantis-et-twenty-campus-une-nouvelle-residence-pour-nos-etudiants\/#article","isPartOf":{"@id":"https:\/\/isga.ma\/isga\/edvantis-et-twenty-campus-une-nouvelle-residence-pour-nos-etudiants\/"},"author":{"name":"Guillaume Magnard","@id":"https:\/\/isga.ma\/isga\/#\/schema\/person\/3995cccf4ff270f8f63aa143de32c249"},"headline":"Edvantis et Twenty Campus : une nouvelle r\u00e9sidence pour nos \u00e9tudiants","datePublished":"2025-07-15T10:47:50+00:00","dateModified":"2025-07-15T10:56:22+00:00","mainEntityOfPage":{"@id":"https:\/\/isga.ma\/isga\/edvantis-et-twenty-campus-une-nouvelle-residence-pour-nos-etudiants\/"},"wordCount":357,"image":{"@id":"https:\/\/isga.ma\/isga\/edvantis-et-twenty-campus-une-nouvelle-residence-pour-nos-etudiants\/#primaryimage"},"thumbnailUrl":"https:\/\/isga.ma\/isga\/wp-content\/uploads\/2025\/07\/250715_Edvantis_TwentyCampus_edit_Blog.jpg","articleSection":["Actualit\u00e9"],"inLanguage":"fr-FR"},{"@type":"WebPage","@id":"https:\/\/isga.ma\/isga\/edvantis-et-twenty-campus-une-nouvelle-residence-pour-nos-etudiants\/","url":"https:\/\/isga.ma\/isga\/edvantis-et-twenty-campus-une-nouvelle-residence-pour-nos-etudiants\/","name":"Edvantis et Twenty Campus : une nouvelle r\u00e9sidence pour nos \u00e9tudiants - ISGA Institut Sup\u00e9rieur d&#039;Ing\u00e9nierie &amp; des Affaires","isPartOf":{"@id":"https:\/\/isga.ma\/isga\/#website"},"primaryImageOfPage":{"@id":"https:\/\/isga.ma\/isga\/edvantis-et-twenty-campus-une-nouvelle-residence-pour-nos-etudiants\/#primaryimage"},"image":{"@id":"https:\/\/isga.ma\/isga\/edvantis-et-twenty-campus-une-nouvelle-residence-pour-nos-etudiants\/#primaryimage"},"thumbnailUrl":"https:\/\/isga.ma\/isga\/wp-content\/uploads\/2025\/07\/250715_Edvantis_TwentyCampus_edit_Blog.jpg","datePublished":"2025-07-15T10:47:50+00:00","dateModified":"2025-07-15T10:56:22+00:00","author":{"@id":"https:\/\/isga.ma\/isga\/#\/schema\/person\/3995cccf4ff270f8f63aa143de32c249"},"description":"Le monde professionnel est en pleine mutation. La digitalisation s\u2019impose aujourd\u2019hui comme un levier strat\u00e9gique pour les entreprises de toutes tailles.\u00c0 partir de septembre 2025, une nouvelle r\u00e9sidence \u00e9tudiante haut de gamme ouvrira ses portes dans le quartier de Casa Anfa, gr\u00e2ce \u00e0 un partenariat entre Edvantis et Twenty Campus.","breadcrumb":{"@id":"https:\/\/isga.ma\/isga\/edvantis-et-twenty-campus-une-nouvelle-residence-pour-nos-etudiants\/#breadcrumb"},"inLanguage":"fr-FR","potentialAction":[{"@type":"ReadAction","target":["https:\/\/isga.ma\/isga\/edvantis-et-twenty-campus-une-nouvelle-residence-pour-nos-etudiants\/"]}]},{"@type":"ImageObject","inLanguage":"fr-FR","@id":"https:\/\/isga.ma\/isga\/edvantis-et-twenty-campus-une-nouvelle-residence-pour-nos-etudiants\/#primaryimage","url":"https:\/\/isga.ma\/isga\/wp-content\/uploads\/2025\/07\/250715_Edvantis_TwentyCampus_edit_Blog.jpg","contentUrl":"https:\/\/isga.ma\/isga\/wp-content\/uploads\/2025\/07\/250715_Edvantis_TwentyCampus_edit_Blog.jpg","width":1000,"height":667},{"@type":"BreadcrumbList","@id":"https:\/\/isga.ma\/isga\/edvantis-et-twenty-campus-une-nouvelle-residence-pour-nos-etudiants\/#breadcrumb","itemListElement":[{"@type":"ListItem","position":1,"name":"Accueil","item":"https:\/\/isga.ma\/isga\/"},{"@type":"ListItem","position":2,"name":"Edvantis et Twenty Campus : une nouvelle r\u00e9sidence pour nos \u00e9tudiants"}]},{"@type":"WebSite","@id":"https:\/\/isga.ma\/isga\/#website","url":"https:\/\/isga.ma\/isga\/","name":"ISGA Institut Sup\u00e9rieur d&#039;Ing\u00e9nierie &amp; des Affaires","description":"Le chemin de la r\u00e9ussite depuis 1981","potentialAction":[{"@type":"SearchAction","target":{"@type":"EntryPoint","urlTemplate":"https:\/\/isga.ma\/isga\/?s={search_term_string}"},"query-input":{"@type":"PropertyValueSpecification","valueRequired":true,"valueName":"search_term_string"}}],"inLanguage":"fr-FR"},{"@type":"Person","@id":"https:\/\/isga.ma\/isga\/#\/schema\/person\/3995cccf4ff270f8f63aa143de32c249","name":"Guillaume Magnard","image":{"@type":"ImageObject","inLanguage":"fr-FR","@id":"https:\/\/secure.gravatar.com\/avatar\/7b582095c27d96fbbce3cc9dce30e6ee94e30be03a68af519e953512dac07e20?s=96&d=mm&r=g","url":"https:\/\/secure.gravatar.com\/avatar\/7b582095c27d96fbbce3cc9dce30e6ee94e30be03a68af519e953512dac07e20?s=96&d=mm&r=g","contentUrl":"https:\/\/secure.gravatar.com\/avatar\/7b582095c27d96fbbce3cc9dce30e6ee94e30be03a68af519e953512dac07e20?s=96&d=mm&r=g","caption":"Guillaume Magnard"},"url":"https:\/\/isga.ma\/isga\/author\/guillaume-magnard\/"}]}},"_links":{"self":[{"href":"https:\/\/isga.ma\/isga\/wp-json\/wp\/v2\/posts\/12092","targetHints":{"allow":["GET"]}}],"collection":[{"href":"https:\/\/isga.ma\/isga\/wp-json\/wp\/v2\/posts"}],"about":[{"href":"https:\/\/isga.ma\/isga\/wp-json\/wp\/v2\/types\/post"}],"author":[{"embeddable":true,"href":"https:\/\/isga.ma\/isga\/wp-json\/wp\/v2\/users\/583"}],"replies":[{"embeddable":true,"href":"https:\/\/isga.ma\/isga\/wp-json\/wp\/v2\/comments?post=12092"}],"version-history":[{"count":7,"href":"https:\/\/isga.ma\/isga\/wp-json\/wp\/v2\/posts\/12092\/revisions"}],"predecessor-version":[{"id":12104,"href":"https:\/\/isga.ma\/isga\/wp-json\/wp\/v2\/posts\/12092\/revisions\/12104"}],"wp:featuredmedia":[{"embeddable":true,"href":"https:\/\/isga.ma\/isga\/wp-json\/wp\/v2\/media\/12098"}],"wp:attachment":[{"href":"https:\/\/isga.ma\/isga\/wp-json\/wp\/v2\/media?parent=12092"}],"wp:term":[{"taxonomy":"category","embeddable":true,"href":"https:\/\/isga.ma\/isga\/wp-json\/wp\/v2\/categories?post=12092"},{"taxonomy":"post_tag","embeddable":true,"href":"https:\/\/isga.ma\/isga\/wp-json\/wp\/v2\/tags?post=12092"}],"curies":[{"name":"wp","href":"https:\/\/api.w.org\/{rel}","templated":true}]}}