{"id":12410,"date":"2026-01-20T17:22:07","date_gmt":"2026-01-20T16:22:07","guid":{"rendered":"https:\/\/isga.ma\/isga\/?p=12410"},"modified":"2026-01-20T17:23:46","modified_gmt":"2026-01-20T16:23:46","slug":"journee-integration-2025-2026-isga-lance-annee-signe-cohesion","status":"publish","type":"post","link":"https:\/\/isga.ma\/isga\/journee-integration-2025-2026-isga-lance-annee-signe-cohesion\/","title":{"rendered":"Journ\u00e9e d\u2019int\u00e9gration 2025\/2026 : l\u2019ISGA lance l\u2019ann\u00e9e sous le signe de la coh\u00e9sion"},"content":{"rendered":"<p>[et_pb_section fb_built=\u00a0\u00bb1&Prime; _builder_version=\u00a0\u00bb4.9.7&Prime; width=\u00a0\u00bb1024px\u00a0\u00bb module_alignment=\u00a0\u00bbcenter\u00a0\u00bb locked=\u00a0\u00bboff\u00a0\u00bb][et_pb_row _builder_version=\u00a0\u00bb4.9.7&Prime; background_size=\u00a0\u00bbinitial\u00a0\u00bb background_position=\u00a0\u00bbtop_left\u00a0\u00bb background_repeat=\u00a0\u00bbrepeat\u00a0\u00bb custom_margin=\u00a0\u00bb||||false|false\u00a0\u00bb custom_padding=\u00a0\u00bb||||false|false\u00a0\u00bb][et_pb_column type=\u00a0\u00bb4_4&Prime; _builder_version=\u00a0\u00bb3.25&Prime; custom_padding=\u00a0\u00bb|||\u00a0\u00bb custom_padding__hover=\u00a0\u00bb|||\u00a0\u00bb][et_pb_text _builder_version=\u00a0\u00bb4.9.7&Prime; _module_preset=\u00a0\u00bbdefault\u00a0\u00bb]<\/p>\n<div>\n<div>\n<div>\n<p>Mercredi 5 novembre 2025, l\u2019ISGA Casablanca a donn\u00e9 le coup d\u2019envoi de l\u2019ann\u00e9e universitaire 2025\/2026 en r\u00e9unissant ses \u00e9tudiants au Complexe La Balade pour une Journ\u00e9e d\u2019int\u00e9gration plac\u00e9e sous le signe de la convivialit\u00e9 et de l\u2019immersion.<\/p>\n<p>&nbsp;<\/p>\n<\/div>\n<div>\n<p>Pens\u00e9e pour accueillir les nouveaux arrivants et renforcer la coh\u00e9sion entre promotions, cette journ\u00e9e a offert un programme rythm\u00e9 d\u2019animations, de d\u00e9fis collectifs et de moments de partage. Jeux de team building, challenges sportifs et activit\u00e9s ludiques ont permis aux participants de faire connaissance, de cr\u00e9er des liens durables et de s\u2019approprier l\u2019esprit ISGA : ouverture, engagement, interaction et excellence, autant humaine qu\u2019acad\u00e9mique.<\/p>\n<p>&nbsp;<\/p>\n<\/div>\n<div>\n<p>Au-del\u00e0 du divertissement, l\u2019\u00e9v\u00e9nement a valoris\u00e9 la d\u00e9couverte de l\u2019institution et de ses valeurs, tout en favorisant une participation active et une communication positive entre \u00e9tudiants. En d\u00e9veloppant l\u2019esprit d\u2019\u00e9quipe et le sentiment d\u2019appartenance, la Journ\u00e9e d\u2019int\u00e9gration constitue une \u00e9tape essentielle dans le parcours de chaque apprenant.<\/p>\n<p>&nbsp;<\/p>\n<\/div>\n<div>\n<p>L\u2019ISGA Casablanca remercie l\u2019ensemble des \u00e9tudiants pour leur \u00e9nergie et leur enthousiasme, ainsi que les \u00e9quipes mobilis\u00e9es pour la r\u00e9ussite de ce temps fort de rentr\u00e9e. Cette initiative marque la volont\u00e9 du campus d\u2019accompagner chacun d\u00e8s le premier jour, en cultivant un climat de confiance propice \u00e0 la r\u00e9ussite et \u00e0 l\u2019\u00e9panouissement durable.<\/p>\n<\/div>\n<\/div>\n<\/div>\n<p><!-- notionvc: ebc91b62-c054-4e34-9660-4537308a159f --><\/p>\n<p>[\/et_pb_text][et_pb_gallery gallery_ids=\u00a0\u00bb12412,12413,12414,12415,12416,12417,12418,12419,12420,12421,12422,12423,12424,12425,12426,12427,12428,12429,12430,12431,12432,12433,12434,12435,12436,12437,12438,12439,12440,12441,12442,12443,12444,12445,12446,12447,12448,12449,12450,12451,12452,12453,12454,12455,12456,12457,12458,12459&Prime; _builder_version=\u00a0\u00bb4.9.7&Prime; _module_preset=\u00a0\u00bbdefault\u00a0\u00bb][\/et_pb_gallery][\/et_pb_column][\/et_pb_row][\/et_pb_section]<\/p>\n","protected":false},"excerpt":{"rendered":"<p>Mercredi 5 novembre 2025, l\u2019ISGA Casablanca a donn\u00e9 le coup d\u2019envoi de l\u2019ann\u00e9e universitaire 2025\/2026 en r\u00e9unissant ses \u00e9tudiants au Complexe La Balade pour une Journ\u00e9e d\u2019int\u00e9gration plac\u00e9e sous le signe de la convivialit\u00e9 et de l\u2019immersion.<\/p>\n","protected":false},"author":583,"featured_media":12459,"comment_status":"closed","ping_status":"closed","sticky":false,"template":"","format":"standard","meta":{"_et_pb_use_builder":"on","_et_pb_old_content":"","_et_gb_content_width":"","content-type":"","footnotes":""},"categories":[36],"tags":[],"class_list":["post-12410","post","type-post","status-publish","format-standard","has-post-thumbnail","hentry","category-actualite"],"yoast_head":"<!-- This site is optimized with the Yoast SEO plugin v27.5 - https:\/\/yoast.com\/product\/yoast-seo-wordpress\/ -->\n<title>Journ\u00e9e d\u2019int\u00e9gration 2025\/2026 : l\u2019ISGA lance l\u2019ann\u00e9e sous le signe de la coh\u00e9sion - ISGA Institut Sup\u00e9rieur d&#039;Ing\u00e9nierie &amp; des Affaires<\/title>\n<meta name=\"description\" content=\"Mercredi 5 novembre 2025, l\u2019ISGA Casablanca a donn\u00e9 le coup d\u2019envoi de l\u2019ann\u00e9e universitaire 2025\/2026 en r\u00e9unissant ses \u00e9tudiants au Complexe La Balade pour une Journ\u00e9e d\u2019int\u00e9gration plac\u00e9e sous le signe de la convivialit\u00e9 et de l\u2019immersion.\" \/>\n<meta name=\"robots\" content=\"noindex, follow, max-snippet:-1, max-image-preview:large, max-video-preview:-1\" \/>\n<meta property=\"og:locale\" content=\"fr_FR\" \/>\n<meta property=\"og:type\" content=\"article\" \/>\n<meta property=\"og:title\" content=\"Journ\u00e9e d\u2019int\u00e9gration 2025\/2026 : l\u2019ISGA lance l\u2019ann\u00e9e sous le signe de la coh\u00e9sion - ISGA Institut Sup\u00e9rieur d&#039;Ing\u00e9nierie &amp; des Affaires\" \/>\n<meta property=\"og:description\" content=\"Mercredi 5 novembre 2025, l\u2019ISGA Casablanca a donn\u00e9 le coup d\u2019envoi de l\u2019ann\u00e9e universitaire 2025\/2026 en r\u00e9unissant ses \u00e9tudiants au Complexe La Balade pour une Journ\u00e9e d\u2019int\u00e9gration plac\u00e9e sous le signe de la convivialit\u00e9 et de l\u2019immersion.\" \/>\n<meta property=\"og:url\" content=\"https:\/\/isga.ma\/isga\/journee-integration-2025-2026-isga-lance-annee-signe-cohesion\/\" \/>\n<meta property=\"og:site_name\" content=\"ISGA Institut Sup\u00e9rieur d&#039;Ing\u00e9nierie &amp; des Affaires\" \/>\n<meta property=\"article:published_time\" content=\"2026-01-20T16:22:07+00:00\" \/>\n<meta property=\"article:modified_time\" content=\"2026-01-20T16:23:46+00:00\" \/>\n<meta property=\"og:image\" content=\"https:\/\/isga.ma\/isga\/wp-content\/uploads\/2026\/01\/IMG_7587.jpg\" \/>\n\t<meta property=\"og:image:width\" content=\"1024\" \/>\n\t<meta property=\"og:image:height\" content=\"683\" \/>\n\t<meta property=\"og:image:type\" content=\"image\/jpeg\" \/>\n<meta name=\"author\" content=\"Guillaume Magnard\" \/>\n<meta name=\"twitter:card\" content=\"summary_large_image\" \/>\n<meta name=\"twitter:label1\" content=\"\u00c9crit par\" \/>\n\t<meta name=\"twitter:data1\" content=\"Guillaume Magnard\" \/>\n\t<meta name=\"twitter:label2\" content=\"Dur\u00e9e de lecture estim\u00e9e\" \/>\n\t<meta name=\"twitter:data2\" content=\"12 minutes\" \/>\n<script type=\"application\/ld+json\" class=\"yoast-schema-graph\">{\"@context\":\"https:\\\/\\\/schema.org\",\"@graph\":[{\"@type\":\"Article\",\"@id\":\"https:\\\/\\\/isga.ma\\\/isga\\\/journee-integration-2025-2026-isga-lance-annee-signe-cohesion\\\/#article\",\"isPartOf\":{\"@id\":\"https:\\\/\\\/isga.ma\\\/isga\\\/journee-integration-2025-2026-isga-lance-annee-signe-cohesion\\\/\"},\"author\":{\"name\":\"Guillaume Magnard\",\"@id\":\"https:\\\/\\\/isga.ma\\\/isga\\\/#\\\/schema\\\/person\\\/3995cccf4ff270f8f63aa143de32c249\"},\"headline\":\"Journ\u00e9e d\u2019int\u00e9gration 2025\\\/2026 : l\u2019ISGA lance l\u2019ann\u00e9e sous le signe de la coh\u00e9sion\",\"datePublished\":\"2026-01-20T16:22:07+00:00\",\"dateModified\":\"2026-01-20T16:23:46+00:00\",\"mainEntityOfPage\":{\"@id\":\"https:\\\/\\\/isga.ma\\\/isga\\\/journee-integration-2025-2026-isga-lance-annee-signe-cohesion\\\/\"},\"wordCount\":337,\"image\":{\"@id\":\"https:\\\/\\\/isga.ma\\\/isga\\\/journee-integration-2025-2026-isga-lance-annee-signe-cohesion\\\/#primaryimage\"},\"thumbnailUrl\":\"https:\\\/\\\/isga.ma\\\/isga\\\/wp-content\\\/uploads\\\/2026\\\/01\\\/IMG_7587.jpg\",\"articleSection\":[\"Actualit\u00e9\"],\"inLanguage\":\"fr-FR\"},{\"@type\":\"WebPage\",\"@id\":\"https:\\\/\\\/isga.ma\\\/isga\\\/journee-integration-2025-2026-isga-lance-annee-signe-cohesion\\\/\",\"url\":\"https:\\\/\\\/isga.ma\\\/isga\\\/journee-integration-2025-2026-isga-lance-annee-signe-cohesion\\\/\",\"name\":\"Journ\u00e9e d\u2019int\u00e9gration 2025\\\/2026 : l\u2019ISGA lance l\u2019ann\u00e9e sous le signe de la coh\u00e9sion - ISGA Institut Sup\u00e9rieur d&#039;Ing\u00e9nierie &amp; des Affaires\",\"isPartOf\":{\"@id\":\"https:\\\/\\\/isga.ma\\\/isga\\\/#website\"},\"primaryImageOfPage\":{\"@id\":\"https:\\\/\\\/isga.ma\\\/isga\\\/journee-integration-2025-2026-isga-lance-annee-signe-cohesion\\\/#primaryimage\"},\"image\":{\"@id\":\"https:\\\/\\\/isga.ma\\\/isga\\\/journee-integration-2025-2026-isga-lance-annee-signe-cohesion\\\/#primaryimage\"},\"thumbnailUrl\":\"https:\\\/\\\/isga.ma\\\/isga\\\/wp-content\\\/uploads\\\/2026\\\/01\\\/IMG_7587.jpg\",\"datePublished\":\"2026-01-20T16:22:07+00:00\",\"dateModified\":\"2026-01-20T16:23:46+00:00\",\"author\":{\"@id\":\"https:\\\/\\\/isga.ma\\\/isga\\\/#\\\/schema\\\/person\\\/3995cccf4ff270f8f63aa143de32c249\"},\"description\":\"Mercredi 5 novembre 2025, l\u2019ISGA Casablanca a donn\u00e9 le coup d\u2019envoi de l\u2019ann\u00e9e universitaire 2025\\\/2026 en r\u00e9unissant ses \u00e9tudiants au Complexe La Balade pour une Journ\u00e9e d\u2019int\u00e9gration plac\u00e9e sous le signe de la convivialit\u00e9 et de l\u2019immersion.\",\"breadcrumb\":{\"@id\":\"https:\\\/\\\/isga.ma\\\/isga\\\/journee-integration-2025-2026-isga-lance-annee-signe-cohesion\\\/#breadcrumb\"},\"inLanguage\":\"fr-FR\",\"potentialAction\":[{\"@type\":\"ReadAction\",\"target\":[\"https:\\\/\\\/isga.ma\\\/isga\\\/journee-integration-2025-2026-isga-lance-annee-signe-cohesion\\\/\"]}]},{\"@type\":\"ImageObject\",\"inLanguage\":\"fr-FR\",\"@id\":\"https:\\\/\\\/isga.ma\\\/isga\\\/journee-integration-2025-2026-isga-lance-annee-signe-cohesion\\\/#primaryimage\",\"url\":\"https:\\\/\\\/isga.ma\\\/isga\\\/wp-content\\\/uploads\\\/2026\\\/01\\\/IMG_7587.jpg\",\"contentUrl\":\"https:\\\/\\\/isga.ma\\\/isga\\\/wp-content\\\/uploads\\\/2026\\\/01\\\/IMG_7587.jpg\",\"width\":5184,\"height\":3456},{\"@type\":\"BreadcrumbList\",\"@id\":\"https:\\\/\\\/isga.ma\\\/isga\\\/journee-integration-2025-2026-isga-lance-annee-signe-cohesion\\\/#breadcrumb\",\"itemListElement\":[{\"@type\":\"ListItem\",\"position\":1,\"name\":\"Accueil\",\"item\":\"https:\\\/\\\/isga.ma\\\/isga\\\/\"},{\"@type\":\"ListItem\",\"position\":2,\"name\":\"Journ\u00e9e d\u2019int\u00e9gration 2025\\\/2026 : l\u2019ISGA lance l\u2019ann\u00e9e sous le signe de la coh\u00e9sion\"}]},{\"@type\":\"WebSite\",\"@id\":\"https:\\\/\\\/isga.ma\\\/isga\\\/#website\",\"url\":\"https:\\\/\\\/isga.ma\\\/isga\\\/\",\"name\":\"ISGA Institut Sup\u00e9rieur d&#039;Ing\u00e9nierie &amp; des Affaires\",\"description\":\"Le chemin de la r\u00e9ussite depuis 1981\",\"potentialAction\":[{\"@type\":\"SearchAction\",\"target\":{\"@type\":\"EntryPoint\",\"urlTemplate\":\"https:\\\/\\\/isga.ma\\\/isga\\\/?s={search_term_string}\"},\"query-input\":{\"@type\":\"PropertyValueSpecification\",\"valueRequired\":true,\"valueName\":\"search_term_string\"}}],\"inLanguage\":\"fr-FR\"},{\"@type\":\"Person\",\"@id\":\"https:\\\/\\\/isga.ma\\\/isga\\\/#\\\/schema\\\/person\\\/3995cccf4ff270f8f63aa143de32c249\",\"name\":\"Guillaume Magnard\",\"image\":{\"@type\":\"ImageObject\",\"inLanguage\":\"fr-FR\",\"@id\":\"https:\\\/\\\/secure.gravatar.com\\\/avatar\\\/7b582095c27d96fbbce3cc9dce30e6ee94e30be03a68af519e953512dac07e20?s=96&d=mm&r=g\",\"url\":\"https:\\\/\\\/secure.gravatar.com\\\/avatar\\\/7b582095c27d96fbbce3cc9dce30e6ee94e30be03a68af519e953512dac07e20?s=96&d=mm&r=g\",\"contentUrl\":\"https:\\\/\\\/secure.gravatar.com\\\/avatar\\\/7b582095c27d96fbbce3cc9dce30e6ee94e30be03a68af519e953512dac07e20?s=96&d=mm&r=g\",\"caption\":\"Guillaume Magnard\"},\"url\":\"https:\\\/\\\/isga.ma\\\/isga\\\/author\\\/guillaume-magnard\\\/\"}]}<\/script>\n<!-- \/ Yoast SEO plugin. -->","yoast_head_json":{"title":"Journ\u00e9e d\u2019int\u00e9gration 2025\/2026 : l\u2019ISGA lance l\u2019ann\u00e9e sous le signe de la coh\u00e9sion - ISGA Institut Sup\u00e9rieur d&#039;Ing\u00e9nierie &amp; des Affaires","description":"Mercredi 5 novembre 2025, l\u2019ISGA Casablanca a donn\u00e9 le coup d\u2019envoi de l\u2019ann\u00e9e universitaire 2025\/2026 en r\u00e9unissant ses \u00e9tudiants au Complexe La Balade pour une Journ\u00e9e d\u2019int\u00e9gration plac\u00e9e sous le signe de la convivialit\u00e9 et de l\u2019immersion.","robots":{"index":"noindex","follow":"follow","max-snippet":"max-snippet:-1","max-image-preview":"max-image-preview:large","max-video-preview":"max-video-preview:-1"},"og_locale":"fr_FR","og_type":"article","og_title":"Journ\u00e9e d\u2019int\u00e9gration 2025\/2026 : l\u2019ISGA lance l\u2019ann\u00e9e sous le signe de la coh\u00e9sion - ISGA Institut Sup\u00e9rieur d&#039;Ing\u00e9nierie &amp; des Affaires","og_description":"Mercredi 5 novembre 2025, l\u2019ISGA Casablanca a donn\u00e9 le coup d\u2019envoi de l\u2019ann\u00e9e universitaire 2025\/2026 en r\u00e9unissant ses \u00e9tudiants au Complexe La Balade pour une Journ\u00e9e d\u2019int\u00e9gration plac\u00e9e sous le signe de la convivialit\u00e9 et de l\u2019immersion.","og_url":"https:\/\/isga.ma\/isga\/journee-integration-2025-2026-isga-lance-annee-signe-cohesion\/","og_site_name":"ISGA Institut Sup\u00e9rieur d&#039;Ing\u00e9nierie &amp; des Affaires","article_published_time":"2026-01-20T16:22:07+00:00","article_modified_time":"2026-01-20T16:23:46+00:00","og_image":[{"url":"https:\/\/isga.ma\/isga\/wp-content\/uploads\/2026\/01\/IMG_7587.jpg","width":1024,"height":683,"type":"image\/jpeg"}],"author":"Guillaume Magnard","twitter_card":"summary_large_image","twitter_misc":{"\u00c9crit par":"Guillaume Magnard","Dur\u00e9e de lecture estim\u00e9e":"12 minutes"},"schema":{"@context":"https:\/\/schema.org","@graph":[{"@type":"Article","@id":"https:\/\/isga.ma\/isga\/journee-integration-2025-2026-isga-lance-annee-signe-cohesion\/#article","isPartOf":{"@id":"https:\/\/isga.ma\/isga\/journee-integration-2025-2026-isga-lance-annee-signe-cohesion\/"},"author":{"name":"Guillaume Magnard","@id":"https:\/\/isga.ma\/isga\/#\/schema\/person\/3995cccf4ff270f8f63aa143de32c249"},"headline":"Journ\u00e9e d\u2019int\u00e9gration 2025\/2026 : l\u2019ISGA lance l\u2019ann\u00e9e sous le signe de la coh\u00e9sion","datePublished":"2026-01-20T16:22:07+00:00","dateModified":"2026-01-20T16:23:46+00:00","mainEntityOfPage":{"@id":"https:\/\/isga.ma\/isga\/journee-integration-2025-2026-isga-lance-annee-signe-cohesion\/"},"wordCount":337,"image":{"@id":"https:\/\/isga.ma\/isga\/journee-integration-2025-2026-isga-lance-annee-signe-cohesion\/#primaryimage"},"thumbnailUrl":"https:\/\/isga.ma\/isga\/wp-content\/uploads\/2026\/01\/IMG_7587.jpg","articleSection":["Actualit\u00e9"],"inLanguage":"fr-FR"},{"@type":"WebPage","@id":"https:\/\/isga.ma\/isga\/journee-integration-2025-2026-isga-lance-annee-signe-cohesion\/","url":"https:\/\/isga.ma\/isga\/journee-integration-2025-2026-isga-lance-annee-signe-cohesion\/","name":"Journ\u00e9e d\u2019int\u00e9gration 2025\/2026 : l\u2019ISGA lance l\u2019ann\u00e9e sous le signe de la coh\u00e9sion - ISGA Institut Sup\u00e9rieur d&#039;Ing\u00e9nierie &amp; des Affaires","isPartOf":{"@id":"https:\/\/isga.ma\/isga\/#website"},"primaryImageOfPage":{"@id":"https:\/\/isga.ma\/isga\/journee-integration-2025-2026-isga-lance-annee-signe-cohesion\/#primaryimage"},"image":{"@id":"https:\/\/isga.ma\/isga\/journee-integration-2025-2026-isga-lance-annee-signe-cohesion\/#primaryimage"},"thumbnailUrl":"https:\/\/isga.ma\/isga\/wp-content\/uploads\/2026\/01\/IMG_7587.jpg","datePublished":"2026-01-20T16:22:07+00:00","dateModified":"2026-01-20T16:23:46+00:00","author":{"@id":"https:\/\/isga.ma\/isga\/#\/schema\/person\/3995cccf4ff270f8f63aa143de32c249"},"description":"Mercredi 5 novembre 2025, l\u2019ISGA Casablanca a donn\u00e9 le coup d\u2019envoi de l\u2019ann\u00e9e universitaire 2025\/2026 en r\u00e9unissant ses \u00e9tudiants au Complexe La Balade pour une Journ\u00e9e d\u2019int\u00e9gration plac\u00e9e sous le signe de la convivialit\u00e9 et de l\u2019immersion.","breadcrumb":{"@id":"https:\/\/isga.ma\/isga\/journee-integration-2025-2026-isga-lance-annee-signe-cohesion\/#breadcrumb"},"inLanguage":"fr-FR","potentialAction":[{"@type":"ReadAction","target":["https:\/\/isga.ma\/isga\/journee-integration-2025-2026-isga-lance-annee-signe-cohesion\/"]}]},{"@type":"ImageObject","inLanguage":"fr-FR","@id":"https:\/\/isga.ma\/isga\/journee-integration-2025-2026-isga-lance-annee-signe-cohesion\/#primaryimage","url":"https:\/\/isga.ma\/isga\/wp-content\/uploads\/2026\/01\/IMG_7587.jpg","contentUrl":"https:\/\/isga.ma\/isga\/wp-content\/uploads\/2026\/01\/IMG_7587.jpg","width":5184,"height":3456},{"@type":"BreadcrumbList","@id":"https:\/\/isga.ma\/isga\/journee-integration-2025-2026-isga-lance-annee-signe-cohesion\/#breadcrumb","itemListElement":[{"@type":"ListItem","position":1,"name":"Accueil","item":"https:\/\/isga.ma\/isga\/"},{"@type":"ListItem","position":2,"name":"Journ\u00e9e d\u2019int\u00e9gration 2025\/2026 : l\u2019ISGA lance l\u2019ann\u00e9e sous le signe de la coh\u00e9sion"}]},{"@type":"WebSite","@id":"https:\/\/isga.ma\/isga\/#website","url":"https:\/\/isga.ma\/isga\/","name":"ISGA Institut Sup\u00e9rieur d&#039;Ing\u00e9nierie &amp; des Affaires","description":"Le chemin de la r\u00e9ussite depuis 1981","potentialAction":[{"@type":"SearchAction","target":{"@type":"EntryPoint","urlTemplate":"https:\/\/isga.ma\/isga\/?s={search_term_string}"},"query-input":{"@type":"PropertyValueSpecification","valueRequired":true,"valueName":"search_term_string"}}],"inLanguage":"fr-FR"},{"@type":"Person","@id":"https:\/\/isga.ma\/isga\/#\/schema\/person\/3995cccf4ff270f8f63aa143de32c249","name":"Guillaume Magnard","image":{"@type":"ImageObject","inLanguage":"fr-FR","@id":"https:\/\/secure.gravatar.com\/avatar\/7b582095c27d96fbbce3cc9dce30e6ee94e30be03a68af519e953512dac07e20?s=96&d=mm&r=g","url":"https:\/\/secure.gravatar.com\/avatar\/7b582095c27d96fbbce3cc9dce30e6ee94e30be03a68af519e953512dac07e20?s=96&d=mm&r=g","contentUrl":"https:\/\/secure.gravatar.com\/avatar\/7b582095c27d96fbbce3cc9dce30e6ee94e30be03a68af519e953512dac07e20?s=96&d=mm&r=g","caption":"Guillaume Magnard"},"url":"https:\/\/isga.ma\/isga\/author\/guillaume-magnard\/"}]}},"_links":{"self":[{"href":"https:\/\/isga.ma\/isga\/wp-json\/wp\/v2\/posts\/12410","targetHints":{"allow":["GET"]}}],"collection":[{"href":"https:\/\/isga.ma\/isga\/wp-json\/wp\/v2\/posts"}],"about":[{"href":"https:\/\/isga.ma\/isga\/wp-json\/wp\/v2\/types\/post"}],"author":[{"embeddable":true,"href":"https:\/\/isga.ma\/isga\/wp-json\/wp\/v2\/users\/583"}],"replies":[{"embeddable":true,"href":"https:\/\/isga.ma\/isga\/wp-json\/wp\/v2\/comments?post=12410"}],"version-history":[{"count":3,"href":"https:\/\/isga.ma\/isga\/wp-json\/wp\/v2\/posts\/12410\/revisions"}],"predecessor-version":[{"id":12462,"href":"https:\/\/isga.ma\/isga\/wp-json\/wp\/v2\/posts\/12410\/revisions\/12462"}],"wp:featuredmedia":[{"embeddable":true,"href":"https:\/\/isga.ma\/isga\/wp-json\/wp\/v2\/media\/12459"}],"wp:attachment":[{"href":"https:\/\/isga.ma\/isga\/wp-json\/wp\/v2\/media?parent=12410"}],"wp:term":[{"taxonomy":"category","embeddable":true,"href":"https:\/\/isga.ma\/isga\/wp-json\/wp\/v2\/categories?post=12410"},{"taxonomy":"post_tag","embeddable":true,"href":"https:\/\/isga.ma\/isga\/wp-json\/wp\/v2\/tags?post=12410"}],"curies":[{"name":"wp","href":"https:\/\/api.w.org\/{rel}","templated":true}]}}