{"id":6605,"date":"2022-03-24T18:19:54","date_gmt":"2022-03-24T17:19:54","guid":{"rendered":"https:\/\/isga.ma\/isga\/?p=6605"},"modified":"2022-11-02T10:33:39","modified_gmt":"2022-11-02T09:33:39","slug":"lisga-publie-une-etude-sur-le-marche-de-lemploi-au-maroc-pendant-la-crise-covid","status":"publish","type":"post","link":"https:\/\/isga.ma\/isga\/lisga-publie-une-etude-sur-le-marche-de-lemploi-au-maroc-pendant-la-crise-covid\/","title":{"rendered":"L&rsquo;ISGA publie une \u00e9tude sur le march\u00e9 de l&#8217;emploi au Maroc pendant la crise COVID"},"content":{"rendered":"<p>[et_pb_section fb_built=\u00a0\u00bb1&Prime; _builder_version=\u00a0\u00bb3.22&Prime;][et_pb_row _builder_version=\u00a0\u00bb3.25&Prime; background_size=\u00a0\u00bbinitial\u00a0\u00bb background_position=\u00a0\u00bbtop_left\u00a0\u00bb background_repeat=\u00a0\u00bbrepeat\u00a0\u00bb][et_pb_column type=\u00a0\u00bb4_4&Prime; _builder_version=\u00a0\u00bb3.25&Prime; custom_padding=\u00a0\u00bb|||\u00a0\u00bb custom_padding__hover=\u00a0\u00bb|||\u00a0\u00bb][et_pb_text _builder_version=\u00a0\u00bb4.9.7&Prime; background_size=\u00a0\u00bbinitial\u00a0\u00bb background_position=\u00a0\u00bbtop_left\u00a0\u00bb background_repeat=\u00a0\u00bbrepeat\u00a0\u00bb]<\/p>\n<p>L\u2019\u00e9conomie nationale du Maroc a cr\u00e9\u00e9 230 000 emplois entre 2020 et 2021 (selon le HCP). L\u2019ISGA a r\u00e9alis\u00e9 une \u00e9tude sur le march\u00e9 du recrutement au Maroc en pleine crise du COVID (1er semestre 2021), dans laquelle sont r\u00e9pertori\u00e9s les m\u00e9tiers les plus recherch\u00e9s, les recruteurs principaux, les niveaux d\u2019\u00e9tudes demand\u00e9s, les salaires propos\u00e9s, la r\u00e9partition par ville. 2214 offres d\u2019emploi, publi\u00e9es sur les sites rekrute.com et emploi.ma, ont ainsi \u00e9t\u00e9 \u00e9tudi\u00e9es sur une p\u00e9riode de 6 mois. Un \u00e9clairage int\u00e9ressant pour les \u00e9tudiants, pour les entreprises et pour tous les acteurs de l\u2019\u00e9conomie marocaine sur les \u00e9volutions du march\u00e9 de l\u2019emploi en temps de crise pand\u00e9mique.<\/p>\n<p>[\/et_pb_text][et_pb_text _builder_version=\u00a0\u00bb4.9.7&Prime; background_size=\u00a0\u00bbinitial\u00a0\u00bb background_position=\u00a0\u00bbtop_left\u00a0\u00bb background_repeat=\u00a0\u00bbrepeat\u00a0\u00bb]<\/p>\n<h3>CONCLUSION DE L\u2019ETUDE ISGA<\/h3>\n<p>L\u2019analyse textuelle des offres d\u2019emploi et leur comparaison par rapport aux donn\u00e9es de 2016 a permis d\u2019aboutir aux conclusions suivantes :<\/p>\n<p>&nbsp;<\/p>\n<p>[\/et_pb_text][\/et_pb_column][\/et_pb_row][et_pb_row column_structure=\u00a0\u00bb1_3,1_3,1_3&Prime; _builder_version=\u00a0\u00bb4.9.7&Prime; _module_preset=\u00a0\u00bbdefault\u00a0\u00bb locked=\u00a0\u00bboff\u00a0\u00bb][et_pb_column type=\u00a0\u00bb1_3&Prime; _builder_version=\u00a0\u00bb4.9.7&Prime; _module_preset=\u00a0\u00bbdefault\u00a0\u00bb][et_pb_testimonial admin_label=\u00a0\u00bbaxe1&Prime; _builder_version=\u00a0\u00bb4.9.7&Prime; _module_preset=\u00a0\u00bbdefault\u00a0\u00bb]<\/p>\n<p><strong>Polarisation des emplois<\/strong> <\/p>\n<p>Nous assistons \u00e0 un accroissement simultan\u00e9 de la part des m\u00e9tiers les plus qualifi\u00e9s et de celle des tr\u00e8s peu qualifi\u00e9s, induisant une baisse concomitante de la proportion des effectifs en emploi au milieu de l\u2019\u00e9chelle des qualifications.<\/p>\n<p>[\/et_pb_testimonial][et_pb_testimonial admin_label=\u00a0\u00bbaxe4&Prime; _builder_version=\u00a0\u00bb4.9.7&Prime; _module_preset=\u00a0\u00bbdefault\u00a0\u00bb]<\/p>\n<p><strong>Vers une \u00ab freelance nation \u00bb<\/strong><\/p>\n<p>nous assistons \u00e0 un d\u00e9veloppement fulgurant du travail ind\u00e9pendant.<\/p>\n<p>[\/et_pb_testimonial][et_pb_testimonial admin_label=\u00a0\u00bbaxe4&Prime; _builder_version=\u00a0\u00bb4.9.7&Prime; _module_preset=\u00a0\u00bbdefault\u00a0\u00bb]<\/p>\n<p><strong>Les soft skills sont la priorit\u00e9 \u00e0 l\u2019embauche<\/strong><\/p>\n<p>4 sur les 5 comp\u00e9tences les plus demand\u00e9es par les recruteurs sont des soft skills.<\/p>\n<p>[\/et_pb_testimonial][\/et_pb_column][et_pb_column type=\u00a0\u00bb1_3&Prime; _builder_version=\u00a0\u00bb4.9.7&Prime; _module_preset=\u00a0\u00bbdefault\u00a0\u00bb][et_pb_testimonial admin_label=\u00a0\u00bbaxe2&Prime; _builder_version=\u00a0\u00bb4.9.7&Prime; _module_preset=\u00a0\u00bbdefault\u00a0\u00bb]<\/p>\n<p><strong>Tertiarisation des emplois<\/strong><\/p>\n<p>la cr\u00e9ation d\u2019emploi dans le secteur des services (50% des cr\u00e9ation de postes) est de plus en plus dominante notamment dans le contexte de crise que nous avons connu.<\/p>\n<p>[\/et_pb_testimonial][et_pb_testimonial admin_label=\u00a0\u00bbaxe5&Prime; _builder_version=\u00a0\u00bb4.9.7&Prime; _module_preset=\u00a0\u00bbdefault\u00a0\u00bb]<\/p>\n<p><strong>L\u2019exp\u00e9rience pour faire face \u00e0 la crise <\/strong> <\/p>\n<p>Les d\u00e9butants sont moins recherch\u00e9s (2 fois moins) par rapport \u00e0 2016, ce qui d\u00e9montre que les recruteurs ont tendance \u00e0 privil\u00e9gier l\u2019exp\u00e9rience en temps de crises.<\/p>\n<p>[\/et_pb_testimonial][\/et_pb_column][et_pb_column type=\u00a0\u00bb1_3&Prime; _builder_version=\u00a0\u00bb4.9.7&Prime; _module_preset=\u00a0\u00bbdefault\u00a0\u00bb][et_pb_testimonial admin_label=\u00a0\u00bbaxe3&Prime; _builder_version=\u00a0\u00bb4.9.7&Prime; _module_preset=\u00a0\u00bbdefault\u00a0\u00bb]<\/p>\n<p><strong>Concentration des emplois<\/strong> <\/p>\n<p>63% des offres sont situ\u00e9s \u00e0 Casablanca et 78% des emplois sont \u00e0 Casablanca et Rabat.<\/p>\n<p>[\/et_pb_testimonial][et_pb_testimonial admin_label=\u00a0\u00bbaxe6&Prime; _builder_version=\u00a0\u00bb4.9.7&Prime; _module_preset=\u00a0\u00bbdefault\u00a0\u00bb]<\/p>\n<p><strong>La transition num\u00e9rique plus que jamais \u00e0 l\u2019\u0153uvre<\/strong><\/p>\n<p>le secteur et les m\u00e9tiers de l\u2019informatique offrent les meilleures perspectives d\u2019emploi au Maroc et encore plus avec l\u2019acc\u00e9l\u00e9ration de la digitalisation pendant cette p\u00e9riode pand\u00e9mique.<\/p>\n<p>[\/et_pb_testimonial][\/et_pb_column][\/et_pb_row][\/et_pb_section][et_pb_section fb_built=\u00a0\u00bb1&Prime; _builder_version=\u00a0\u00bb3.22&Prime; locked=\u00a0\u00bboff\u00a0\u00bb][et_pb_row column_structure=\u00a0\u00bb1_3,1_3,1_3&Prime; _builder_version=\u00a0\u00bb3.25&Prime; background_size=\u00a0\u00bbinitial\u00a0\u00bb background_position=\u00a0\u00bbtop_left\u00a0\u00bb background_repeat=\u00a0\u00bbrepeat\u00a0\u00bb][et_pb_column type=\u00a0\u00bb1_3&Prime; _builder_version=\u00a0\u00bb3.25&Prime; custom_padding=\u00a0\u00bb|||\u00a0\u00bb custom_padding__hover=\u00a0\u00bb|||\u00a0\u00bb][et_pb_text _builder_version=\u00a0\u00bb4.9.7&Prime; background_size=\u00a0\u00bbinitial\u00a0\u00bb background_position=\u00a0\u00bbtop_left\u00a0\u00bb background_repeat=\u00a0\u00bbrepeat\u00a0\u00bb]<\/p>\n<p>&nbsp;<\/p>\n<h4>TOP 5 des m\u00e9tiers qui recrutent<\/h4>\n<ol>\n<li>Informatique, \u00e9lectronique<\/li>\n<li>Vente<\/li>\n<li>Comptabilit\u00e9, Finance<\/li>\n<li>Multim\u00e9dia, internet<\/li>\n<li>Ressources humaines<\/li>\n<\/ol>\n<p>[\/et_pb_text][et_pb_text _builder_version=\u00a0\u00bb4.9.7&Prime; background_size=\u00a0\u00bbinitial\u00a0\u00bb background_position=\u00a0\u00bbtop_left\u00a0\u00bb background_repeat=\u00a0\u00bbrepeat\u00a0\u00bb]<\/p>\n<p>&nbsp;<\/p>\n<h4>TOP 5 des secteurs qui recrutent<\/h4>\n<ol>\n<li>Informatique<\/li>\n<li>Banque, Finance<\/li>\n<li>Commerce, distribution<\/li>\n<li>Centres d\u2019appel<\/li>\n<li>Automobile<\/li>\n<\/ol>\n<p>[\/et_pb_text][\/et_pb_column][et_pb_column type=\u00a0\u00bb1_3&Prime; _builder_version=\u00a0\u00bb3.25&Prime; custom_padding=\u00a0\u00bb|||\u00a0\u00bb custom_padding__hover=\u00a0\u00bb|||\u00a0\u00bb][et_pb_text _builder_version=\u00a0\u00bb4.9.7&Prime; background_size=\u00a0\u00bbinitial\u00a0\u00bb background_position=\u00a0\u00bbtop_left\u00a0\u00bb background_repeat=\u00a0\u00bbrepeat\u00a0\u00bb]<\/p>\n<p>&nbsp;<\/p>\n<h4>TOP 5 des comp\u00e9tences les plus demand\u00e9s par les recruteurs au Maroc<\/h4>\n<ol>\n<li>Langues\/communication<\/li>\n<li>Num\u00e9rique \/ informatique<\/li>\n<li>Capacit\u00e9s relationnelles<\/li>\n<li>Sens de l\u2019organisation, rigueur<\/li>\n<li>Adaptabilit\u00e9, prise d\u2019initiative<\/li>\n<\/ol>\n<p>[\/et_pb_text][et_pb_text _builder_version=\u00a0\u00bb4.9.7&Prime; background_size=\u00a0\u00bbinitial\u00a0\u00bb background_position=\u00a0\u00bbtop_left\u00a0\u00bb background_repeat=\u00a0\u00bbrepeat\u00a0\u00bb]<\/p>\n<p>&nbsp;<\/p>\n<h4>TOP 5 des entreprises qui recrutent<\/h4>\n<ol>\n<li>Attijari<\/li>\n<li>Alten Maroc<\/li>\n<li>Vision Buinsess Consulting<\/li>\n<li>Atos<\/li>\n<li>Sofrecom<\/li>\n<\/ol>\n<p>[\/et_pb_text][\/et_pb_column][et_pb_column type=\u00a0\u00bb1_3&Prime; _builder_version=\u00a0\u00bb3.25&Prime; custom_padding=\u00a0\u00bb|||\u00a0\u00bb custom_padding__hover=\u00a0\u00bb|||\u00a0\u00bb][et_pb_text _builder_version=\u00a0\u00bb4.9.7&Prime; background_size=\u00a0\u00bbinitial\u00a0\u00bb background_position=\u00a0\u00bbtop_left\u00a0\u00bb background_repeat=\u00a0\u00bbrepeat\u00a0\u00bb]<\/p>\n<p>&nbsp;<\/p>\n<h4>TOP 5 des villes avec le plus d\u2019offres d\u2019emploi<\/h4>\n<ol>\n<li>Casablanca (63%)<\/li>\n<li>Rabat (15%)<\/li>\n<li>Tanger<\/li>\n<li>F\u00e8s<\/li>\n<li>Marrakech<\/li>\n<\/ol>\n<p>[\/et_pb_text][et_pb_image _builder_version=\u00a0\u00bb4.9.7&Prime; _module_preset=\u00a0\u00bbdefault\u00a0\u00bb][\/et_pb_image][\/et_pb_column][\/et_pb_row][et_pb_row _builder_version=\u00a0\u00bb3.25&Prime; background_size=\u00a0\u00bbinitial\u00a0\u00bb background_position=\u00a0\u00bbtop_left\u00a0\u00bb background_repeat=\u00a0\u00bbrepeat\u00a0\u00bb][et_pb_column type=\u00a0\u00bb4_4&Prime; _builder_version=\u00a0\u00bb3.25&Prime; custom_padding=\u00a0\u00bb|||\u00a0\u00bb custom_padding__hover=\u00a0\u00bb|||\u00a0\u00bb][et_pb_text _builder_version=\u00a0\u00bb4.9.7&Prime; background_size=\u00a0\u00bbinitial\u00a0\u00bb background_position=\u00a0\u00bbtop_left\u00a0\u00bb background_repeat=\u00a0\u00bbrepeat\u00a0\u00bb]&nbsp;<br \/>\nIl est par ailleurs flagrant que le niveau d\u2019\u00e9tudes est plus important que l\u2019exp\u00e9rience pour les recruteurs au Maroc. 62,2% des offres d\u2019emploi concernent les Bac +5. Le nombre d\u2019ann\u00e9es post Bac influence l\u2019employabilit\u00e9 bien s\u00fbr, mais aussi le niveau de poste et le salaire.<\/p>\n<p>Notre \u00e9tude prouve l\u2019importance pour les jeunes marocains d\u2019entreprendre des \u00e9tudes sup\u00e9rieures et de les mener \u00e0 terme pour favoriser leur employabilit\u00e9 et leur \u00e9volution professionnelle.<\/p>\n<p>En temps de crise les recruteurs donnent la priorit\u00e9 aux niveaux d\u2019exp\u00e9rience interm\u00e9diaires (54,9% des offres).<\/p>\n<p>Le m\u00e9tier de d\u00e9veloppeur s\u2019impose comme le m\u00e9tier le plus recherch\u00e9. Le secteur informatique est \u00e9galement le champion des recruteurs marocains tous m\u00e9tiers confondus et quel que soit le niveau d\u2019exp\u00e9rience et d\u2019\u00e9tudes.<\/p>\n<p>Le duo vainqueur : m\u00e9tier de d\u00e9veloppeur \/ secteur informatique prouve que le Maroc met le cap sur la digitalisation de ses entreprises, c\u2019est un imp\u00e9ratif, li\u00e9 au contexte de distanciation sociale et de confinement, surtout dans le domaine de la vente et du commerce.<\/p>\n<p>On note aussi un timide fr\u00e9missement du c\u00f4t\u00e9 des m\u00e9tiers de la Data science, qui pourraient prendre une part importante sur le march\u00e9 du recrutement dans les ann\u00e9es \u00e0 venir.<\/p>\n<p>Le CDI occupe encore une excellente place (88%) parmi les types de contrats propos\u00e9s. L\u2019offre freelance s\u2019impose, passant devant le CDD et l\u2019int\u00e9rim, un chiffre \u00e0 suivre de pr\u00e8s \u00e9tant donn\u00e9 les \u00e9volutions des modes de travail.<\/p>\n<p>Une entreprise sur cinq au Maroc a l\u2019intention de recruter en 2022, un chiffre encourageant pour l\u2019ann\u00e9e \u00e0 venir.[\/et_pb_text][et_pb_button button_url=\u00a0\u00bbhttps:\/\/info.isga.ma\/etude-emploi-2021&Prime; url_new_window=\u00a0\u00bbon\u00a0\u00bb button_text=\u00a0\u00bbT\u00e9l\u00e9chargez l&rsquo;\u00c9tude des offres d&#8217;emploi au Maroc\u00a0\u00bb _builder_version=\u00a0\u00bb4.9.7&Prime; _module_preset=\u00a0\u00bbdefault\u00a0\u00bb][\/et_pb_button][\/et_pb_column][\/et_pb_row][\/et_pb_section]<\/p>\n","protected":false},"excerpt":{"rendered":"<p>Ces nouveaux partenariats, dont nous sommes tr\u00e8s fiers, viennent en appui de notre nouvelle strat\u00e9gie et vont permettre d\u2019apporter imm\u00e9diatement une grande valeur ajout\u00e9e \u00e0 nos \u00e9tudiants : nouveaux accords de double dipl\u00f4mes et d\u2019\u00e9change acad\u00e9miques \u00e0 l\u2019international, nouvelles opportunit\u00e9s de stages et d\u2019emploi, accompagnement des porteurs de projets, une exp\u00e9rience apprenant plus riche, hybride et ouverte, animation du r\u00e9seau des dipl\u00f4m\u00e9s de l\u2019ISGA\u2026 <\/p>\n","protected":false},"author":4,"featured_media":8953,"comment_status":"open","ping_status":"open","sticky":false,"template":"","format":"standard","meta":{"_et_pb_use_builder":"on","_et_pb_old_content":"<p><b>L\u2019ISGA a \u00e9t\u00e9 partenaire de la 3e \u00e9dition du Congr\u00e8s International de Recherche en Finance et CCA organis\u00e9 par l'Association Marocaine du Contr\u00f4le, de Comptabilit\u00e9 et d'Audit, tenue sous le th\u00e8me \u00ab Transformation Digitale : Quelles reconfigurations pour quels enjeux ? \u00bb.\u00a0<\/b><\/p><p><b>Dans son intervention lors de la s\u00e9ance inaugurale du CIREFCCA,\u00a0le vendredi 10 d\u00e9cembre 2021, le\u00a0pr\u00e9sident du groupe ISGA, <a href=\"\/le-comite-de-direction-du-groupe-isga\">Tawhid Chtioui<\/a> a soulev\u00e9 plusieurs points sur la relation de la transformation digitale et de l\u2019intelligence artificielle dans le d\u00e9veloppement des m\u00e9tiers de la comptabilit\u00e9 et de l\u2019audit.\u00a0<\/b><\/p><p><b>\u00ab<\/b><b>D\u00e9mat\u00e9rialisation, Reconnaissance optique, Robotic Process Automation (RPA), Machine Learning, Analyse pr\u00e9dictive, Vision par ordinateur, Compr\u00e9hension du langage... L'intelligence artificielle et les big data transforment les m\u00e9tiers de la comptabilit\u00e9, contr\u00f4le et audit <\/b><b>\u00bb, a soutenu <a href=\"\/le-comite-de-direction-du-groupe-isga\">Tawhid Chtioui<\/a>.\u00a0<\/b><\/p><p><b>La 3e \u00e9dition du Congr\u00e8s International de Recherche en Finance et CCA a connu la participation de plusieurs experts du domaine, dont Aida Belgacem, Docteur en Economie, Mohamed Amine Boubnad, expert-comptable m\u00e9morialiste, Amine Nabil Bouayad, enseignant chercheur et directeur du laboratoire d\u2019Economie et de Gestion, Mohamed Achraf Nafzaoui, pr\u00e9sident de l\u2019AMCCA et Yassine Hilmi, enseignant chercheur \u00e0 l\u2019ENCG.\u00a0<\/b><\/p>","_et_gb_content_width":"","content-type":"","footnotes":""},"categories":[36],"tags":[],"class_list":["post-6605","post","type-post","status-publish","format-standard","has-post-thumbnail","hentry","category-actualite"],"yoast_head":"<!-- This site is optimized with the Yoast SEO plugin v27.5 - https:\/\/yoast.com\/product\/yoast-seo-wordpress\/ -->\n<title>L&#039;ISGA publie une \u00e9tude sur le march\u00e9 de l&#039;emploi au Maroc pendant la crise COVID - ISGA Institut Sup\u00e9rieur d&#039;Ing\u00e9nierie &amp; des Affaires<\/title>\n<meta name=\"robots\" content=\"noindex, follow, max-snippet:-1, max-image-preview:large, max-video-preview:-1\" \/>\n<meta property=\"og:locale\" content=\"fr_FR\" \/>\n<meta property=\"og:type\" content=\"article\" \/>\n<meta property=\"og:title\" content=\"L&#039;ISGA publie une \u00e9tude sur le march\u00e9 de l&#039;emploi au Maroc pendant la crise COVID - ISGA Institut Sup\u00e9rieur d&#039;Ing\u00e9nierie &amp; des Affaires\" \/>\n<meta property=\"og:description\" content=\"Ces nouveaux partenariats, dont nous sommes tr\u00e8s fiers, viennent en appui de notre nouvelle strat\u00e9gie et vont permettre d\u2019apporter imm\u00e9diatement une grande valeur ajout\u00e9e \u00e0 nos \u00e9tudiants : nouveaux accords de double dipl\u00f4mes et d\u2019\u00e9change acad\u00e9miques \u00e0 l\u2019international, nouvelles opportunit\u00e9s de stages et d\u2019emploi, accompagnement des porteurs de projets, une exp\u00e9rience apprenant plus riche, hybride et ouverte, animation du r\u00e9seau des dipl\u00f4m\u00e9s de l\u2019ISGA\u2026\" \/>\n<meta property=\"og:url\" content=\"https:\/\/isga.ma\/isga\/lisga-publie-une-etude-sur-le-marche-de-lemploi-au-maroc-pendant-la-crise-covid\/\" \/>\n<meta property=\"og:site_name\" content=\"ISGA Institut Sup\u00e9rieur d&#039;Ing\u00e9nierie &amp; des Affaires\" \/>\n<meta property=\"article:published_time\" content=\"2022-03-24T17:19:54+00:00\" \/>\n<meta property=\"article:modified_time\" content=\"2022-11-02T09:33:39+00:00\" \/>\n<meta property=\"og:image\" content=\"https:\/\/isga.ma\/isga\/wp-content\/uploads\/2022\/10\/IMG_8456-Modifier.webp\" \/>\n\t<meta property=\"og:image:width\" content=\"1700\" \/>\n\t<meta property=\"og:image:height\" content=\"1133\" \/>\n\t<meta property=\"og:image:type\" content=\"image\/webp\" \/>\n<meta name=\"author\" content=\"Malek Romdhani\" \/>\n<meta name=\"twitter:card\" content=\"summary_large_image\" \/>\n<meta name=\"twitter:label1\" content=\"\u00c9crit par\" \/>\n\t<meta name=\"twitter:data1\" content=\"Malek Romdhani\" \/>\n\t<meta name=\"twitter:label2\" content=\"Dur\u00e9e de lecture estim\u00e9e\" \/>\n\t<meta name=\"twitter:data2\" content=\"5 minutes\" \/>\n<script type=\"application\/ld+json\" class=\"yoast-schema-graph\">{\"@context\":\"https:\\\/\\\/schema.org\",\"@graph\":[{\"@type\":\"Article\",\"@id\":\"https:\\\/\\\/isga.ma\\\/isga\\\/lisga-publie-une-etude-sur-le-marche-de-lemploi-au-maroc-pendant-la-crise-covid\\\/#article\",\"isPartOf\":{\"@id\":\"https:\\\/\\\/isga.ma\\\/isga\\\/lisga-publie-une-etude-sur-le-marche-de-lemploi-au-maroc-pendant-la-crise-covid\\\/\"},\"author\":{\"name\":\"Malek Romdhani\",\"@id\":\"https:\\\/\\\/isga.ma\\\/isga\\\/#\\\/schema\\\/person\\\/8752aa6e3dc08aa478b2d73aa80be347\"},\"headline\":\"L&rsquo;ISGA publie une \u00e9tude sur le march\u00e9 de l&#8217;emploi au Maroc pendant la crise COVID\",\"datePublished\":\"2022-03-24T17:19:54+00:00\",\"dateModified\":\"2022-11-02T09:33:39+00:00\",\"mainEntityOfPage\":{\"@id\":\"https:\\\/\\\/isga.ma\\\/isga\\\/lisga-publie-une-etude-sur-le-marche-de-lemploi-au-maroc-pendant-la-crise-covid\\\/\"},\"wordCount\":1241,\"commentCount\":32,\"image\":{\"@id\":\"https:\\\/\\\/isga.ma\\\/isga\\\/lisga-publie-une-etude-sur-le-marche-de-lemploi-au-maroc-pendant-la-crise-covid\\\/#primaryimage\"},\"thumbnailUrl\":\"https:\\\/\\\/isga.ma\\\/isga\\\/wp-content\\\/uploads\\\/2022\\\/10\\\/IMG_8456-Modifier.webp\",\"articleSection\":[\"Actualit\u00e9\"],\"inLanguage\":\"fr-FR\",\"potentialAction\":[{\"@type\":\"CommentAction\",\"name\":\"Comment\",\"target\":[\"https:\\\/\\\/isga.ma\\\/isga\\\/lisga-publie-une-etude-sur-le-marche-de-lemploi-au-maroc-pendant-la-crise-covid\\\/#respond\"]}]},{\"@type\":\"WebPage\",\"@id\":\"https:\\\/\\\/isga.ma\\\/isga\\\/lisga-publie-une-etude-sur-le-marche-de-lemploi-au-maroc-pendant-la-crise-covid\\\/\",\"url\":\"https:\\\/\\\/isga.ma\\\/isga\\\/lisga-publie-une-etude-sur-le-marche-de-lemploi-au-maroc-pendant-la-crise-covid\\\/\",\"name\":\"L'ISGA publie une \u00e9tude sur le march\u00e9 de l'emploi au Maroc pendant la crise COVID - ISGA Institut Sup\u00e9rieur d&#039;Ing\u00e9nierie &amp; des Affaires\",\"isPartOf\":{\"@id\":\"https:\\\/\\\/isga.ma\\\/isga\\\/#website\"},\"primaryImageOfPage\":{\"@id\":\"https:\\\/\\\/isga.ma\\\/isga\\\/lisga-publie-une-etude-sur-le-marche-de-lemploi-au-maroc-pendant-la-crise-covid\\\/#primaryimage\"},\"image\":{\"@id\":\"https:\\\/\\\/isga.ma\\\/isga\\\/lisga-publie-une-etude-sur-le-marche-de-lemploi-au-maroc-pendant-la-crise-covid\\\/#primaryimage\"},\"thumbnailUrl\":\"https:\\\/\\\/isga.ma\\\/isga\\\/wp-content\\\/uploads\\\/2022\\\/10\\\/IMG_8456-Modifier.webp\",\"datePublished\":\"2022-03-24T17:19:54+00:00\",\"dateModified\":\"2022-11-02T09:33:39+00:00\",\"author\":{\"@id\":\"https:\\\/\\\/isga.ma\\\/isga\\\/#\\\/schema\\\/person\\\/8752aa6e3dc08aa478b2d73aa80be347\"},\"breadcrumb\":{\"@id\":\"https:\\\/\\\/isga.ma\\\/isga\\\/lisga-publie-une-etude-sur-le-marche-de-lemploi-au-maroc-pendant-la-crise-covid\\\/#breadcrumb\"},\"inLanguage\":\"fr-FR\",\"potentialAction\":[{\"@type\":\"ReadAction\",\"target\":[\"https:\\\/\\\/isga.ma\\\/isga\\\/lisga-publie-une-etude-sur-le-marche-de-lemploi-au-maroc-pendant-la-crise-covid\\\/\"]}]},{\"@type\":\"ImageObject\",\"inLanguage\":\"fr-FR\",\"@id\":\"https:\\\/\\\/isga.ma\\\/isga\\\/lisga-publie-une-etude-sur-le-marche-de-lemploi-au-maroc-pendant-la-crise-covid\\\/#primaryimage\",\"url\":\"https:\\\/\\\/isga.ma\\\/isga\\\/wp-content\\\/uploads\\\/2022\\\/10\\\/IMG_8456-Modifier.webp\",\"contentUrl\":\"https:\\\/\\\/isga.ma\\\/isga\\\/wp-content\\\/uploads\\\/2022\\\/10\\\/IMG_8456-Modifier.webp\",\"width\":1700,\"height\":1133,\"caption\":\"ISGA\"},{\"@type\":\"BreadcrumbList\",\"@id\":\"https:\\\/\\\/isga.ma\\\/isga\\\/lisga-publie-une-etude-sur-le-marche-de-lemploi-au-maroc-pendant-la-crise-covid\\\/#breadcrumb\",\"itemListElement\":[{\"@type\":\"ListItem\",\"position\":1,\"name\":\"Accueil\",\"item\":\"https:\\\/\\\/isga.ma\\\/isga\\\/\"},{\"@type\":\"ListItem\",\"position\":2,\"name\":\"L&rsquo;ISGA publie une \u00e9tude sur le march\u00e9 de l&#8217;emploi au Maroc pendant la crise COVID\"}]},{\"@type\":\"WebSite\",\"@id\":\"https:\\\/\\\/isga.ma\\\/isga\\\/#website\",\"url\":\"https:\\\/\\\/isga.ma\\\/isga\\\/\",\"name\":\"ISGA Institut Sup\u00e9rieur d&#039;Ing\u00e9nierie &amp; des Affaires\",\"description\":\"Le chemin de la r\u00e9ussite depuis 1981\",\"potentialAction\":[{\"@type\":\"SearchAction\",\"target\":{\"@type\":\"EntryPoint\",\"urlTemplate\":\"https:\\\/\\\/isga.ma\\\/isga\\\/?s={search_term_string}\"},\"query-input\":{\"@type\":\"PropertyValueSpecification\",\"valueRequired\":true,\"valueName\":\"search_term_string\"}}],\"inLanguage\":\"fr-FR\"},{\"@type\":\"Person\",\"@id\":\"https:\\\/\\\/isga.ma\\\/isga\\\/#\\\/schema\\\/person\\\/8752aa6e3dc08aa478b2d73aa80be347\",\"name\":\"Malek Romdhani\",\"image\":{\"@type\":\"ImageObject\",\"inLanguage\":\"fr-FR\",\"@id\":\"https:\\\/\\\/secure.gravatar.com\\\/avatar\\\/dea94204f02b6c9a0265901123d687d8534af381e16f4301431378e641f8d838?s=96&d=mm&r=g\",\"url\":\"https:\\\/\\\/secure.gravatar.com\\\/avatar\\\/dea94204f02b6c9a0265901123d687d8534af381e16f4301431378e641f8d838?s=96&d=mm&r=g\",\"contentUrl\":\"https:\\\/\\\/secure.gravatar.com\\\/avatar\\\/dea94204f02b6c9a0265901123d687d8534af381e16f4301431378e641f8d838?s=96&d=mm&r=g\",\"caption\":\"Malek Romdhani\"},\"url\":\"https:\\\/\\\/isga.ma\\\/isga\\\/author\\\/romdhaniaivancity-ai\\\/\"}]}<\/script>\n<!-- \/ Yoast SEO plugin. -->","yoast_head_json":{"title":"L'ISGA publie une \u00e9tude sur le march\u00e9 de l'emploi au Maroc pendant la crise COVID - ISGA Institut Sup\u00e9rieur d&#039;Ing\u00e9nierie &amp; des Affaires","robots":{"index":"noindex","follow":"follow","max-snippet":"max-snippet:-1","max-image-preview":"max-image-preview:large","max-video-preview":"max-video-preview:-1"},"og_locale":"fr_FR","og_type":"article","og_title":"L'ISGA publie une \u00e9tude sur le march\u00e9 de l'emploi au Maroc pendant la crise COVID - ISGA Institut Sup\u00e9rieur d&#039;Ing\u00e9nierie &amp; des Affaires","og_description":"Ces nouveaux partenariats, dont nous sommes tr\u00e8s fiers, viennent en appui de notre nouvelle strat\u00e9gie et vont permettre d\u2019apporter imm\u00e9diatement une grande valeur ajout\u00e9e \u00e0 nos \u00e9tudiants : nouveaux accords de double dipl\u00f4mes et d\u2019\u00e9change acad\u00e9miques \u00e0 l\u2019international, nouvelles opportunit\u00e9s de stages et d\u2019emploi, accompagnement des porteurs de projets, une exp\u00e9rience apprenant plus riche, hybride et ouverte, animation du r\u00e9seau des dipl\u00f4m\u00e9s de l\u2019ISGA\u2026","og_url":"https:\/\/isga.ma\/isga\/lisga-publie-une-etude-sur-le-marche-de-lemploi-au-maroc-pendant-la-crise-covid\/","og_site_name":"ISGA Institut Sup\u00e9rieur d&#039;Ing\u00e9nierie &amp; des Affaires","article_published_time":"2022-03-24T17:19:54+00:00","article_modified_time":"2022-11-02T09:33:39+00:00","og_image":[{"width":1700,"height":1133,"url":"https:\/\/isga.ma\/isga\/wp-content\/uploads\/2022\/10\/IMG_8456-Modifier.webp","type":"image\/webp"}],"author":"Malek Romdhani","twitter_card":"summary_large_image","twitter_misc":{"\u00c9crit par":"Malek Romdhani","Dur\u00e9e de lecture estim\u00e9e":"5 minutes"},"schema":{"@context":"https:\/\/schema.org","@graph":[{"@type":"Article","@id":"https:\/\/isga.ma\/isga\/lisga-publie-une-etude-sur-le-marche-de-lemploi-au-maroc-pendant-la-crise-covid\/#article","isPartOf":{"@id":"https:\/\/isga.ma\/isga\/lisga-publie-une-etude-sur-le-marche-de-lemploi-au-maroc-pendant-la-crise-covid\/"},"author":{"name":"Malek Romdhani","@id":"https:\/\/isga.ma\/isga\/#\/schema\/person\/8752aa6e3dc08aa478b2d73aa80be347"},"headline":"L&rsquo;ISGA publie une \u00e9tude sur le march\u00e9 de l&#8217;emploi au Maroc pendant la crise COVID","datePublished":"2022-03-24T17:19:54+00:00","dateModified":"2022-11-02T09:33:39+00:00","mainEntityOfPage":{"@id":"https:\/\/isga.ma\/isga\/lisga-publie-une-etude-sur-le-marche-de-lemploi-au-maroc-pendant-la-crise-covid\/"},"wordCount":1241,"commentCount":32,"image":{"@id":"https:\/\/isga.ma\/isga\/lisga-publie-une-etude-sur-le-marche-de-lemploi-au-maroc-pendant-la-crise-covid\/#primaryimage"},"thumbnailUrl":"https:\/\/isga.ma\/isga\/wp-content\/uploads\/2022\/10\/IMG_8456-Modifier.webp","articleSection":["Actualit\u00e9"],"inLanguage":"fr-FR","potentialAction":[{"@type":"CommentAction","name":"Comment","target":["https:\/\/isga.ma\/isga\/lisga-publie-une-etude-sur-le-marche-de-lemploi-au-maroc-pendant-la-crise-covid\/#respond"]}]},{"@type":"WebPage","@id":"https:\/\/isga.ma\/isga\/lisga-publie-une-etude-sur-le-marche-de-lemploi-au-maroc-pendant-la-crise-covid\/","url":"https:\/\/isga.ma\/isga\/lisga-publie-une-etude-sur-le-marche-de-lemploi-au-maroc-pendant-la-crise-covid\/","name":"L'ISGA publie une \u00e9tude sur le march\u00e9 de l'emploi au Maroc pendant la crise COVID - ISGA Institut Sup\u00e9rieur d&#039;Ing\u00e9nierie &amp; des Affaires","isPartOf":{"@id":"https:\/\/isga.ma\/isga\/#website"},"primaryImageOfPage":{"@id":"https:\/\/isga.ma\/isga\/lisga-publie-une-etude-sur-le-marche-de-lemploi-au-maroc-pendant-la-crise-covid\/#primaryimage"},"image":{"@id":"https:\/\/isga.ma\/isga\/lisga-publie-une-etude-sur-le-marche-de-lemploi-au-maroc-pendant-la-crise-covid\/#primaryimage"},"thumbnailUrl":"https:\/\/isga.ma\/isga\/wp-content\/uploads\/2022\/10\/IMG_8456-Modifier.webp","datePublished":"2022-03-24T17:19:54+00:00","dateModified":"2022-11-02T09:33:39+00:00","author":{"@id":"https:\/\/isga.ma\/isga\/#\/schema\/person\/8752aa6e3dc08aa478b2d73aa80be347"},"breadcrumb":{"@id":"https:\/\/isga.ma\/isga\/lisga-publie-une-etude-sur-le-marche-de-lemploi-au-maroc-pendant-la-crise-covid\/#breadcrumb"},"inLanguage":"fr-FR","potentialAction":[{"@type":"ReadAction","target":["https:\/\/isga.ma\/isga\/lisga-publie-une-etude-sur-le-marche-de-lemploi-au-maroc-pendant-la-crise-covid\/"]}]},{"@type":"ImageObject","inLanguage":"fr-FR","@id":"https:\/\/isga.ma\/isga\/lisga-publie-une-etude-sur-le-marche-de-lemploi-au-maroc-pendant-la-crise-covid\/#primaryimage","url":"https:\/\/isga.ma\/isga\/wp-content\/uploads\/2022\/10\/IMG_8456-Modifier.webp","contentUrl":"https:\/\/isga.ma\/isga\/wp-content\/uploads\/2022\/10\/IMG_8456-Modifier.webp","width":1700,"height":1133,"caption":"ISGA"},{"@type":"BreadcrumbList","@id":"https:\/\/isga.ma\/isga\/lisga-publie-une-etude-sur-le-marche-de-lemploi-au-maroc-pendant-la-crise-covid\/#breadcrumb","itemListElement":[{"@type":"ListItem","position":1,"name":"Accueil","item":"https:\/\/isga.ma\/isga\/"},{"@type":"ListItem","position":2,"name":"L&rsquo;ISGA publie une \u00e9tude sur le march\u00e9 de l&#8217;emploi au Maroc pendant la crise COVID"}]},{"@type":"WebSite","@id":"https:\/\/isga.ma\/isga\/#website","url":"https:\/\/isga.ma\/isga\/","name":"ISGA Institut Sup\u00e9rieur d&#039;Ing\u00e9nierie &amp; des Affaires","description":"Le chemin de la r\u00e9ussite depuis 1981","potentialAction":[{"@type":"SearchAction","target":{"@type":"EntryPoint","urlTemplate":"https:\/\/isga.ma\/isga\/?s={search_term_string}"},"query-input":{"@type":"PropertyValueSpecification","valueRequired":true,"valueName":"search_term_string"}}],"inLanguage":"fr-FR"},{"@type":"Person","@id":"https:\/\/isga.ma\/isga\/#\/schema\/person\/8752aa6e3dc08aa478b2d73aa80be347","name":"Malek Romdhani","image":{"@type":"ImageObject","inLanguage":"fr-FR","@id":"https:\/\/secure.gravatar.com\/avatar\/dea94204f02b6c9a0265901123d687d8534af381e16f4301431378e641f8d838?s=96&d=mm&r=g","url":"https:\/\/secure.gravatar.com\/avatar\/dea94204f02b6c9a0265901123d687d8534af381e16f4301431378e641f8d838?s=96&d=mm&r=g","contentUrl":"https:\/\/secure.gravatar.com\/avatar\/dea94204f02b6c9a0265901123d687d8534af381e16f4301431378e641f8d838?s=96&d=mm&r=g","caption":"Malek Romdhani"},"url":"https:\/\/isga.ma\/isga\/author\/romdhaniaivancity-ai\/"}]}},"_links":{"self":[{"href":"https:\/\/isga.ma\/isga\/wp-json\/wp\/v2\/posts\/6605","targetHints":{"allow":["GET"]}}],"collection":[{"href":"https:\/\/isga.ma\/isga\/wp-json\/wp\/v2\/posts"}],"about":[{"href":"https:\/\/isga.ma\/isga\/wp-json\/wp\/v2\/types\/post"}],"author":[{"embeddable":true,"href":"https:\/\/isga.ma\/isga\/wp-json\/wp\/v2\/users\/4"}],"replies":[{"embeddable":true,"href":"https:\/\/isga.ma\/isga\/wp-json\/wp\/v2\/comments?post=6605"}],"version-history":[{"count":8,"href":"https:\/\/isga.ma\/isga\/wp-json\/wp\/v2\/posts\/6605\/revisions"}],"predecessor-version":[{"id":9206,"href":"https:\/\/isga.ma\/isga\/wp-json\/wp\/v2\/posts\/6605\/revisions\/9206"}],"wp:featuredmedia":[{"embeddable":true,"href":"https:\/\/isga.ma\/isga\/wp-json\/wp\/v2\/media\/8953"}],"wp:attachment":[{"href":"https:\/\/isga.ma\/isga\/wp-json\/wp\/v2\/media?parent=6605"}],"wp:term":[{"taxonomy":"category","embeddable":true,"href":"https:\/\/isga.ma\/isga\/wp-json\/wp\/v2\/categories?post=6605"},{"taxonomy":"post_tag","embeddable":true,"href":"https:\/\/isga.ma\/isga\/wp-json\/wp\/v2\/tags?post=6605"}],"curies":[{"name":"wp","href":"https:\/\/api.w.org\/{rel}","templated":true}]}}