{"id":7086,"date":"2022-05-24T08:53:26","date_gmt":"2022-05-24T06:53:26","guid":{"rendered":"https:\/\/isga.ma\/isga\/?p=7086"},"modified":"2022-05-24T12:15:03","modified_gmt":"2022-05-24T10:15:03","slug":"le-groupe-isga-signe-un-partenariat-avec-luniversite-sidi-mohammed-ben-abdellah-fes","status":"publish","type":"post","link":"https:\/\/isga.ma\/isga\/le-groupe-isga-signe-un-partenariat-avec-luniversite-sidi-mohammed-ben-abdellah-fes\/","title":{"rendered":"Le groupe ISGA signe un partenariat avec l&rsquo;Universit\u00e9 Sidi Mohammed Ben Abdellah-F\u00e8s"},"content":{"rendered":"<p>[et_pb_section fb_built=\u00a0\u00bb1&Prime; _builder_version=\u00a0\u00bb3.22&Prime;][et_pb_row _builder_version=\u00a0\u00bb3.25&Prime; background_size=\u00a0\u00bbinitial\u00a0\u00bb background_position=\u00a0\u00bbtop_left\u00a0\u00bb background_repeat=\u00a0\u00bbrepeat\u00a0\u00bb][et_pb_column type=\u00a0\u00bb4_4&Prime; _builder_version=\u00a0\u00bb3.25&Prime; custom_padding=\u00a0\u00bb|||\u00a0\u00bb custom_padding__hover=\u00a0\u00bb|||\u00a0\u00bb][et_pb_text _builder_version=\u00a0\u00bb4.9.7&Prime; background_size=\u00a0\u00bbinitial\u00a0\u00bb background_position=\u00a0\u00bbtop_left\u00a0\u00bb background_repeat=\u00a0\u00bbrepeat\u00a0\u00bb]<\/p>\n<h3>NOUVEAUX PARTENARIATS<\/h3>\n<p>Tawhid Chtioui, pr\u00e9sident de l\u2019Institut Sup\u00e9rieur d&rsquo;Ing\u00e9nierie et des Affaires (ISGA) et Radouane Mrabet, pr\u00e9sident l&rsquo;Universit\u00e9 Sidi Mohammed Ben Abdellah-F\u00e8s (USMBA) ont sign\u00e9 une convention de partenariat lors d\u2019une c\u00e9r\u00e9monie, tenue le jeudi 19 mai 2022, \u00e0 F\u00e8s. Une collaboration qui vise \u00e0 consolider les relations entre les deux acteurs de l\u2019enseignement sup\u00e9rieur qui partagent une vision commune sur les m\u00e9thodes et les outils d\u2019encadrement pour un enseignement au service de son territoire, un enseignement qui favorise la recherche acad\u00e9mique et qui r\u00e9pond au mieux \u00e0 l\u2019\u00e9volution du march\u00e9 de l\u2019emploi.<\/p>\n<p>&nbsp;<\/p>\n<p>[\/et_pb_text][\/et_pb_column][\/et_pb_row][et_pb_row _builder_version=\u00a0\u00bb3.25&Prime; background_size=\u00a0\u00bbinitial\u00a0\u00bb background_position=\u00a0\u00bbtop_left\u00a0\u00bb background_repeat=\u00a0\u00bbrepeat\u00a0\u00bb locked=\u00a0\u00bboff\u00a0\u00bb][et_pb_column type=\u00a0\u00bb4_4&Prime; _builder_version=\u00a0\u00bb3.25&Prime; custom_padding=\u00a0\u00bb|||\u00a0\u00bb custom_padding__hover=\u00a0\u00bb|||\u00a0\u00bb][et_pb_team_member name=\u00a0\u00bbTawhid Chtioui\u00a0\u00bb position=\u00a0\u00bbPr\u00e9sident directeur g\u00e9n\u00e9ral\u00a0\u00bb image_url=\u00a0\u00bbhttps:\/\/isga.ma\/isga\/wp-content\/uploads\/2021\/10\/TC-1.jpg\u00a0\u00bb admin_label=\u00a0\u00bbMember 1&Prime; _builder_version=\u00a0\u00bb4.9.7&Prime; header_font_size=\u00a0\u00bb30px\u00a0\u00bb header_font_size_tablet=\u00a0\u00bb20px\u00a0\u00bb header_font_size_phone=\u00a0\u00bb\u00a0\u00bb header_font_size_last_edited=\u00a0\u00bbon|desktop\u00a0\u00bb header_line_height_tablet=\u00a0\u00bb2&Prime; body_font_size_tablet=\u00a0\u00bb51&Prime; body_line_height_tablet=\u00a0\u00bb2&Prime; custom_css_member_image=\u00a0\u00bbwidth: 229px;||    max-width: 100%;||    height: 100%;||    object-fit: fill;\u00a0\u00bb]<\/p>\n<p>\u00ab Cette collaboration se fonde sur une vision partag\u00e9e d&rsquo;un enseignement sup\u00e9rieur au service de son territoire, d&rsquo;une recherche acad\u00e9mique au service de l&rsquo;innovation et de l&rsquo;impact, et de programmes d\u2019enseignement r\u00e9pondant aux attentes des nouvelles g\u00e9n\u00e9rations et \u00e0 l&rsquo;\u00e9volution du march\u00e9 de l&#8217;emploi\u2026 \u00bb<\/p>\n<p>[\/et_pb_team_member][et_pb_team_member admin_label=\u00a0\u00bbMember 1&Prime; _builder_version=\u00a0\u00bb4.9.7&Prime; header_font_size=\u00a0\u00bb30px\u00a0\u00bb header_font_size_tablet=\u00a0\u00bb20px\u00a0\u00bb header_font_size_phone=\u00a0\u00bb\u00a0\u00bb header_font_size_last_edited=\u00a0\u00bbon|desktop\u00a0\u00bb header_line_height_tablet=\u00a0\u00bb2&Prime; body_font_size_tablet=\u00a0\u00bb51&Prime; body_line_height_tablet=\u00a0\u00bb2&Prime; custom_css_member_image=\u00a0\u00bbwidth: 229px;||    max-width: 100%;||    height: 100%;||    object-fit: fill;\u00a0\u00bb][\/et_pb_team_member][\/et_pb_column][\/et_pb_row][\/et_pb_section][et_pb_section fb_built=\u00a0\u00bb1&Prime; _builder_version=\u00a0\u00bb3.22&Prime; locked=\u00a0\u00bboff\u00a0\u00bb][et_pb_row column_structure=\u00a0\u00bb1_2,1_2&Prime; _builder_version=\u00a0\u00bb3.25&Prime; background_size=\u00a0\u00bbinitial\u00a0\u00bb background_position=\u00a0\u00bbtop_left\u00a0\u00bb background_repeat=\u00a0\u00bbrepeat\u00a0\u00bb][et_pb_column type=\u00a0\u00bb1_2&Prime; _builder_version=\u00a0\u00bb3.25&Prime; custom_padding=\u00a0\u00bb|||\u00a0\u00bb custom_padding__hover=\u00a0\u00bb|||\u00a0\u00bb][et_pb_text _builder_version=\u00a0\u00bb4.9.7&Prime; background_size=\u00a0\u00bbinitial\u00a0\u00bb background_position=\u00a0\u00bbtop_left\u00a0\u00bb background_repeat=\u00a0\u00bbrepeat\u00a0\u00bb]<\/p>\n<h4>Nouveau partenariat institutionnel<\/h4>\n<p>Des dirigeants des deux c\u00f4t\u00e9s ont pris part \u00e0 cette rencontre, Abdelrhani Elachqar et Brahim Akdim, vice-pr\u00e9sidents de l\u2019USMBA, Hamza EL-BRAHMI, directeur du p\u00f4le des \u00e9tudes de l\u2019USMBA ,Rim Mrani Alaoui, directrice p\u00e9dagogique du campus ISGA-F\u00e8s, Said Harchi, directeur technique du groupe ISGA, et Hamza Chaker, directeur des \u00e9tudes \u00e0 l\u2019ISGA de F\u00e8s. <\/p>\n<p>[\/et_pb_text][\/et_pb_column][et_pb_column type=\u00a0\u00bb1_2&Prime; _builder_version=\u00a0\u00bb3.25&Prime; custom_padding=\u00a0\u00bb|||\u00a0\u00bb custom_padding__hover=\u00a0\u00bb|||\u00a0\u00bb][et_pb_image src=\u00a0\u00bbhttps:\/\/isga.ma\/isga\/wp-content\/uploads\/2021\/12\/IMG_9323-Modifier.jpg\u00a0\u00bb title_text=\u00a0\u00bbIMG_9323-Modifier\u00a0\u00bb _builder_version=\u00a0\u00bb4.9.7&Prime; _module_preset=\u00a0\u00bbdefault\u00a0\u00bb][\/et_pb_image][\/et_pb_column][\/et_pb_row][et_pb_row column_structure=\u00a0\u00bb1_2,1_2&Prime; _builder_version=\u00a0\u00bb3.25&Prime; background_size=\u00a0\u00bbinitial\u00a0\u00bb background_position=\u00a0\u00bbtop_left\u00a0\u00bb background_repeat=\u00a0\u00bbrepeat\u00a0\u00bb][et_pb_column type=\u00a0\u00bb1_2&Prime; _builder_version=\u00a0\u00bb3.25&Prime; custom_padding=\u00a0\u00bb|||\u00a0\u00bb custom_padding__hover=\u00a0\u00bb|||\u00a0\u00bb][et_pb_text _builder_version=\u00a0\u00bb4.9.7&Prime; background_size=\u00a0\u00bbinitial\u00a0\u00bb background_position=\u00a0\u00bbtop_left\u00a0\u00bb background_repeat=\u00a0\u00bbrepeat\u00a0\u00bb][\/et_pb_text][\/et_pb_column][et_pb_column type=\u00a0\u00bb1_2&Prime; _builder_version=\u00a0\u00bb3.25&Prime; custom_padding=\u00a0\u00bb|||\u00a0\u00bb custom_padding__hover=\u00a0\u00bb|||\u00a0\u00bb][et_pb_image title_text=\u00a0\u00bbIMG_9323-Modifier\u00a0\u00bb _builder_version=\u00a0\u00bb4.9.7&Prime; _module_preset=\u00a0\u00bbdefault\u00a0\u00bb][\/et_pb_image][\/et_pb_column][\/et_pb_row][et_pb_row column_structure=\u00a0\u00bb1_4,1_4,1_4,1_4&Prime; use_custom_gutter=\u00a0\u00bbon\u00a0\u00bb gutter_width=\u00a0\u00bb2&Prime; module_class=\u00a0\u00bbstudent-services-row\u00a0\u00bb _builder_version=\u00a0\u00bb4.9.7&Prime; background_size=\u00a0\u00bbinitial\u00a0\u00bb background_position=\u00a0\u00bbtop_left\u00a0\u00bb background_repeat=\u00a0\u00bbrepeat\u00a0\u00bb locked=\u00a0\u00bboff\u00a0\u00bb][et_pb_column type=\u00a0\u00bb1_4&Prime; module_class=\u00a0\u00bbcard-divis\u00a0\u00bb _builder_version=\u00a0\u00bb4.9.7&Prime; custom_padding=\u00a0\u00bb|||\u00a0\u00bb border_width_all=\u00a0\u00bb1px\u00a0\u00bb custom_padding__hover=\u00a0\u00bb|||\u00a0\u00bb][et_pb_blurb title=\u00a0\u00bbRABAT\u00a0\u00bb url=\u00a0\u00bb\/rabat\u00a0\u00bb image=\u00a0\u00bbhttps:\/\/isga.ma\/isga\/wp-content\/uploads\/2021\/08\/IMG_7414-Modifier.png\u00a0\u00bb admin_label=\u00a0\u00bbrabat\u00a0\u00bb module_id=\u00a0\u00bbsocial-programme\u00a0\u00bb module_class=\u00a0\u00bbimg-card\u00a0\u00bb _builder_version=\u00a0\u00bb4.9.7&Prime; header_font=\u00a0\u00bbRaleway|500||on|||||\u00a0\u00bb header_text_align=\u00a0\u00bbcenter\u00a0\u00bb header_text_color=\u00a0\u00bb#FFFFFF\u00a0\u00bb header_font_size=\u00a0\u00bb20&Prime; body_font=\u00a0\u00bbRaleway|500|||||||\u00a0\u00bb body_text_align=\u00a0\u00bbleft\u00a0\u00bb body_text_color=\u00a0\u00bb#000000&Prime; body_font_size=\u00a0\u00bb14px\u00a0\u00bb background_size=\u00a0\u00bbinitial\u00a0\u00bb background_position=\u00a0\u00bbtop_left\u00a0\u00bb background_repeat=\u00a0\u00bbrepeat\u00a0\u00bb text_orientation=\u00a0\u00bbjustified\u00a0\u00bb module_alignment=\u00a0\u00bbcenter\u00a0\u00bb min_height=\u00a0\u00bb457px\u00a0\u00bb height=\u00a0\u00bb457px\u00a0\u00bb custom_margin=\u00a0\u00bb||||false|false\u00a0\u00bb animation=\u00a0\u00bbbottom\u00a0\u00bb header_font_size_tablet=\u00a0\u00bb\u00a0\u00bb header_font_size_phone=\u00a0\u00bb18&Prime; header_font_size_last_edited=\u00a0\u00bbon|phone\u00a0\u00bb custom_css_main_element=\u00a0\u00bbcursor: pointer;||width: 100%;\u00a0\u00bb custom_css_blurb_image=\u00a0\u00bbmargin-bottom: 10px;||width: 100%;\u00a0\u00bb custom_css_blurb_title=\u00a0\u00bbfont-weight: 400;||    background-color: #929292;||    padding: 9px;\u00a0\u00bb border_color_all=\u00a0\u00bb#1b9476&Prime;]<\/p>\n<p style=\"text-align: left;\">Implant\u00e9 au c\u0153ur de Rabat, capitale administrative et plus grand p\u00f4le universitaire et scientifique du pays, le campus de Rabat jouit d\u2019un environnement acad\u00e9mique privil\u00e9gi\u00e9 garantissant \u00e0 ses \u00e9tudiants une formation de qualit\u00e9, en phase avec les besoins du march\u00e9 de l\u2019emploi.<\/p>\n<p>[\/et_pb_blurb][et_pb_cta button_url=\u00a0\u00bb\/rabat\u00a0\u00bb button_text=\u00a0\u00bbD\u00e9couvrir\u00a0\u00bb _builder_version=\u00a0\u00bb4.9.7&Prime; _module_preset=\u00a0\u00bbdefault\u00a0\u00bb background_color=\u00a0\u00bb#ffffff\u00a0\u00bb custom_button=\u00a0\u00bbon\u00a0\u00bb button_text_color=\u00a0\u00bb#ffffff\u00a0\u00bb button_bg_color=\u00a0\u00bb#1c9576&Prime; button_border_radius=\u00a0\u00bb10px\u00a0\u00bb][\/et_pb_cta][\/et_pb_column][et_pb_column type=\u00a0\u00bb1_4&Prime; _builder_version=\u00a0\u00bb4.9.7&Prime; custom_padding=\u00a0\u00bb|||\u00a0\u00bb border_width_all=\u00a0\u00bb1px\u00a0\u00bb custom_padding__hover=\u00a0\u00bb|||\u00a0\u00bb][et_pb_blurb title=\u00a0\u00bbCASABLANCA\u00a0\u00bb url=\u00a0\u00bb\/casablanca\u00a0\u00bb image=\u00a0\u00bbhttps:\/\/isga.ma\/isga\/wp-content\/uploads\/2021\/08\/image-casa.png\u00a0\u00bb admin_label=\u00a0\u00bbHostel\u00a0\u00bb module_id=\u00a0\u00bbsocial-programme\u00a0\u00bb _builder_version=\u00a0\u00bb4.9.7&Prime; header_font=\u00a0\u00bbRaleway|500||on|||||\u00a0\u00bb header_text_align=\u00a0\u00bbcenter\u00a0\u00bb header_text_color=\u00a0\u00bb#FFFFFF\u00a0\u00bb header_font_size=\u00a0\u00bb20&Prime; body_font=\u00a0\u00bbRaleway|500|||||||\u00a0\u00bb body_text_align=\u00a0\u00bbjustify\u00a0\u00bb body_text_color=\u00a0\u00bb#000000&Prime; body_font_size=\u00a0\u00bb14px\u00a0\u00bb background_size=\u00a0\u00bbinitial\u00a0\u00bb background_position=\u00a0\u00bbtop_left\u00a0\u00bb background_repeat=\u00a0\u00bbrepeat\u00a0\u00bb text_orientation=\u00a0\u00bbjustified\u00a0\u00bb min_height=\u00a0\u00bb457px\u00a0\u00bb height=\u00a0\u00bb457px\u00a0\u00bb animation=\u00a0\u00bbbottom\u00a0\u00bb header_font_size_tablet=\u00a0\u00bb\u00a0\u00bb header_font_size_phone=\u00a0\u00bb18&Prime; header_font_size_last_edited=\u00a0\u00bbon|phone\u00a0\u00bb custom_css_main_element=\u00a0\u00bbcursor: pointer;||width:100%;\u00a0\u00bb custom_css_blurb_image=\u00a0\u00bbmargin-bottom: 10px;||width:100%;\u00a0\u00bb custom_css_blurb_title=\u00a0\u00bbfont-weight: 400;||background-color: #929292;||    padding: 9px;\u00a0\u00bb border_color_all=\u00a0\u00bb#1b9476&Prime;]<\/p>\n<p>Le campus Casablanca se situe au c\u0153ur du hub financier de la ville, qui est en train de devenir la r\u00e9f\u00e9rence en tant que place financi\u00e8re \u00e0 l\u2019\u00e9chelle de l\u2019Afrique. ..<\/p>\n<p>[\/et_pb_blurb][et_pb_cta button_url=\u00a0\u00bb\/casablanca\u00a0\u00bb button_text=\u00a0\u00bbD\u00e9couvrir\u00a0\u00bb _builder_version=\u00a0\u00bb4.9.7&Prime; _module_preset=\u00a0\u00bbdefault\u00a0\u00bb background_color=\u00a0\u00bb#ffffff\u00a0\u00bb custom_button=\u00a0\u00bbon\u00a0\u00bb button_text_color=\u00a0\u00bb#ffffff\u00a0\u00bb button_bg_color=\u00a0\u00bb#1c9576&Prime; button_border_radius=\u00a0\u00bb10px\u00a0\u00bb][\/et_pb_cta][\/et_pb_column][et_pb_column type=\u00a0\u00bb1_4&Prime; _builder_version=\u00a0\u00bb4.9.7&Prime; custom_padding=\u00a0\u00bb|||\u00a0\u00bb border_width_all=\u00a0\u00bb1px\u00a0\u00bb custom_padding__hover=\u00a0\u00bb|||\u00a0\u00bb][et_pb_blurb title=\u00a0\u00bbMARRAKECH\u00a0\u00bb url=\u00a0\u00bb\/marrakech\u00a0\u00bb image=\u00a0\u00bbhttps:\/\/isga.ma\/isga\/wp-content\/uploads\/2021\/08\/image-1.png\u00a0\u00bb admin_label=\u00a0\u00bbComputer Labs\u00a0\u00bb module_id=\u00a0\u00bbsocial-programme\u00a0\u00bb _builder_version=\u00a0\u00bb4.9.7&Prime; header_font=\u00a0\u00bbRaleway|500||on|||||\u00a0\u00bb header_text_align=\u00a0\u00bbcenter\u00a0\u00bb header_text_color=\u00a0\u00bb#FFFFFF\u00a0\u00bb header_font_size=\u00a0\u00bb20&Prime; body_font=\u00a0\u00bbRaleway|500|||||||\u00a0\u00bb body_text_align=\u00a0\u00bbjustify\u00a0\u00bb body_text_color=\u00a0\u00bb#000000&Prime; body_font_size=\u00a0\u00bb14px\u00a0\u00bb background_size=\u00a0\u00bbinitial\u00a0\u00bb background_position=\u00a0\u00bbtop_left\u00a0\u00bb background_repeat=\u00a0\u00bbrepeat\u00a0\u00bb text_orientation=\u00a0\u00bbjustified\u00a0\u00bb max_width_tablet=\u00a0\u00bb50px\u00a0\u00bb min_height=\u00a0\u00bb457px\u00a0\u00bb height=\u00a0\u00bb457px\u00a0\u00bb animation=\u00a0\u00bbbottom\u00a0\u00bb header_font_size_tablet=\u00a0\u00bb\u00a0\u00bb header_font_size_phone=\u00a0\u00bb18&Prime; header_font_size_last_edited=\u00a0\u00bbon|phone\u00a0\u00bb header_line_height_tablet=\u00a0\u00bb2&Prime; body_font_size_tablet=\u00a0\u00bb51&Prime; body_line_height_tablet=\u00a0\u00bb2&Prime; custom_css_main_element=\u00a0\u00bbcursor: pointer;||width:100%;\u00a0\u00bb custom_css_blurb_image=\u00a0\u00bbmargin-bottom: 10px;||width:100%;\u00a0\u00bb custom_css_blurb_title=\u00a0\u00bbfont-weight: 400;||background-color: #929292;||    padding: 9px;\u00a0\u00bb border_color_all=\u00a0\u00bb#1b9476&Prime;]Le campus Marrakech est un centre reconnu par l\u2019\u00c9tat. Notre mission est de former des cadres sup\u00e9rieurs en ing\u00e9nierie et en management capables de s\u2019int\u00e9grer dans le monde de l\u2019entreprenariat, de l\u2019innovation, de la cr\u00e9ativit\u00e9, de la digitalisation et de l\u2019intelligence artificielle.[\/et_pb_blurb][et_pb_cta button_url=\u00a0\u00bb@ET-DC@eyJkeW5hbWljIjp0cnVlLCJjb250ZW50IjoicG9zdF9saW5rX3VybF9wYWdlIiwic2V0dGluZ3MiOnsicG9zdF9pZCI6IjQ3NzAifX0=@\u00a0\u00bb button_text=\u00a0\u00bbD\u00e9couvrir\u00a0\u00bb _builder_version=\u00a0\u00bb4.9.7&Prime; _dynamic_attributes=\u00a0\u00bbbutton_url\u00a0\u00bb _module_preset=\u00a0\u00bbdefault\u00a0\u00bb background_color=\u00a0\u00bb#ffffff\u00a0\u00bb custom_button=\u00a0\u00bbon\u00a0\u00bb button_text_color=\u00a0\u00bb#ffffff\u00a0\u00bb button_bg_color=\u00a0\u00bb#1c9576&Prime; button_border_radius=\u00a0\u00bb10px\u00a0\u00bb][\/et_pb_cta][\/et_pb_column][et_pb_column type=\u00a0\u00bb1_4&Prime; _builder_version=\u00a0\u00bb4.9.7&Prime; custom_padding=\u00a0\u00bb|||\u00a0\u00bb border_width_all=\u00a0\u00bb1px\u00a0\u00bb custom_padding__hover=\u00a0\u00bb|||\u00a0\u00bb][et_pb_blurb title=\u00a0\u00bbFes\u00a0\u00bb url=\u00a0\u00bb\/fes\u00a0\u00bb image=\u00a0\u00bbhttps:\/\/isga.ma\/isga\/wp-content\/uploads\/2022\/05\/MicrosoftTeams-image-5.jpg\u00a0\u00bb alt=\u00a0\u00bbcampus f\u00e8s\u00a0\u00bb admin_label=\u00a0\u00bbDigital Library\u00a0\u00bb module_id=\u00a0\u00bbsocial-programme\u00a0\u00bb _builder_version=\u00a0\u00bb4.9.7&Prime; header_font=\u00a0\u00bbRaleway|500||on|||||\u00a0\u00bb header_text_align=\u00a0\u00bbcenter\u00a0\u00bb header_text_color=\u00a0\u00bb#FFFFFF\u00a0\u00bb header_font_size=\u00a0\u00bb20&Prime; body_font=\u00a0\u00bbRaleway|500|||||||\u00a0\u00bb body_text_align=\u00a0\u00bbjustify\u00a0\u00bb body_text_color=\u00a0\u00bb#000000&Prime; body_font_size=\u00a0\u00bb14px\u00a0\u00bb background_size=\u00a0\u00bbinitial\u00a0\u00bb background_position=\u00a0\u00bbtop_left\u00a0\u00bb background_repeat=\u00a0\u00bbrepeat\u00a0\u00bb text_orientation=\u00a0\u00bbjustified\u00a0\u00bb max_width_tablet=\u00a0\u00bb50px\u00a0\u00bb min_height=\u00a0\u00bb457px\u00a0\u00bb height=\u00a0\u00bb457px\u00a0\u00bb animation=\u00a0\u00bbbottom\u00a0\u00bb header_font_size_tablet=\u00a0\u00bb\u00a0\u00bb header_font_size_phone=\u00a0\u00bb18&Prime; header_font_size_last_edited=\u00a0\u00bbon|phone\u00a0\u00bb header_line_height_tablet=\u00a0\u00bb2&Prime; body_font_size_tablet=\u00a0\u00bb51&Prime; body_line_height_tablet=\u00a0\u00bb2&Prime; custom_css_main_element=\u00a0\u00bbcursor: pointer;||width:100%;\u00a0\u00bb custom_css_blurb_image=\u00a0\u00bbmargin-bottom: 10px;||width:100%;\u00a0\u00bb custom_css_blurb_title=\u00a0\u00bbfont-weight: 400;||background-color: #929292;||padding: 9px;\u00a0\u00bb border_color_all=\u00a0\u00bb#1b9476&Prime;]<\/p>\n<p>Implant\u00e9 dans la capitale intellectuelle et spirituelle du pays, les atouts de du campus F\u00e8s sont un enseignement de qualit\u00e9, un corps professoral compos\u00e9 des meilleurs professeurs, des \u00e9quipements \u00e0 la pointe de la technologie, une forte pr\u00e9sence \u00e0 l\u2019international &#8230;<\/p>\n<p>[\/et_pb_blurb][et_pb_cta button_url=\u00a0\u00bb\/fes\u00a0\u00bb button_text=\u00a0\u00bbD\u00e9couvrir\u00a0\u00bb _builder_version=\u00a0\u00bb4.9.7&Prime; _module_preset=\u00a0\u00bbdefault\u00a0\u00bb background_color=\u00a0\u00bb#ffffff\u00a0\u00bb custom_button=\u00a0\u00bbon\u00a0\u00bb button_text_color=\u00a0\u00bb#ffffff\u00a0\u00bb button_bg_color=\u00a0\u00bb#1c9576&Prime; button_border_radius=\u00a0\u00bb10px\u00a0\u00bb][\/et_pb_cta][\/et_pb_column][\/et_pb_row][\/et_pb_section]<\/p>\n","protected":false},"excerpt":{"rendered":"<p>Le groupe ISGA signe un partenariat avec l&rsquo;Universit\u00e9 Sidi Mohammed Ben Abdellah-F\u00e8s <\/p>\n","protected":false},"author":4,"featured_media":5665,"comment_status":"open","ping_status":"open","sticky":false,"template":"","format":"standard","meta":{"_et_pb_use_builder":"on","_et_pb_old_content":"<p><b>L\u2019ISGA a \u00e9t\u00e9 partenaire de la 3e \u00e9dition du Congr\u00e8s International de Recherche en Finance et CCA organis\u00e9 par l'Association Marocaine du Contr\u00f4le, de Comptabilit\u00e9 et d'Audit, tenue sous le th\u00e8me \u00ab Transformation Digitale : Quelles reconfigurations pour quels enjeux ? \u00bb.\u00a0<\/b><\/p><p><b>Dans son intervention lors de la s\u00e9ance inaugurale du CIREFCCA,\u00a0le vendredi 10 d\u00e9cembre 2021, le\u00a0pr\u00e9sident du groupe ISGA, <a href=\"\/le-comite-de-direction-du-groupe-isga\">Tawhid Chtioui<\/a> a soulev\u00e9 plusieurs points sur la relation de la transformation digitale et de l\u2019intelligence artificielle dans le d\u00e9veloppement des m\u00e9tiers de la comptabilit\u00e9 et de l\u2019audit.\u00a0<\/b><\/p><p><b>\u00ab<\/b><b>D\u00e9mat\u00e9rialisation, Reconnaissance optique, Robotic Process Automation (RPA), Machine Learning, Analyse pr\u00e9dictive, Vision par ordinateur, Compr\u00e9hension du langage... L'intelligence artificielle et les big data transforment les m\u00e9tiers de la comptabilit\u00e9, contr\u00f4le et audit <\/b><b>\u00bb, a soutenu <a href=\"\/le-comite-de-direction-du-groupe-isga\">Tawhid Chtioui<\/a>.\u00a0<\/b><\/p><p><b>La 3e \u00e9dition du Congr\u00e8s International de Recherche en Finance et CCA a connu la participation de plusieurs experts du domaine, dont Aida Belgacem, Docteur en Economie, Mohamed Amine Boubnad, expert-comptable m\u00e9morialiste, Amine Nabil Bouayad, enseignant chercheur et directeur du laboratoire d\u2019Economie et de Gestion, Mohamed Achraf Nafzaoui, pr\u00e9sident de l\u2019AMCCA et Yassine Hilmi, enseignant chercheur \u00e0 l\u2019ENCG.\u00a0<\/b><\/p>","_et_gb_content_width":"","content-type":"","footnotes":""},"categories":[36],"tags":[],"class_list":["post-7086","post","type-post","status-publish","format-standard","has-post-thumbnail","hentry","category-actualite"],"yoast_head":"<!-- This site is optimized with the Yoast SEO plugin v27.5 - https:\/\/yoast.com\/product\/yoast-seo-wordpress\/ -->\n<title>Le groupe ISGA signe un partenariat avec l&#039;Universit\u00e9 Sidi Mohammed Ben Abdellah-F\u00e8s - ISGA Institut Sup\u00e9rieur d&#039;Ing\u00e9nierie &amp; des Affaires<\/title>\n<meta name=\"robots\" content=\"noindex, follow, max-snippet:-1, max-image-preview:large, max-video-preview:-1\" \/>\n<meta property=\"og:locale\" content=\"fr_FR\" \/>\n<meta property=\"og:type\" content=\"article\" \/>\n<meta property=\"og:title\" content=\"Le groupe ISGA signe un partenariat avec l&#039;Universit\u00e9 Sidi Mohammed Ben Abdellah-F\u00e8s - ISGA Institut Sup\u00e9rieur d&#039;Ing\u00e9nierie &amp; des Affaires\" \/>\n<meta property=\"og:description\" content=\"Le groupe ISGA signe un partenariat avec l&#039;Universit\u00e9 Sidi Mohammed Ben Abdellah-F\u00e8s\" \/>\n<meta property=\"og:url\" content=\"https:\/\/isga.ma\/isga\/le-groupe-isga-signe-un-partenariat-avec-luniversite-sidi-mohammed-ben-abdellah-fes\/\" \/>\n<meta property=\"og:site_name\" content=\"ISGA Institut Sup\u00e9rieur d&#039;Ing\u00e9nierie &amp; des Affaires\" \/>\n<meta property=\"article:published_time\" content=\"2022-05-24T06:53:26+00:00\" \/>\n<meta property=\"article:modified_time\" content=\"2022-05-24T10:15:03+00:00\" \/>\n<meta property=\"og:image\" content=\"https:\/\/isga.ma\/isga\/wp-content\/uploads\/2021\/11\/ISGA-management-et-ingenierie.jpg\" \/>\n\t<meta property=\"og:image:width\" content=\"1280\" \/>\n\t<meta property=\"og:image:height\" content=\"853\" \/>\n\t<meta property=\"og:image:type\" content=\"image\/jpeg\" \/>\n<meta name=\"author\" content=\"Malek Romdhani\" \/>\n<meta name=\"twitter:card\" content=\"summary_large_image\" \/>\n<meta name=\"twitter:label1\" content=\"\u00c9crit par\" \/>\n\t<meta name=\"twitter:data1\" content=\"Malek Romdhani\" \/>\n\t<meta name=\"twitter:label2\" content=\"Dur\u00e9e de lecture estim\u00e9e\" \/>\n\t<meta name=\"twitter:data2\" content=\"1 minute\" \/>\n<script type=\"application\/ld+json\" class=\"yoast-schema-graph\">{\"@context\":\"https:\\\/\\\/schema.org\",\"@graph\":[{\"@type\":\"Article\",\"@id\":\"https:\\\/\\\/isga.ma\\\/isga\\\/le-groupe-isga-signe-un-partenariat-avec-luniversite-sidi-mohammed-ben-abdellah-fes\\\/#article\",\"isPartOf\":{\"@id\":\"https:\\\/\\\/isga.ma\\\/isga\\\/le-groupe-isga-signe-un-partenariat-avec-luniversite-sidi-mohammed-ben-abdellah-fes\\\/\"},\"author\":{\"name\":\"Malek Romdhani\",\"@id\":\"https:\\\/\\\/isga.ma\\\/isga\\\/#\\\/schema\\\/person\\\/8752aa6e3dc08aa478b2d73aa80be347\"},\"headline\":\"Le groupe ISGA signe un partenariat avec l&rsquo;Universit\u00e9 Sidi Mohammed Ben Abdellah-F\u00e8s\",\"datePublished\":\"2022-05-24T06:53:26+00:00\",\"dateModified\":\"2022-05-24T10:15:03+00:00\",\"mainEntityOfPage\":{\"@id\":\"https:\\\/\\\/isga.ma\\\/isga\\\/le-groupe-isga-signe-un-partenariat-avec-luniversite-sidi-mohammed-ben-abdellah-fes\\\/\"},\"wordCount\":1612,\"commentCount\":30,\"image\":{\"@id\":\"https:\\\/\\\/isga.ma\\\/isga\\\/le-groupe-isga-signe-un-partenariat-avec-luniversite-sidi-mohammed-ben-abdellah-fes\\\/#primaryimage\"},\"thumbnailUrl\":\"https:\\\/\\\/isga.ma\\\/isga\\\/wp-content\\\/uploads\\\/2021\\\/11\\\/ISGA-management-et-ingenierie.jpg\",\"articleSection\":[\"Actualit\u00e9\"],\"inLanguage\":\"fr-FR\",\"potentialAction\":[{\"@type\":\"CommentAction\",\"name\":\"Comment\",\"target\":[\"https:\\\/\\\/isga.ma\\\/isga\\\/le-groupe-isga-signe-un-partenariat-avec-luniversite-sidi-mohammed-ben-abdellah-fes\\\/#respond\"]}]},{\"@type\":\"WebPage\",\"@id\":\"https:\\\/\\\/isga.ma\\\/isga\\\/le-groupe-isga-signe-un-partenariat-avec-luniversite-sidi-mohammed-ben-abdellah-fes\\\/\",\"url\":\"https:\\\/\\\/isga.ma\\\/isga\\\/le-groupe-isga-signe-un-partenariat-avec-luniversite-sidi-mohammed-ben-abdellah-fes\\\/\",\"name\":\"Le groupe ISGA signe un partenariat avec l'Universit\u00e9 Sidi Mohammed Ben Abdellah-F\u00e8s - ISGA Institut Sup\u00e9rieur d&#039;Ing\u00e9nierie &amp; des Affaires\",\"isPartOf\":{\"@id\":\"https:\\\/\\\/isga.ma\\\/isga\\\/#website\"},\"primaryImageOfPage\":{\"@id\":\"https:\\\/\\\/isga.ma\\\/isga\\\/le-groupe-isga-signe-un-partenariat-avec-luniversite-sidi-mohammed-ben-abdellah-fes\\\/#primaryimage\"},\"image\":{\"@id\":\"https:\\\/\\\/isga.ma\\\/isga\\\/le-groupe-isga-signe-un-partenariat-avec-luniversite-sidi-mohammed-ben-abdellah-fes\\\/#primaryimage\"},\"thumbnailUrl\":\"https:\\\/\\\/isga.ma\\\/isga\\\/wp-content\\\/uploads\\\/2021\\\/11\\\/ISGA-management-et-ingenierie.jpg\",\"datePublished\":\"2022-05-24T06:53:26+00:00\",\"dateModified\":\"2022-05-24T10:15:03+00:00\",\"author\":{\"@id\":\"https:\\\/\\\/isga.ma\\\/isga\\\/#\\\/schema\\\/person\\\/8752aa6e3dc08aa478b2d73aa80be347\"},\"breadcrumb\":{\"@id\":\"https:\\\/\\\/isga.ma\\\/isga\\\/le-groupe-isga-signe-un-partenariat-avec-luniversite-sidi-mohammed-ben-abdellah-fes\\\/#breadcrumb\"},\"inLanguage\":\"fr-FR\",\"potentialAction\":[{\"@type\":\"ReadAction\",\"target\":[\"https:\\\/\\\/isga.ma\\\/isga\\\/le-groupe-isga-signe-un-partenariat-avec-luniversite-sidi-mohammed-ben-abdellah-fes\\\/\"]}]},{\"@type\":\"ImageObject\",\"inLanguage\":\"fr-FR\",\"@id\":\"https:\\\/\\\/isga.ma\\\/isga\\\/le-groupe-isga-signe-un-partenariat-avec-luniversite-sidi-mohammed-ben-abdellah-fes\\\/#primaryimage\",\"url\":\"https:\\\/\\\/isga.ma\\\/isga\\\/wp-content\\\/uploads\\\/2021\\\/11\\\/ISGA-management-et-ingenierie.jpg\",\"contentUrl\":\"https:\\\/\\\/isga.ma\\\/isga\\\/wp-content\\\/uploads\\\/2021\\\/11\\\/ISGA-management-et-ingenierie.jpg\",\"width\":1280,\"height\":853,\"caption\":\"ISGA management & ing\u00e9nierie\"},{\"@type\":\"BreadcrumbList\",\"@id\":\"https:\\\/\\\/isga.ma\\\/isga\\\/le-groupe-isga-signe-un-partenariat-avec-luniversite-sidi-mohammed-ben-abdellah-fes\\\/#breadcrumb\",\"itemListElement\":[{\"@type\":\"ListItem\",\"position\":1,\"name\":\"Accueil\",\"item\":\"https:\\\/\\\/isga.ma\\\/isga\\\/\"},{\"@type\":\"ListItem\",\"position\":2,\"name\":\"Le groupe ISGA signe un partenariat avec l&rsquo;Universit\u00e9 Sidi Mohammed Ben Abdellah-F\u00e8s\"}]},{\"@type\":\"WebSite\",\"@id\":\"https:\\\/\\\/isga.ma\\\/isga\\\/#website\",\"url\":\"https:\\\/\\\/isga.ma\\\/isga\\\/\",\"name\":\"ISGA Institut Sup\u00e9rieur d&#039;Ing\u00e9nierie &amp; des Affaires\",\"description\":\"Le chemin de la r\u00e9ussite depuis 1981\",\"potentialAction\":[{\"@type\":\"SearchAction\",\"target\":{\"@type\":\"EntryPoint\",\"urlTemplate\":\"https:\\\/\\\/isga.ma\\\/isga\\\/?s={search_term_string}\"},\"query-input\":{\"@type\":\"PropertyValueSpecification\",\"valueRequired\":true,\"valueName\":\"search_term_string\"}}],\"inLanguage\":\"fr-FR\"},{\"@type\":\"Person\",\"@id\":\"https:\\\/\\\/isga.ma\\\/isga\\\/#\\\/schema\\\/person\\\/8752aa6e3dc08aa478b2d73aa80be347\",\"name\":\"Malek Romdhani\",\"image\":{\"@type\":\"ImageObject\",\"inLanguage\":\"fr-FR\",\"@id\":\"https:\\\/\\\/secure.gravatar.com\\\/avatar\\\/dea94204f02b6c9a0265901123d687d8534af381e16f4301431378e641f8d838?s=96&d=mm&r=g\",\"url\":\"https:\\\/\\\/secure.gravatar.com\\\/avatar\\\/dea94204f02b6c9a0265901123d687d8534af381e16f4301431378e641f8d838?s=96&d=mm&r=g\",\"contentUrl\":\"https:\\\/\\\/secure.gravatar.com\\\/avatar\\\/dea94204f02b6c9a0265901123d687d8534af381e16f4301431378e641f8d838?s=96&d=mm&r=g\",\"caption\":\"Malek Romdhani\"},\"url\":\"https:\\\/\\\/isga.ma\\\/isga\\\/author\\\/romdhaniaivancity-ai\\\/\"}]}<\/script>\n<!-- \/ Yoast SEO plugin. -->","yoast_head_json":{"title":"Le groupe ISGA signe un partenariat avec l'Universit\u00e9 Sidi Mohammed Ben Abdellah-F\u00e8s - ISGA Institut Sup\u00e9rieur d&#039;Ing\u00e9nierie &amp; des Affaires","robots":{"index":"noindex","follow":"follow","max-snippet":"max-snippet:-1","max-image-preview":"max-image-preview:large","max-video-preview":"max-video-preview:-1"},"og_locale":"fr_FR","og_type":"article","og_title":"Le groupe ISGA signe un partenariat avec l'Universit\u00e9 Sidi Mohammed Ben Abdellah-F\u00e8s - ISGA Institut Sup\u00e9rieur d&#039;Ing\u00e9nierie &amp; des Affaires","og_description":"Le groupe ISGA signe un partenariat avec l'Universit\u00e9 Sidi Mohammed Ben Abdellah-F\u00e8s","og_url":"https:\/\/isga.ma\/isga\/le-groupe-isga-signe-un-partenariat-avec-luniversite-sidi-mohammed-ben-abdellah-fes\/","og_site_name":"ISGA Institut Sup\u00e9rieur d&#039;Ing\u00e9nierie &amp; des Affaires","article_published_time":"2022-05-24T06:53:26+00:00","article_modified_time":"2022-05-24T10:15:03+00:00","og_image":[{"width":1280,"height":853,"url":"https:\/\/isga.ma\/isga\/wp-content\/uploads\/2021\/11\/ISGA-management-et-ingenierie.jpg","type":"image\/jpeg"}],"author":"Malek Romdhani","twitter_card":"summary_large_image","twitter_misc":{"\u00c9crit par":"Malek Romdhani","Dur\u00e9e de lecture estim\u00e9e":"1 minute"},"schema":{"@context":"https:\/\/schema.org","@graph":[{"@type":"Article","@id":"https:\/\/isga.ma\/isga\/le-groupe-isga-signe-un-partenariat-avec-luniversite-sidi-mohammed-ben-abdellah-fes\/#article","isPartOf":{"@id":"https:\/\/isga.ma\/isga\/le-groupe-isga-signe-un-partenariat-avec-luniversite-sidi-mohammed-ben-abdellah-fes\/"},"author":{"name":"Malek Romdhani","@id":"https:\/\/isga.ma\/isga\/#\/schema\/person\/8752aa6e3dc08aa478b2d73aa80be347"},"headline":"Le groupe ISGA signe un partenariat avec l&rsquo;Universit\u00e9 Sidi Mohammed Ben Abdellah-F\u00e8s","datePublished":"2022-05-24T06:53:26+00:00","dateModified":"2022-05-24T10:15:03+00:00","mainEntityOfPage":{"@id":"https:\/\/isga.ma\/isga\/le-groupe-isga-signe-un-partenariat-avec-luniversite-sidi-mohammed-ben-abdellah-fes\/"},"wordCount":1612,"commentCount":30,"image":{"@id":"https:\/\/isga.ma\/isga\/le-groupe-isga-signe-un-partenariat-avec-luniversite-sidi-mohammed-ben-abdellah-fes\/#primaryimage"},"thumbnailUrl":"https:\/\/isga.ma\/isga\/wp-content\/uploads\/2021\/11\/ISGA-management-et-ingenierie.jpg","articleSection":["Actualit\u00e9"],"inLanguage":"fr-FR","potentialAction":[{"@type":"CommentAction","name":"Comment","target":["https:\/\/isga.ma\/isga\/le-groupe-isga-signe-un-partenariat-avec-luniversite-sidi-mohammed-ben-abdellah-fes\/#respond"]}]},{"@type":"WebPage","@id":"https:\/\/isga.ma\/isga\/le-groupe-isga-signe-un-partenariat-avec-luniversite-sidi-mohammed-ben-abdellah-fes\/","url":"https:\/\/isga.ma\/isga\/le-groupe-isga-signe-un-partenariat-avec-luniversite-sidi-mohammed-ben-abdellah-fes\/","name":"Le groupe ISGA signe un partenariat avec l'Universit\u00e9 Sidi Mohammed Ben Abdellah-F\u00e8s - ISGA Institut Sup\u00e9rieur d&#039;Ing\u00e9nierie &amp; des Affaires","isPartOf":{"@id":"https:\/\/isga.ma\/isga\/#website"},"primaryImageOfPage":{"@id":"https:\/\/isga.ma\/isga\/le-groupe-isga-signe-un-partenariat-avec-luniversite-sidi-mohammed-ben-abdellah-fes\/#primaryimage"},"image":{"@id":"https:\/\/isga.ma\/isga\/le-groupe-isga-signe-un-partenariat-avec-luniversite-sidi-mohammed-ben-abdellah-fes\/#primaryimage"},"thumbnailUrl":"https:\/\/isga.ma\/isga\/wp-content\/uploads\/2021\/11\/ISGA-management-et-ingenierie.jpg","datePublished":"2022-05-24T06:53:26+00:00","dateModified":"2022-05-24T10:15:03+00:00","author":{"@id":"https:\/\/isga.ma\/isga\/#\/schema\/person\/8752aa6e3dc08aa478b2d73aa80be347"},"breadcrumb":{"@id":"https:\/\/isga.ma\/isga\/le-groupe-isga-signe-un-partenariat-avec-luniversite-sidi-mohammed-ben-abdellah-fes\/#breadcrumb"},"inLanguage":"fr-FR","potentialAction":[{"@type":"ReadAction","target":["https:\/\/isga.ma\/isga\/le-groupe-isga-signe-un-partenariat-avec-luniversite-sidi-mohammed-ben-abdellah-fes\/"]}]},{"@type":"ImageObject","inLanguage":"fr-FR","@id":"https:\/\/isga.ma\/isga\/le-groupe-isga-signe-un-partenariat-avec-luniversite-sidi-mohammed-ben-abdellah-fes\/#primaryimage","url":"https:\/\/isga.ma\/isga\/wp-content\/uploads\/2021\/11\/ISGA-management-et-ingenierie.jpg","contentUrl":"https:\/\/isga.ma\/isga\/wp-content\/uploads\/2021\/11\/ISGA-management-et-ingenierie.jpg","width":1280,"height":853,"caption":"ISGA management & ing\u00e9nierie"},{"@type":"BreadcrumbList","@id":"https:\/\/isga.ma\/isga\/le-groupe-isga-signe-un-partenariat-avec-luniversite-sidi-mohammed-ben-abdellah-fes\/#breadcrumb","itemListElement":[{"@type":"ListItem","position":1,"name":"Accueil","item":"https:\/\/isga.ma\/isga\/"},{"@type":"ListItem","position":2,"name":"Le groupe ISGA signe un partenariat avec l&rsquo;Universit\u00e9 Sidi Mohammed Ben Abdellah-F\u00e8s"}]},{"@type":"WebSite","@id":"https:\/\/isga.ma\/isga\/#website","url":"https:\/\/isga.ma\/isga\/","name":"ISGA Institut Sup\u00e9rieur d&#039;Ing\u00e9nierie &amp; des Affaires","description":"Le chemin de la r\u00e9ussite depuis 1981","potentialAction":[{"@type":"SearchAction","target":{"@type":"EntryPoint","urlTemplate":"https:\/\/isga.ma\/isga\/?s={search_term_string}"},"query-input":{"@type":"PropertyValueSpecification","valueRequired":true,"valueName":"search_term_string"}}],"inLanguage":"fr-FR"},{"@type":"Person","@id":"https:\/\/isga.ma\/isga\/#\/schema\/person\/8752aa6e3dc08aa478b2d73aa80be347","name":"Malek Romdhani","image":{"@type":"ImageObject","inLanguage":"fr-FR","@id":"https:\/\/secure.gravatar.com\/avatar\/dea94204f02b6c9a0265901123d687d8534af381e16f4301431378e641f8d838?s=96&d=mm&r=g","url":"https:\/\/secure.gravatar.com\/avatar\/dea94204f02b6c9a0265901123d687d8534af381e16f4301431378e641f8d838?s=96&d=mm&r=g","contentUrl":"https:\/\/secure.gravatar.com\/avatar\/dea94204f02b6c9a0265901123d687d8534af381e16f4301431378e641f8d838?s=96&d=mm&r=g","caption":"Malek Romdhani"},"url":"https:\/\/isga.ma\/isga\/author\/romdhaniaivancity-ai\/"}]}},"_links":{"self":[{"href":"https:\/\/isga.ma\/isga\/wp-json\/wp\/v2\/posts\/7086","targetHints":{"allow":["GET"]}}],"collection":[{"href":"https:\/\/isga.ma\/isga\/wp-json\/wp\/v2\/posts"}],"about":[{"href":"https:\/\/isga.ma\/isga\/wp-json\/wp\/v2\/types\/post"}],"author":[{"embeddable":true,"href":"https:\/\/isga.ma\/isga\/wp-json\/wp\/v2\/users\/4"}],"replies":[{"embeddable":true,"href":"https:\/\/isga.ma\/isga\/wp-json\/wp\/v2\/comments?post=7086"}],"version-history":[{"count":9,"href":"https:\/\/isga.ma\/isga\/wp-json\/wp\/v2\/posts\/7086\/revisions"}],"predecessor-version":[{"id":7114,"href":"https:\/\/isga.ma\/isga\/wp-json\/wp\/v2\/posts\/7086\/revisions\/7114"}],"wp:featuredmedia":[{"embeddable":true,"href":"https:\/\/isga.ma\/isga\/wp-json\/wp\/v2\/media\/5665"}],"wp:attachment":[{"href":"https:\/\/isga.ma\/isga\/wp-json\/wp\/v2\/media?parent=7086"}],"wp:term":[{"taxonomy":"category","embeddable":true,"href":"https:\/\/isga.ma\/isga\/wp-json\/wp\/v2\/categories?post=7086"},{"taxonomy":"post_tag","embeddable":true,"href":"https:\/\/isga.ma\/isga\/wp-json\/wp\/v2\/tags?post=7086"}],"curies":[{"name":"wp","href":"https:\/\/api.w.org\/{rel}","templated":true}]}}