{"id":7559,"date":"2022-06-28T15:52:47","date_gmt":"2022-06-28T13:52:47","guid":{"rendered":"https:\/\/isga.ma\/isga\/?p=7559"},"modified":"2022-07-28T13:28:09","modified_gmt":"2022-07-28T11:28:09","slug":"fiche-metier-directeur-de-magasin","status":"publish","type":"post","link":"https:\/\/isga.ma\/isga\/fiche-metier-directeur-de-magasin\/","title":{"rendered":"Fiche m\u00e9tier Directeur de magasin"},"content":{"rendered":"<p>[et_pb_section fb_built=\u00a0\u00bb1&Prime; fullwidth=\u00a0\u00bbon\u00a0\u00bb module_class=\u00a0\u00bbde-inner-page-header\u00a0\u00bb _builder_version=\u00a0\u00bb4.9.7&Prime; background_color=\u00a0\u00bbrgba(6,22,47,0.6)\u00a0\u00bb background_enable_color=\u00a0\u00bboff\u00a0\u00bb background_image=\u00a0\u00bbhttps:\/\/isga.ma\/isga\/wp-content\/uploads\/2022\/06\/directeur-de-magasin-scaled.jpg\u00a0\u00bb parallax=\u00a0\u00bbon\u00a0\u00bb][et_pb_fullwidth_post_title meta=\u00a0\u00bboff\u00a0\u00bb featured_image=\u00a0\u00bboff\u00a0\u00bb text_color=\u00a0\u00bblight\u00a0\u00bb admin_label=\u00a0\u00bbPage Title\u00a0\u00bb _builder_version=\u00a0\u00bb4.4.1&Prime; title_font=\u00a0\u00bb|300|||||||\u00a0\u00bb title_font_size=\u00a0\u00bb60px\u00a0\u00bb parallax=\u00a0\u00bbon\u00a0\u00bb parallax_method=\u00a0\u00bboff\u00a0\u00bb title_font_size_tablet=\u00a0\u00bb50px\u00a0\u00bb title_font_size_phone=\u00a0\u00bb40px\u00a0\u00bb title_font_size_last_edited=\u00a0\u00bbon|phone\u00a0\u00bb parallax_effect=\u00a0\u00bbon\u00a0\u00bb border_style=\u00a0\u00bbsolid\u00a0\u00bb][\/et_pb_fullwidth_post_title][\/et_pb_section][et_pb_section fb_built=\u00a0\u00bb1&Prime; admin_label=\u00a0\u00bbsection\u00a0\u00bb module_id=\u00a0\u00bbcourse-overview\u00a0\u00bb _builder_version=\u00a0\u00bb4.9.7&Prime; background_enable_color=\u00a0\u00bboff\u00a0\u00bb custom_css_main_element=\u00a0\u00bb box-shadow: 0px 0px 30px rgba(0, 0, 0, 0.2);\u00a0\u00bb transparent_background=\u00a0\u00bboff\u00a0\u00bb make_fullwidth=\u00a0\u00bboff\u00a0\u00bb use_custom_width=\u00a0\u00bboff\u00a0\u00bb width_unit=\u00a0\u00bbon\u00a0\u00bb][et_pb_row _builder_version=\u00a0\u00bb4.9.7&Prime; _module_preset=\u00a0\u00bbdefault\u00a0\u00bb][et_pb_column type=\u00a0\u00bb4_4&Prime; _builder_version=\u00a0\u00bb4.9.7&Prime; _module_preset=\u00a0\u00bbdefault\u00a0\u00bb][et_pb_text admin_label=\u00a0\u00bbTitre 1&Prime; module_class=\u00a0\u00bbde-special-heading\u00a0\u00bb _builder_version=\u00a0\u00bb4.9.7&Prime; header_2_font=\u00a0\u00bb|600||on|||||\u00a0\u00bb header_2_font_size=\u00a0\u00bb50px\u00a0\u00bb header_2_letter_spacing=\u00a0\u00bb2px\u00a0\u00bb header_3_font=\u00a0\u00bb|300||on|||||\u00a0\u00bb header_3_text_color=\u00a0\u00bb#000000&Prime; header_3_font_size=\u00a0\u00bb40px\u00a0\u00bb header_3_letter_spacing=\u00a0\u00bb1px\u00a0\u00bb background_size=\u00a0\u00bbinitial\u00a0\u00bb background_position=\u00a0\u00bbtop_left\u00a0\u00bb background_repeat=\u00a0\u00bbrepeat\u00a0\u00bb header_2_font_size_tablet=\u00a0\u00bb40px\u00a0\u00bb header_2_font_size_phone=\u00a0\u00bb30px\u00a0\u00bb header_2_font_size_last_edited=\u00a0\u00bbon|desktop\u00a0\u00bb header_3_font_size_tablet=\u00a0\u00bb30px\u00a0\u00bb header_3_font_size_phone=\u00a0\u00bb20px\u00a0\u00bb header_3_font_size_last_edited=\u00a0\u00bbon|desktop\u00a0\u00bb]<\/p>\n<h1 style=\"text-align: left;\">Connaissez-vous ces missions principales  ? Les qualit\u00e9s requises pour exercer ce m\u00e9tier ? Ainsi que les tendances et facteurs d&rsquo;\u00e9volution du m\u00e9tier ?<\/h1>\n<h2 style=\"text-align: left;\">On vous dit tout dans cette fiche m\u00e9tier !<\/h2>\n<p>[\/et_pb_text][et_pb_blurb icon_placement=\u00a0\u00bbleft\u00a0\u00bb admin_label=\u00a0\u00bbOverview Content 1&Prime; _builder_version=\u00a0\u00bb4.9.7&Prime; header_font=\u00a0\u00bbRaleway|700|||||||\u00a0\u00bb header_text_align=\u00a0\u00bbleft\u00a0\u00bb header_text_color=\u00a0\u00bb#1c9576&Prime; header_font_size=\u00a0\u00bb21px\u00a0\u00bb body_font=\u00a0\u00bbSource Sans Pro||||||||\u00a0\u00bb body_text_align=\u00a0\u00bbleft\u00a0\u00bb body_text_color=\u00a0\u00bb#555556&Prime; body_font_size=\u00a0\u00bb18.75px\u00a0\u00bb background_size=\u00a0\u00bbinitial\u00a0\u00bb background_position=\u00a0\u00bbtop_left\u00a0\u00bb background_repeat=\u00a0\u00bbrepeat\u00a0\u00bb custom_margin=\u00a0\u00bb|10%|||false|false\u00a0\u00bb hover_enabled=\u00a0\u00bb0&Prime; custom_css_blurb_content=\u00a0\u00bb max-width: 100%;\u00a0\u00bb use_border_color=\u00a0\u00bboff\u00a0\u00bb border_color=\u00a0\u00bb#ffffff\u00a0\u00bb border_style=\u00a0\u00bbsolid\u00a0\u00bb sticky_enabled=\u00a0\u00bb0&Prime;]Son r\u00f4le est de d\u00e9finir la strat\u00e9gie de d\u00e9veloppement du magasin et de d\u00e9ployer une organisation op\u00e9rationnelle performante. Le directeur de magasin mobilise diff\u00e9rentes ressources de connaissances et de comp\u00e9tences pour couvrir tous les sujets qui concernent l\u2019activit\u00e9 de son point de vente : finance, commercial, management, droit, merchandising, recrutement\u2026 Il garde en ligne de mire le d\u00e9veloppement du chiffre d\u2019affaires. [\/et_pb_blurb][\/et_pb_column][\/et_pb_row][et_pb_row _builder_version=\u00a0\u00bb4.9.7&Prime; _module_preset=\u00a0\u00bbdefault\u00a0\u00bb][et_pb_column type=\u00a0\u00bb4_4&Prime; _builder_version=\u00a0\u00bb4.9.7&Prime; _module_preset=\u00a0\u00bbdefault\u00a0\u00bb][et_pb_blurb title=\u00a0\u00bbPr\u00e9sentation et missions du directeur de magasin\u00a0\u00bb icon_placement=\u00a0\u00bbleft\u00a0\u00bb admin_label=\u00a0\u00bbOverview Content 1&Prime; _builder_version=\u00a0\u00bb4.9.7&Prime; header_font=\u00a0\u00bbRaleway|700|||||||\u00a0\u00bb header_text_align=\u00a0\u00bbleft\u00a0\u00bb header_text_color=\u00a0\u00bb#1c9576&Prime; header_font_size=\u00a0\u00bb21px\u00a0\u00bb body_font=\u00a0\u00bbSource Sans Pro||||||||\u00a0\u00bb body_text_align=\u00a0\u00bbleft\u00a0\u00bb body_text_color=\u00a0\u00bb#555556&Prime; body_font_size=\u00a0\u00bb18.75px\u00a0\u00bb background_size=\u00a0\u00bbinitial\u00a0\u00bb background_position=\u00a0\u00bbtop_left\u00a0\u00bb background_repeat=\u00a0\u00bbrepeat\u00a0\u00bb custom_margin=\u00a0\u00bb|10%|||false|false\u00a0\u00bb hover_enabled=\u00a0\u00bb0&Prime; custom_css_blurb_content=\u00a0\u00bb max-width: 100%;\u00a0\u00bb use_border_color=\u00a0\u00bboff\u00a0\u00bb border_color=\u00a0\u00bb#ffffff\u00a0\u00bb border_style=\u00a0\u00bbsolid\u00a0\u00bb sticky_enabled=\u00a0\u00bb0&Prime;]Le directeur de magasin s\u2019applique \u00e0 suivre la politique de l\u2019enseigne. Il peut s\u2019agir d\u2019un supermarch\u00e9, d\u2019un magasin d\u2019ameublement, d\u2019une marque de textile\u2026 Son quotidien s\u2019organise autour de diverses missions et il collabore avec de nombreux interlocuteurs (prestataires, service achats, fournisseurs, services centralis\u00e9s de la marque, partenaires locaux, clients, agences d\u2019int\u00e9rim, collaborateurs\u2026).<br \/>\nIl con\u00e7oit la strat\u00e9gie de d\u00e9veloppement commercial et supervise l\u2019op\u00e9rationnel. Il pr\u00e9voit et g\u00e8re son budget. Il fixe des objectifs et mesure la rentabilit\u00e9 du magasin et de ses rayons.<br \/>\nIl recrute les membres de son \u00e9quipe, se charge des plannings, des contrats, des absences\u2026 Il supervise la gestion administrative et financi\u00e8re, pilote l\u2019activit\u00e9 commerciale, organise la r\u00e9partition du travail avec les managers, se charge des partenariats\u2026<br \/>\nIl est responsable des r\u00e9sultats \u00e9conomiques du magasin et de son personnel. Il dirige aussi toute la partie mat\u00e9rielle : r\u00e9am\u00e9nagement, mise des locaux aux normes, affichage l\u00e9gal\u2026<br \/>\nIl tient des tableaux de bord \u00e0 jour et renseigne les r\u00e9sultats du magasin pour avoir une vision globale en temps r\u00e9el de la performance commerciale. Il transmet toutes les informations utiles (chiffres, commentaires, propositions, projets) \u00e0 la direction de l\u2019enseigne. [\/et_pb_blurb][\/et_pb_column][\/et_pb_row][\/et_pb_section][et_pb_section fb_built=\u00a0\u00bb1&Prime; admin_label=\u00a0\u00bbsection\u00a0\u00bb module_id=\u00a0\u00bbcourse-overview\u00a0\u00bb _builder_version=\u00a0\u00bb4.9.7&Prime; background_enable_color=\u00a0\u00bboff\u00a0\u00bb custom_css_main_element=\u00a0\u00bb box-shadow: 0px 0px 30px rgba(0, 0, 0, 0.2);\u00a0\u00bb transparent_background=\u00a0\u00bboff\u00a0\u00bb make_fullwidth=\u00a0\u00bboff\u00a0\u00bb use_custom_width=\u00a0\u00bboff\u00a0\u00bb width_unit=\u00a0\u00bbon\u00a0\u00bb locked=\u00a0\u00bboff\u00a0\u00bb collapsed=\u00a0\u00bboff\u00a0\u00bb][et_pb_row column_structure=\u00a0\u00bb1_2,1_2&Prime; _builder_version=\u00a0\u00bb4.9.7&Prime; _module_preset=\u00a0\u00bbdefault\u00a0\u00bb][et_pb_column type=\u00a0\u00bb1_2&Prime; _builder_version=\u00a0\u00bb4.9.7&Prime; _module_preset=\u00a0\u00bbdefault\u00a0\u00bb][et_pb_blurb title=\u00a0\u00bbComp\u00e9tences et qualit\u00e9s du directeur de magasin\u00a0\u00bb icon_placement=\u00a0\u00bbleft\u00a0\u00bb admin_label=\u00a0\u00bbOverview Content 1&Prime; _builder_version=\u00a0\u00bb4.9.7&Prime; header_font=\u00a0\u00bbRaleway|700|||||||\u00a0\u00bb header_text_align=\u00a0\u00bbleft\u00a0\u00bb header_text_color=\u00a0\u00bb#1c9576&Prime; header_font_size=\u00a0\u00bb21px\u00a0\u00bb body_font=\u00a0\u00bbSource Sans Pro||||||||\u00a0\u00bb body_text_align=\u00a0\u00bbleft\u00a0\u00bb body_text_color=\u00a0\u00bb#555556&Prime; body_font_size=\u00a0\u00bb18.75px\u00a0\u00bb background_size=\u00a0\u00bbinitial\u00a0\u00bb background_position=\u00a0\u00bbtop_left\u00a0\u00bb background_repeat=\u00a0\u00bbrepeat\u00a0\u00bb custom_margin=\u00a0\u00bb|10%|||false|false\u00a0\u00bb hover_enabled=\u00a0\u00bb0&Prime; custom_css_blurb_content=\u00a0\u00bb max-width: 100%;\u00a0\u00bb use_border_color=\u00a0\u00bboff\u00a0\u00bb border_color=\u00a0\u00bb#ffffff\u00a0\u00bb border_style=\u00a0\u00bbsolid\u00a0\u00bb sticky_enabled=\u00a0\u00bb0&Prime;]Le directeur d\u2019un point de vente est \u00e0 l\u2019aise sur de nombreux sujets :<\/p>\n<ul>\n<li style=\"list-style-type: none;\">\n<ul>\n<li>Management<\/li>\n<li>Commercial<\/li>\n<li>Finance<\/li>\n<li>DroitMarketing<\/li>\n<li>RH<\/li>\n<li>Logistique<\/li>\n<li>Achats<\/li>\n<li>Approvisionnements<\/li>\n<li>Gestion<\/li>\n<\/ul>\n<\/li>\n<\/ul>\n<p>Sa capacit\u00e9 d\u2019analyse et son esprit de synth\u00e8se sont ses atouts majeurs. Son relationnel et son aptitude \u00e0 la n\u00e9gociation en font un professionnel aguerri. Il sait s\u2019adapter \u00e0 des interlocuteurs vari\u00e9s et traiter diff\u00e9rentes probl\u00e9matiques. La r\u00e9solution de probl\u00e8mes fait partie de son quotidien. Organis\u00e9 et rigoureux, le directeur de magasin va \u00e0 l\u2019essentiel. Il conna\u00eet ses \u00e9quipes, ses chiffres, les forces et les faiblesses de son point de vente. Curieux, il est \u00e0 l\u2019aff\u00fbt des tendances et des innovations, des menaces et des opportunit\u00e9s. Audacieux, il aime tester de nouvelles m\u00e9thodes et actions, des fonctionnements diff\u00e9rents.<br \/>\nSon charisme, sa disponibilit\u00e9 et sa capacit\u00e9 d\u2019\u00e9coute lui permettent de f\u00e9d\u00e9rer les \u00e9quipes en place. Son sang-froid face aux r\u00e9clamations et aux difficult\u00e9s n\u2019est plus \u00e0 prouver. Il vit chaque probl\u00e9matique comme un nouveau d\u00e9fi \u00e0 relever. Disponible et \u00e0 l\u2019\u00e9coute, il est le chef d\u2019orchestre du magasin, il \u00ab donne le La \u00bb pour que l\u2019\u00e9quipe soit au diapason. [\/et_pb_blurb][\/et_pb_column][et_pb_column type=\u00a0\u00bb1_2&Prime; _builder_version=\u00a0\u00bb4.9.7&Prime; _module_preset=\u00a0\u00bbdefault\u00a0\u00bb][et_pb_blurb title=\u00a0\u00bbTendances et facteurs d&rsquo;\u00e9volution du m\u00e9tier de directeur de magasin\u00a0\u00bb icon_placement=\u00a0\u00bbleft\u00a0\u00bb admin_label=\u00a0\u00bbOverview Content 1&Prime; _builder_version=\u00a0\u00bb4.9.7&Prime; header_font=\u00a0\u00bbRaleway|700|||||||\u00a0\u00bb header_text_align=\u00a0\u00bbleft\u00a0\u00bb header_text_color=\u00a0\u00bb#1c9576&Prime; header_font_size=\u00a0\u00bb21px\u00a0\u00bb body_font=\u00a0\u00bbSource Sans Pro||||||||\u00a0\u00bb body_text_align=\u00a0\u00bbleft\u00a0\u00bb body_text_color=\u00a0\u00bb#555556&Prime; body_font_size=\u00a0\u00bb18.75px\u00a0\u00bb background_size=\u00a0\u00bbinitial\u00a0\u00bb background_position=\u00a0\u00bbtop_left\u00a0\u00bb background_repeat=\u00a0\u00bbrepeat\u00a0\u00bb custom_margin=\u00a0\u00bb|10%|||false|false\u00a0\u00bb hover_enabled=\u00a0\u00bb0&Prime; custom_css_blurb_content=\u00a0\u00bb max-width: 100%;\u00a0\u00bb use_border_color=\u00a0\u00bboff\u00a0\u00bb border_color=\u00a0\u00bb#ffffff\u00a0\u00bb border_style=\u00a0\u00bbsolid\u00a0\u00bb sticky_enabled=\u00a0\u00bb0&Prime;]<\/p>\n<ul>\n<li>Les \u00e9volutions des comportements des consommateurs donnent lieu \u00e0 des r\u00e9visions r\u00e9guli\u00e8res de la strat\u00e9gie commerciale. Ainsi, le directeur de magasin doit \u00eatre en veille constante et se r\u00e9inventer pour accro\u00eetre la performance de son point de vente.<\/li>\n<li>La mobilit\u00e9 est un facteur important pour l\u2019\u00e9volution de sa carri\u00e8re. <\/li>\n<li>Son exp\u00e9rience pourra le conduire vers d\u2019autres fonctions : directeur r\u00e9gional pour la marque, directeur commercial, directeur d\u2019enseigne ou encore directeur international.<\/li>\n<\/ul>\n<p>[\/et_pb_blurb][et_pb_testimonial admin_label=\u00a0\u00bbaxe1&Prime; _builder_version=\u00a0\u00bb4.9.7&Prime; _module_preset=\u00a0\u00bbdefault\u00a0\u00bb hover_enabled=\u00a0\u00bb0&Prime; sticky_enabled=\u00a0\u00bb0&Prime;]<\/p>\n<p><strong>M\u00e9tier polyvalent et intense, le poste de directeur de magasin offre de beaux d\u00e9fis \u00e0 l\u2019heure o\u00f9 la concurrence est immense, les modes de consommations migrent et le E-commerce explose. <\/strong> <\/p>\n<p>[\/et_pb_testimonial][\/et_pb_column][\/et_pb_row][\/et_pb_section][et_pb_section fb_built=\u00a0\u00bb1&Prime; _builder_version=\u00a0\u00bb4.9.7&Prime; _module_preset=\u00a0\u00bbdefault\u00a0\u00bb background_color=\u00a0\u00bb#1c9576&Prime; locked=\u00a0\u00bboff\u00a0\u00bb collapsed=\u00a0\u00bboff\u00a0\u00bb][et_pb_row admin_label=\u00a0\u00bbrow\u00a0\u00bb _builder_version=\u00a0\u00bb4.9.7&Prime; background_size=\u00a0\u00bbinitial\u00a0\u00bb background_position=\u00a0\u00bbtop_left\u00a0\u00bb background_repeat=\u00a0\u00bbrepeat\u00a0\u00bb make_fullwidth=\u00a0\u00bboff\u00a0\u00bb use_custom_width=\u00a0\u00bboff\u00a0\u00bb width_unit=\u00a0\u00bbon\u00a0\u00bb][et_pb_column type=\u00a0\u00bb4_4&Prime; _builder_version=\u00a0\u00bb4.9.7&Prime; custom_padding=\u00a0\u00bb|||\u00a0\u00bb custom_padding__hover=\u00a0\u00bb|||\u00a0\u00bb][et_pb_cta title=\u00a0\u00bbPour faire ce m\u00e9tier l\u2019\u00e9tudiant doit s\u2019inscrire \u00e0 l\u2019ISGA dans la fili\u00e8re \u201cSyst\u00e8me d\u2019Information et Management d\u2019Entreprise\u201d, option \u201c Syst\u00e8me d\u2019Information Marketing et Commerce\u201d\u00a0\u00bb button_url=\u00a0\u00bbhttps:\/\/isga.ma\/isga\/management-cursus-et-specialisations\/#mancursusup\u00a0\u00bb url_new_window=\u00a0\u00bbon\u00a0\u00bb button_text=\u00a0\u00bbEn savoir plus\u00a0\u00bb _builder_version=\u00a0\u00bb4.9.7&Prime; _module_preset=\u00a0\u00bbdefault\u00a0\u00bb background_color=\u00a0\u00bb#1c9576&Prime; hover_enabled=\u00a0\u00bb0&Prime; sticky_enabled=\u00a0\u00bb0&Prime;][\/et_pb_cta][\/et_pb_column][\/et_pb_row][\/et_pb_section]<\/p>\n","protected":false},"excerpt":{"rendered":"<p>Son r\u00f4le est de d\u00e9finir la strat\u00e9gie de d\u00e9veloppement du magasin et de d\u00e9ployer une organisation op\u00e9rationnelle performante. Le directeur de magasin mobilise diff\u00e9rentes ressources de connaissances et de comp\u00e9tences pour couvrir tous les sujets qui concernent l\u2019activit\u00e9 de son point de vente : finance, commercial, management, droit, merchandising, recrutement\u2026 Il garde en ligne de mire le d\u00e9veloppement du chiffre d\u2019affaires. <\/p>\n","protected":false},"author":4,"featured_media":0,"comment_status":"closed","ping_status":"closed","sticky":false,"template":"","format":"standard","meta":{"_et_pb_use_builder":"on","_et_pb_old_content":"","_et_gb_content_width":"","content-type":"","footnotes":""},"categories":[67],"tags":[],"class_list":["post-7559","post","type-post","status-publish","format-standard","hentry","category-commerce-et-developpement"],"yoast_head":"<!-- This site is optimized with the Yoast SEO plugin v27.5 - https:\/\/yoast.com\/product\/yoast-seo-wordpress\/ -->\n<title>Fiche m\u00e9tier Directeur de magasin - ISGA Institut Sup\u00e9rieur d&#039;Ing\u00e9nierie &amp; des Affaires<\/title>\n<meta name=\"robots\" content=\"noindex, follow, max-snippet:-1, max-image-preview:large, max-video-preview:-1\" \/>\n<meta property=\"og:locale\" content=\"fr_FR\" \/>\n<meta property=\"og:type\" content=\"article\" \/>\n<meta property=\"og:title\" content=\"Fiche m\u00e9tier Directeur de magasin - ISGA Institut Sup\u00e9rieur d&#039;Ing\u00e9nierie &amp; des Affaires\" \/>\n<meta property=\"og:description\" content=\"Son r\u00f4le est de d\u00e9finir la strat\u00e9gie de d\u00e9veloppement du magasin et de d\u00e9ployer une organisation op\u00e9rationnelle performante. Le directeur de magasin mobilise diff\u00e9rentes ressources de connaissances et de comp\u00e9tences pour couvrir tous les sujets qui concernent l\u2019activit\u00e9 de son point de vente : finance, commercial, management, droit, merchandising, recrutement\u2026 Il garde en ligne de mire le d\u00e9veloppement du chiffre d\u2019affaires.\" \/>\n<meta property=\"og:url\" content=\"https:\/\/isga.ma\/isga\/fiche-metier-directeur-de-magasin\/\" \/>\n<meta property=\"og:site_name\" content=\"ISGA Institut Sup\u00e9rieur d&#039;Ing\u00e9nierie &amp; des Affaires\" \/>\n<meta property=\"article:published_time\" content=\"2022-06-28T13:52:47+00:00\" \/>\n<meta property=\"article:modified_time\" content=\"2022-07-28T11:28:09+00:00\" \/>\n<meta name=\"author\" content=\"Malek Romdhani\" \/>\n<meta name=\"twitter:card\" content=\"summary_large_image\" \/>\n<meta name=\"twitter:label1\" content=\"\u00c9crit par\" \/>\n\t<meta name=\"twitter:data1\" content=\"Malek Romdhani\" \/>\n\t<meta name=\"twitter:label2\" content=\"Dur\u00e9e de lecture estim\u00e9e\" \/>\n\t<meta name=\"twitter:data2\" content=\"4 minutes\" \/>\n<script type=\"application\/ld+json\" class=\"yoast-schema-graph\">{\"@context\":\"https:\\\/\\\/schema.org\",\"@graph\":[{\"@type\":\"Article\",\"@id\":\"https:\\\/\\\/isga.ma\\\/isga\\\/fiche-metier-directeur-de-magasin\\\/#article\",\"isPartOf\":{\"@id\":\"https:\\\/\\\/isga.ma\\\/isga\\\/fiche-metier-directeur-de-magasin\\\/\"},\"author\":{\"name\":\"Malek Romdhani\",\"@id\":\"https:\\\/\\\/isga.ma\\\/isga\\\/#\\\/schema\\\/person\\\/8752aa6e3dc08aa478b2d73aa80be347\"},\"headline\":\"Fiche m\u00e9tier Directeur de magasin\",\"datePublished\":\"2022-06-28T13:52:47+00:00\",\"dateModified\":\"2022-07-28T11:28:09+00:00\",\"mainEntityOfPage\":{\"@id\":\"https:\\\/\\\/isga.ma\\\/isga\\\/fiche-metier-directeur-de-magasin\\\/\"},\"wordCount\":1481,\"articleSection\":[\"Commerce et d\u00e9veloppement\"],\"inLanguage\":\"fr-FR\"},{\"@type\":\"WebPage\",\"@id\":\"https:\\\/\\\/isga.ma\\\/isga\\\/fiche-metier-directeur-de-magasin\\\/\",\"url\":\"https:\\\/\\\/isga.ma\\\/isga\\\/fiche-metier-directeur-de-magasin\\\/\",\"name\":\"Fiche m\u00e9tier Directeur de magasin - ISGA Institut Sup\u00e9rieur d&#039;Ing\u00e9nierie &amp; des Affaires\",\"isPartOf\":{\"@id\":\"https:\\\/\\\/isga.ma\\\/isga\\\/#website\"},\"datePublished\":\"2022-06-28T13:52:47+00:00\",\"dateModified\":\"2022-07-28T11:28:09+00:00\",\"author\":{\"@id\":\"https:\\\/\\\/isga.ma\\\/isga\\\/#\\\/schema\\\/person\\\/8752aa6e3dc08aa478b2d73aa80be347\"},\"breadcrumb\":{\"@id\":\"https:\\\/\\\/isga.ma\\\/isga\\\/fiche-metier-directeur-de-magasin\\\/#breadcrumb\"},\"inLanguage\":\"fr-FR\",\"potentialAction\":[{\"@type\":\"ReadAction\",\"target\":[\"https:\\\/\\\/isga.ma\\\/isga\\\/fiche-metier-directeur-de-magasin\\\/\"]}]},{\"@type\":\"BreadcrumbList\",\"@id\":\"https:\\\/\\\/isga.ma\\\/isga\\\/fiche-metier-directeur-de-magasin\\\/#breadcrumb\",\"itemListElement\":[{\"@type\":\"ListItem\",\"position\":1,\"name\":\"Accueil\",\"item\":\"https:\\\/\\\/isga.ma\\\/isga\\\/\"},{\"@type\":\"ListItem\",\"position\":2,\"name\":\"Fiche m\u00e9tier Directeur de magasin\"}]},{\"@type\":\"WebSite\",\"@id\":\"https:\\\/\\\/isga.ma\\\/isga\\\/#website\",\"url\":\"https:\\\/\\\/isga.ma\\\/isga\\\/\",\"name\":\"ISGA Institut Sup\u00e9rieur d&#039;Ing\u00e9nierie &amp; des Affaires\",\"description\":\"Le chemin de la r\u00e9ussite depuis 1981\",\"potentialAction\":[{\"@type\":\"SearchAction\",\"target\":{\"@type\":\"EntryPoint\",\"urlTemplate\":\"https:\\\/\\\/isga.ma\\\/isga\\\/?s={search_term_string}\"},\"query-input\":{\"@type\":\"PropertyValueSpecification\",\"valueRequired\":true,\"valueName\":\"search_term_string\"}}],\"inLanguage\":\"fr-FR\"},{\"@type\":\"Person\",\"@id\":\"https:\\\/\\\/isga.ma\\\/isga\\\/#\\\/schema\\\/person\\\/8752aa6e3dc08aa478b2d73aa80be347\",\"name\":\"Malek Romdhani\",\"image\":{\"@type\":\"ImageObject\",\"inLanguage\":\"fr-FR\",\"@id\":\"https:\\\/\\\/secure.gravatar.com\\\/avatar\\\/dea94204f02b6c9a0265901123d687d8534af381e16f4301431378e641f8d838?s=96&d=mm&r=g\",\"url\":\"https:\\\/\\\/secure.gravatar.com\\\/avatar\\\/dea94204f02b6c9a0265901123d687d8534af381e16f4301431378e641f8d838?s=96&d=mm&r=g\",\"contentUrl\":\"https:\\\/\\\/secure.gravatar.com\\\/avatar\\\/dea94204f02b6c9a0265901123d687d8534af381e16f4301431378e641f8d838?s=96&d=mm&r=g\",\"caption\":\"Malek Romdhani\"},\"url\":\"https:\\\/\\\/isga.ma\\\/isga\\\/author\\\/romdhaniaivancity-ai\\\/\"}]}<\/script>\n<!-- \/ Yoast SEO plugin. -->","yoast_head_json":{"title":"Fiche m\u00e9tier Directeur de magasin - ISGA Institut Sup\u00e9rieur d&#039;Ing\u00e9nierie &amp; des Affaires","robots":{"index":"noindex","follow":"follow","max-snippet":"max-snippet:-1","max-image-preview":"max-image-preview:large","max-video-preview":"max-video-preview:-1"},"og_locale":"fr_FR","og_type":"article","og_title":"Fiche m\u00e9tier Directeur de magasin - ISGA Institut Sup\u00e9rieur d&#039;Ing\u00e9nierie &amp; des Affaires","og_description":"Son r\u00f4le est de d\u00e9finir la strat\u00e9gie de d\u00e9veloppement du magasin et de d\u00e9ployer une organisation op\u00e9rationnelle performante. Le directeur de magasin mobilise diff\u00e9rentes ressources de connaissances et de comp\u00e9tences pour couvrir tous les sujets qui concernent l\u2019activit\u00e9 de son point de vente : finance, commercial, management, droit, merchandising, recrutement\u2026 Il garde en ligne de mire le d\u00e9veloppement du chiffre d\u2019affaires.","og_url":"https:\/\/isga.ma\/isga\/fiche-metier-directeur-de-magasin\/","og_site_name":"ISGA Institut Sup\u00e9rieur d&#039;Ing\u00e9nierie &amp; des Affaires","article_published_time":"2022-06-28T13:52:47+00:00","article_modified_time":"2022-07-28T11:28:09+00:00","author":"Malek Romdhani","twitter_card":"summary_large_image","twitter_misc":{"\u00c9crit par":"Malek Romdhani","Dur\u00e9e de lecture estim\u00e9e":"4 minutes"},"schema":{"@context":"https:\/\/schema.org","@graph":[{"@type":"Article","@id":"https:\/\/isga.ma\/isga\/fiche-metier-directeur-de-magasin\/#article","isPartOf":{"@id":"https:\/\/isga.ma\/isga\/fiche-metier-directeur-de-magasin\/"},"author":{"name":"Malek Romdhani","@id":"https:\/\/isga.ma\/isga\/#\/schema\/person\/8752aa6e3dc08aa478b2d73aa80be347"},"headline":"Fiche m\u00e9tier Directeur de magasin","datePublished":"2022-06-28T13:52:47+00:00","dateModified":"2022-07-28T11:28:09+00:00","mainEntityOfPage":{"@id":"https:\/\/isga.ma\/isga\/fiche-metier-directeur-de-magasin\/"},"wordCount":1481,"articleSection":["Commerce et d\u00e9veloppement"],"inLanguage":"fr-FR"},{"@type":"WebPage","@id":"https:\/\/isga.ma\/isga\/fiche-metier-directeur-de-magasin\/","url":"https:\/\/isga.ma\/isga\/fiche-metier-directeur-de-magasin\/","name":"Fiche m\u00e9tier Directeur de magasin - ISGA Institut Sup\u00e9rieur d&#039;Ing\u00e9nierie &amp; des Affaires","isPartOf":{"@id":"https:\/\/isga.ma\/isga\/#website"},"datePublished":"2022-06-28T13:52:47+00:00","dateModified":"2022-07-28T11:28:09+00:00","author":{"@id":"https:\/\/isga.ma\/isga\/#\/schema\/person\/8752aa6e3dc08aa478b2d73aa80be347"},"breadcrumb":{"@id":"https:\/\/isga.ma\/isga\/fiche-metier-directeur-de-magasin\/#breadcrumb"},"inLanguage":"fr-FR","potentialAction":[{"@type":"ReadAction","target":["https:\/\/isga.ma\/isga\/fiche-metier-directeur-de-magasin\/"]}]},{"@type":"BreadcrumbList","@id":"https:\/\/isga.ma\/isga\/fiche-metier-directeur-de-magasin\/#breadcrumb","itemListElement":[{"@type":"ListItem","position":1,"name":"Accueil","item":"https:\/\/isga.ma\/isga\/"},{"@type":"ListItem","position":2,"name":"Fiche m\u00e9tier Directeur de magasin"}]},{"@type":"WebSite","@id":"https:\/\/isga.ma\/isga\/#website","url":"https:\/\/isga.ma\/isga\/","name":"ISGA Institut Sup\u00e9rieur d&#039;Ing\u00e9nierie &amp; des Affaires","description":"Le chemin de la r\u00e9ussite depuis 1981","potentialAction":[{"@type":"SearchAction","target":{"@type":"EntryPoint","urlTemplate":"https:\/\/isga.ma\/isga\/?s={search_term_string}"},"query-input":{"@type":"PropertyValueSpecification","valueRequired":true,"valueName":"search_term_string"}}],"inLanguage":"fr-FR"},{"@type":"Person","@id":"https:\/\/isga.ma\/isga\/#\/schema\/person\/8752aa6e3dc08aa478b2d73aa80be347","name":"Malek Romdhani","image":{"@type":"ImageObject","inLanguage":"fr-FR","@id":"https:\/\/secure.gravatar.com\/avatar\/dea94204f02b6c9a0265901123d687d8534af381e16f4301431378e641f8d838?s=96&d=mm&r=g","url":"https:\/\/secure.gravatar.com\/avatar\/dea94204f02b6c9a0265901123d687d8534af381e16f4301431378e641f8d838?s=96&d=mm&r=g","contentUrl":"https:\/\/secure.gravatar.com\/avatar\/dea94204f02b6c9a0265901123d687d8534af381e16f4301431378e641f8d838?s=96&d=mm&r=g","caption":"Malek Romdhani"},"url":"https:\/\/isga.ma\/isga\/author\/romdhaniaivancity-ai\/"}]}},"_links":{"self":[{"href":"https:\/\/isga.ma\/isga\/wp-json\/wp\/v2\/posts\/7559","targetHints":{"allow":["GET"]}}],"collection":[{"href":"https:\/\/isga.ma\/isga\/wp-json\/wp\/v2\/posts"}],"about":[{"href":"https:\/\/isga.ma\/isga\/wp-json\/wp\/v2\/types\/post"}],"author":[{"embeddable":true,"href":"https:\/\/isga.ma\/isga\/wp-json\/wp\/v2\/users\/4"}],"replies":[{"embeddable":true,"href":"https:\/\/isga.ma\/isga\/wp-json\/wp\/v2\/comments?post=7559"}],"version-history":[{"count":5,"href":"https:\/\/isga.ma\/isga\/wp-json\/wp\/v2\/posts\/7559\/revisions"}],"predecessor-version":[{"id":7929,"href":"https:\/\/isga.ma\/isga\/wp-json\/wp\/v2\/posts\/7559\/revisions\/7929"}],"wp:attachment":[{"href":"https:\/\/isga.ma\/isga\/wp-json\/wp\/v2\/media?parent=7559"}],"wp:term":[{"taxonomy":"category","embeddable":true,"href":"https:\/\/isga.ma\/isga\/wp-json\/wp\/v2\/categories?post=7559"},{"taxonomy":"post_tag","embeddable":true,"href":"https:\/\/isga.ma\/isga\/wp-json\/wp\/v2\/tags?post=7559"}],"curies":[{"name":"wp","href":"https:\/\/api.w.org\/{rel}","templated":true}]}}