{"id":7585,"date":"2022-06-28T16:04:35","date_gmt":"2022-06-28T14:04:35","guid":{"rendered":"https:\/\/isga.ma\/isga\/?p=7585"},"modified":"2022-08-03T18:51:29","modified_gmt":"2022-08-03T16:51:29","slug":"fiche-metier-responsable-administratif-et-financier","status":"publish","type":"post","link":"https:\/\/isga.ma\/isga\/fiche-metier-responsable-administratif-et-financier\/","title":{"rendered":"Fiche m\u00e9tier Responsable administratif et financier"},"content":{"rendered":"<p>[et_pb_section fb_built=\u00a0\u00bb1&Prime; fullwidth=\u00a0\u00bbon\u00a0\u00bb module_class=\u00a0\u00bbde-inner-page-header\u00a0\u00bb _builder_version=\u00a0\u00bb4.9.7&Prime; background_color=\u00a0\u00bbrgba(6,22,47,0.6)\u00a0\u00bb background_enable_color=\u00a0\u00bboff\u00a0\u00bb background_image=\u00a0\u00bbhttps:\/\/isga.ma\/isga\/wp-content\/uploads\/2021\/10\/IMG_8962-Modifier.jpg\u00a0\u00bb parallax=\u00a0\u00bbon\u00a0\u00bb][et_pb_fullwidth_post_title meta=\u00a0\u00bboff\u00a0\u00bb featured_image=\u00a0\u00bboff\u00a0\u00bb text_color=\u00a0\u00bblight\u00a0\u00bb admin_label=\u00a0\u00bbPage Title\u00a0\u00bb _builder_version=\u00a0\u00bb4.4.1&Prime; title_font=\u00a0\u00bb|300|||||||\u00a0\u00bb title_font_size=\u00a0\u00bb60px\u00a0\u00bb parallax=\u00a0\u00bbon\u00a0\u00bb parallax_method=\u00a0\u00bboff\u00a0\u00bb title_font_size_tablet=\u00a0\u00bb50px\u00a0\u00bb title_font_size_phone=\u00a0\u00bb40px\u00a0\u00bb title_font_size_last_edited=\u00a0\u00bbon|phone\u00a0\u00bb parallax_effect=\u00a0\u00bbon\u00a0\u00bb border_style=\u00a0\u00bbsolid\u00a0\u00bb][\/et_pb_fullwidth_post_title][\/et_pb_section][et_pb_section fb_built=\u00a0\u00bb1&Prime; admin_label=\u00a0\u00bbsection\u00a0\u00bb module_id=\u00a0\u00bbcourse-overview\u00a0\u00bb _builder_version=\u00a0\u00bb4.9.7&Prime; background_enable_color=\u00a0\u00bboff\u00a0\u00bb custom_css_main_element=\u00a0\u00bb box-shadow: 0px 0px 30px rgba(0, 0, 0, 0.2);\u00a0\u00bb transparent_background=\u00a0\u00bboff\u00a0\u00bb make_fullwidth=\u00a0\u00bboff\u00a0\u00bb use_custom_width=\u00a0\u00bboff\u00a0\u00bb width_unit=\u00a0\u00bbon\u00a0\u00bb][et_pb_row _builder_version=\u00a0\u00bb4.9.7&Prime; _module_preset=\u00a0\u00bbdefault\u00a0\u00bb][et_pb_column type=\u00a0\u00bb4_4&Prime; _builder_version=\u00a0\u00bb4.9.7&Prime; _module_preset=\u00a0\u00bbdefault\u00a0\u00bb][et_pb_text admin_label=\u00a0\u00bbTitre 1&Prime; module_class=\u00a0\u00bbde-special-heading\u00a0\u00bb _builder_version=\u00a0\u00bb4.9.7&Prime; header_2_font=\u00a0\u00bb|600||on|||||\u00a0\u00bb header_2_font_size=\u00a0\u00bb50px\u00a0\u00bb header_2_letter_spacing=\u00a0\u00bb2px\u00a0\u00bb header_3_font=\u00a0\u00bb|300||on|||||\u00a0\u00bb header_3_text_color=\u00a0\u00bb#000000&Prime; header_3_font_size=\u00a0\u00bb40px\u00a0\u00bb header_3_letter_spacing=\u00a0\u00bb1px\u00a0\u00bb background_size=\u00a0\u00bbinitial\u00a0\u00bb background_position=\u00a0\u00bbtop_left\u00a0\u00bb background_repeat=\u00a0\u00bbrepeat\u00a0\u00bb header_2_font_size_tablet=\u00a0\u00bb40px\u00a0\u00bb header_2_font_size_phone=\u00a0\u00bb30px\u00a0\u00bb header_2_font_size_last_edited=\u00a0\u00bbon|desktop\u00a0\u00bb header_3_font_size_tablet=\u00a0\u00bb30px\u00a0\u00bb header_3_font_size_phone=\u00a0\u00bb20px\u00a0\u00bb header_3_font_size_last_edited=\u00a0\u00bbon|desktop\u00a0\u00bb]<\/p>\n<h1 style=\"text-align: left;\">Connaissez-vous ces missions principales  ? Les qualit\u00e9s requises pour exercer ce m\u00e9tier ? Ainsi que les tendances et facteurs d&rsquo;\u00e9volution du m\u00e9tier ?<\/h1>\n<h2 style=\"text-align: left;\">On vous dit tout dans cette fiche m\u00e9tier !<\/h2>\n<p>[\/et_pb_text][et_pb_blurb icon_placement=\u00a0\u00bbleft\u00a0\u00bb admin_label=\u00a0\u00bbOverview Content 1&Prime; _builder_version=\u00a0\u00bb4.9.7&Prime; header_font=\u00a0\u00bbRaleway|700|||||||\u00a0\u00bb header_text_align=\u00a0\u00bbleft\u00a0\u00bb header_text_color=\u00a0\u00bb#1c9576&Prime; header_font_size=\u00a0\u00bb21px\u00a0\u00bb body_font=\u00a0\u00bbSource Sans Pro||||||||\u00a0\u00bb body_text_align=\u00a0\u00bbleft\u00a0\u00bb body_text_color=\u00a0\u00bb#555556&Prime; body_font_size=\u00a0\u00bb18.75px\u00a0\u00bb background_size=\u00a0\u00bbinitial\u00a0\u00bb background_position=\u00a0\u00bbtop_left\u00a0\u00bb background_repeat=\u00a0\u00bbrepeat\u00a0\u00bb custom_margin=\u00a0\u00bb|10%|||false|false\u00a0\u00bb hover_enabled=\u00a0\u00bb0&Prime; custom_css_blurb_content=\u00a0\u00bb max-width: 100%;\u00a0\u00bb use_border_color=\u00a0\u00bboff\u00a0\u00bb border_color=\u00a0\u00bb#ffffff\u00a0\u00bb border_style=\u00a0\u00bbsolid\u00a0\u00bb sticky_enabled=\u00a0\u00bb0&Prime;]On l\u2019appelle aussi directeur administratif et financier (DAF). Il supervise les services et \u00e9labore la strat\u00e9gie administrative et financi\u00e8re de l\u2019entreprise. Il participe au comit\u00e9 de direction. Son travail influe directement sur la bonne organisation de la structure et sur sa stabilit\u00e9 \u00e9conomique. [\/et_pb_blurb][\/et_pb_column][\/et_pb_row][et_pb_row _builder_version=\u00a0\u00bb4.9.7&Prime; _module_preset=\u00a0\u00bbdefault\u00a0\u00bb][et_pb_column type=\u00a0\u00bb4_4&Prime; _builder_version=\u00a0\u00bb4.9.7&Prime; _module_preset=\u00a0\u00bbdefault\u00a0\u00bb][et_pb_blurb title=\u00a0\u00bbPr\u00e9sentation et missions principales du DAF\u00a0\u00bb icon_placement=\u00a0\u00bbleft\u00a0\u00bb admin_label=\u00a0\u00bbOverview Content 1&Prime; _builder_version=\u00a0\u00bb4.9.7&Prime; header_font=\u00a0\u00bbRaleway|700|||||||\u00a0\u00bb header_text_align=\u00a0\u00bbleft\u00a0\u00bb header_text_color=\u00a0\u00bb#1c9576&Prime; header_font_size=\u00a0\u00bb21px\u00a0\u00bb body_font=\u00a0\u00bbSource Sans Pro||||||||\u00a0\u00bb body_text_align=\u00a0\u00bbleft\u00a0\u00bb body_text_color=\u00a0\u00bb#555556&Prime; body_font_size=\u00a0\u00bb18.75px\u00a0\u00bb background_size=\u00a0\u00bbinitial\u00a0\u00bb background_position=\u00a0\u00bbtop_left\u00a0\u00bb background_repeat=\u00a0\u00bbrepeat\u00a0\u00bb custom_margin=\u00a0\u00bb|10%|||false|false\u00a0\u00bb hover_enabled=\u00a0\u00bb0&Prime; custom_css_blurb_content=\u00a0\u00bb max-width: 100%;\u00a0\u00bb use_border_color=\u00a0\u00bboff\u00a0\u00bb border_color=\u00a0\u00bb#ffffff\u00a0\u00bb border_style=\u00a0\u00bbsolid\u00a0\u00bb sticky_enabled=\u00a0\u00bb0&Prime;]Il est responsable des activit\u00e9s administratives et financi\u00e8res de l\u2019entreprise. Il met en place une politique financi\u00e8re pour l\u2019entreprise. Il pilote et coordonne les diff\u00e9rents services (gestion, comptabilit\u00e9, secr\u00e9tariat, administration\u2026). Il fait en sorte que l\u2019information circule correctement, que les collaborateurs respectent les d\u00e9lais, que les outils soient efficaces\u2026 Il est \u00e0 l\u2019\u00e9coute des besoins des \u00e9quipes. Il prend en compte les difficult\u00e9s, les risques et cherche des solutions pour r\u00e9soudre toutes les probl\u00e9matiques. Il pilote les collaborateurs et les managers des services dont il est responsable, et tient un r\u00f4le de conseiller aupr\u00e8s de la direction. Il planifie les t\u00e2ches et organise les interactions. Il recrute les collaborateurs et r\u00e9organise les services si cela est n\u00e9cessaire. Il v\u00e9rifie les r\u00e9sultats financiers quotidiennement, \u00e0 l\u2019aide de tableaux de bord contenant divers indicateurs. Il travaille dans un objectif d\u2019am\u00e9lioration continue de la performance administrative et financi\u00e8re de l\u2019entreprise. Il g\u00e8re les partenariats avec les banques, les assurances, les prestataires ext\u00e9rieurs (commissaire aux comptes, fournisseurs\u2026). Il veille au respect du cadre juridique. Il pr\u00e9pare les conseils d\u2019administration et r\u00e9dige des proc\u00e8s verbaux. Il pilote la gestion financi\u00e8re et administrative continue et travaille sur les projets futurs pour en \u00e9valuer la rentabilit\u00e9.<br \/>\n[\/et_pb_blurb][\/et_pb_column][\/et_pb_row][\/et_pb_section][et_pb_section fb_built=\u00a0\u00bb1&Prime; admin_label=\u00a0\u00bbsection\u00a0\u00bb module_id=\u00a0\u00bbcourse-overview\u00a0\u00bb _builder_version=\u00a0\u00bb4.9.7&Prime; background_enable_color=\u00a0\u00bboff\u00a0\u00bb custom_css_main_element=\u00a0\u00bb box-shadow: 0px 0px 30px rgba(0, 0, 0, 0.2);\u00a0\u00bb transparent_background=\u00a0\u00bboff\u00a0\u00bb make_fullwidth=\u00a0\u00bboff\u00a0\u00bb use_custom_width=\u00a0\u00bboff\u00a0\u00bb width_unit=\u00a0\u00bbon\u00a0\u00bb locked=\u00a0\u00bboff\u00a0\u00bb collapsed=\u00a0\u00bboff\u00a0\u00bb][et_pb_row column_structure=\u00a0\u00bb1_2,1_2&Prime; _builder_version=\u00a0\u00bb4.9.7&Prime; _module_preset=\u00a0\u00bbdefault\u00a0\u00bb][et_pb_column type=\u00a0\u00bb1_2&Prime; _builder_version=\u00a0\u00bb4.9.7&Prime; _module_preset=\u00a0\u00bbdefault\u00a0\u00bb][et_pb_blurb title=\u00a0\u00bbComp\u00e9tences et qualit\u00e9s du m\u00e9tier de responsable administratif et financier\u00a0\u00bb icon_placement=\u00a0\u00bbleft\u00a0\u00bb admin_label=\u00a0\u00bbOverview Content 1&Prime; _builder_version=\u00a0\u00bb4.9.7&Prime; header_font=\u00a0\u00bbRaleway|700|||||||\u00a0\u00bb header_text_align=\u00a0\u00bbleft\u00a0\u00bb header_text_color=\u00a0\u00bb#1c9576&Prime; header_font_size=\u00a0\u00bb21px\u00a0\u00bb body_font=\u00a0\u00bbSource Sans Pro||||||||\u00a0\u00bb body_text_align=\u00a0\u00bbleft\u00a0\u00bb body_text_color=\u00a0\u00bb#555556&Prime; body_font_size=\u00a0\u00bb18.75px\u00a0\u00bb background_size=\u00a0\u00bbinitial\u00a0\u00bb background_position=\u00a0\u00bbtop_left\u00a0\u00bb background_repeat=\u00a0\u00bbrepeat\u00a0\u00bb custom_margin=\u00a0\u00bb|10%|||false|false\u00a0\u00bb hover_enabled=\u00a0\u00bb0&Prime; custom_css_blurb_content=\u00a0\u00bb max-width: 100%;\u00a0\u00bb use_border_color=\u00a0\u00bboff\u00a0\u00bb border_color=\u00a0\u00bb#ffffff\u00a0\u00bb border_style=\u00a0\u00bbsolid\u00a0\u00bb sticky_enabled=\u00a0\u00bb0&Prime;]Ses facult\u00e9s financi\u00e8res et administratives sont ses piliers. Il poss\u00e8de aussi de grandes connaissances juridiques. Leader engag\u00e9, le DAF indique la direction aux managers op\u00e9rationnels. Polyvalent, il sait actionner les bons leviers pour garantir l\u2019efficacit\u00e9 \u00e9conomique de la structure. Il intervient sur de nombreux sujets et sait synth\u00e9tiser les informations pour optimiser ses actions. Son sens de l\u2019analyse est excellent. Il entretient de bonnes relations avec les \u00e9quipes et la direction. Ses grandes comp\u00e9tences et son autorit\u00e9 naturelle lui permettent de susciter l\u2019adh\u00e9sion. Il a de bonnes capacit\u00e9s d\u2019\u00e9coute et de rebond. Organis\u00e9 et pr\u00e9voyant, il anticipe et va toujours \u00e0 l\u2019essentiel. Il porte une responsabilit\u00e9 importante et son sang-froid ne lui fait jamais d\u00e9faut. Sa prise de recul lui permet de r\u00e9pondre avec pertinence \u00e0 toutes les probl\u00e9matiques. Il a une vision \u00e0 la fois pointue et globale de l\u2019entreprise, de l\u2019activit\u00e9 et de son contexte. Il se tient \u00e0 jour des \u00e9volutions li\u00e9es \u00e0 son m\u00e9tier (sur le plan juridique, financier mais aussi technologique). [\/et_pb_blurb][\/et_pb_column][et_pb_column type=\u00a0\u00bb1_2&Prime; _builder_version=\u00a0\u00bb4.9.7&Prime; _module_preset=\u00a0\u00bbdefault\u00a0\u00bb][et_pb_blurb title=\u00a0\u00bbTendances et facteurs d&rsquo;\u00e9volution du m\u00e9tier de responsable administratif et financier\u00a0\u00bb icon_placement=\u00a0\u00bbleft\u00a0\u00bb admin_label=\u00a0\u00bbOverview Content 1&Prime; _builder_version=\u00a0\u00bb4.9.7&Prime; header_font=\u00a0\u00bbRaleway|700|||||||\u00a0\u00bb header_text_align=\u00a0\u00bbleft\u00a0\u00bb header_text_color=\u00a0\u00bb#1c9576&Prime; header_font_size=\u00a0\u00bb21px\u00a0\u00bb body_font=\u00a0\u00bbSource Sans Pro||||||||\u00a0\u00bb body_text_align=\u00a0\u00bbleft\u00a0\u00bb body_text_color=\u00a0\u00bb#555556&Prime; body_font_size=\u00a0\u00bb18.75px\u00a0\u00bb background_size=\u00a0\u00bbinitial\u00a0\u00bb background_position=\u00a0\u00bbtop_left\u00a0\u00bb background_repeat=\u00a0\u00bbrepeat\u00a0\u00bb custom_margin=\u00a0\u00bb|10%|||false|false\u00a0\u00bb hover_enabled=\u00a0\u00bb0&Prime; custom_css_blurb_content=\u00a0\u00bb max-width: 100%;\u00a0\u00bb use_border_color=\u00a0\u00bboff\u00a0\u00bb border_color=\u00a0\u00bb#ffffff\u00a0\u00bb border_style=\u00a0\u00bbsolid\u00a0\u00bb sticky_enabled=\u00a0\u00bb0&Prime;]Fonction cl\u00e9 de l\u2019entreprise, le responsable administratif et financier est n\u00e9cessaire au pilotage de l\u2019entreprise. Le m\u00e9tier est recherch\u00e9 dans tous les secteurs d\u2019activit\u00e9. Il \u00e9volue au fur et \u00e0 mesure des ann\u00e9es d\u2019exp\u00e9rience et peut prendre une dimension internationale par la suite.<br \/>\nLe DAF peut ensuite pr\u00e9tendre \u00e0 une fonction de directeur g\u00e9n\u00e9ral ou bien travailler en tant qu\u2019auditeur expert pour des entreprises de renomm\u00e9e internationale. Il peut aussi envisager de cr\u00e9er son propre cabinet d\u2019audit.<br \/>\n[\/et_pb_blurb][et_pb_testimonial admin_label=\u00a0\u00bbaxe1&Prime; _builder_version=\u00a0\u00bb4.9.7&Prime; _module_preset=\u00a0\u00bbdefault\u00a0\u00bb hover_enabled=\u00a0\u00bb0&Prime; sticky_enabled=\u00a0\u00bb0&Prime;]<\/p>\n<p><strong>La fonction de directeur administratif et financier est n\u00e9cessaire au d\u00e9veloppement d\u2019une entreprise ou d\u2019un groupe. Le RAF (ou DAF) assure la ma\u00eetrise et la performance des affaires financi\u00e8res et administratives, pour maintenir une croissance rapide, se pr\u00e9munir des risques et optimiser la rentabilit\u00e9.   <\/strong> <\/p>\n<p>[\/et_pb_testimonial][\/et_pb_column][\/et_pb_row][\/et_pb_section][et_pb_section fb_built=\u00a0\u00bb1&Prime; _builder_version=\u00a0\u00bb4.9.7&Prime; _module_preset=\u00a0\u00bbdefault\u00a0\u00bb background_color=\u00a0\u00bb#1c9576&Prime; locked=\u00a0\u00bboff\u00a0\u00bb collapsed=\u00a0\u00bboff\u00a0\u00bb][et_pb_row admin_label=\u00a0\u00bbrow\u00a0\u00bb _builder_version=\u00a0\u00bb4.9.7&Prime; background_size=\u00a0\u00bbinitial\u00a0\u00bb background_position=\u00a0\u00bbtop_left\u00a0\u00bb background_repeat=\u00a0\u00bbrepeat\u00a0\u00bb make_fullwidth=\u00a0\u00bboff\u00a0\u00bb use_custom_width=\u00a0\u00bboff\u00a0\u00bb width_unit=\u00a0\u00bbon\u00a0\u00bb][et_pb_column type=\u00a0\u00bb4_4&Prime; _builder_version=\u00a0\u00bb4.9.7&Prime; custom_padding=\u00a0\u00bb|||\u00a0\u00bb custom_padding__hover=\u00a0\u00bb|||\u00a0\u00bb][et_pb_cta title=\u00a0\u00bbPour faire ce m\u00e9tier l\u2019\u00e9tudiant doit s\u2019inscrire \u00e0 l\u2019ISGA dans la fili\u00e8re \u201cSyst\u00e8me d\u2019Information et Management d\u2019Entreprise\u201d, option \u201c Syst\u00e8me d\u2019Information et G\u00e9nie Financier\u201d\u00a0\u00bb button_url=\u00a0\u00bbhttps:\/\/isga.ma\/isga\/management-cursus-et-specialisations\/#mancursusup\u00a0\u00bb url_new_window=\u00a0\u00bbon\u00a0\u00bb button_text=\u00a0\u00bbEn savoir plus\u00a0\u00bb _builder_version=\u00a0\u00bb4.9.7&Prime; _module_preset=\u00a0\u00bbdefault\u00a0\u00bb background_color=\u00a0\u00bb#1c9576&Prime; hover_enabled=\u00a0\u00bb0&Prime; sticky_enabled=\u00a0\u00bb0&Prime;][\/et_pb_cta][\/et_pb_column][\/et_pb_row][\/et_pb_section]<\/p>\n","protected":false},"excerpt":{"rendered":"<p>On l\u2019appelle aussi directeur administratif et financier (DAF). Il supervise les services et \u00e9labore la strat\u00e9gie administrative et financi\u00e8re de l\u2019entreprise. Il participe au comit\u00e9 de direction. Son travail influe directement sur la bonne organisation de la structure et sur sa stabilit\u00e9 \u00e9conomique. <\/p>\n","protected":false},"author":4,"featured_media":0,"comment_status":"closed","ping_status":"closed","sticky":false,"template":"","format":"standard","meta":{"_et_pb_use_builder":"on","_et_pb_old_content":"","_et_gb_content_width":"","content-type":"","footnotes":""},"categories":[68],"tags":[],"class_list":["post-7585","post","type-post","status-publish","format-standard","hentry","category-finance-comptabilite-controle"],"yoast_head":"<!-- This site is optimized with the Yoast SEO plugin v27.5 - https:\/\/yoast.com\/product\/yoast-seo-wordpress\/ -->\n<title>Fiche m\u00e9tier Responsable administratif et financier - ISGA Institut Sup\u00e9rieur d&#039;Ing\u00e9nierie &amp; des Affaires<\/title>\n<meta name=\"robots\" content=\"noindex, follow, max-snippet:-1, max-image-preview:large, max-video-preview:-1\" \/>\n<meta property=\"og:locale\" content=\"fr_FR\" \/>\n<meta property=\"og:type\" content=\"article\" \/>\n<meta property=\"og:title\" content=\"Fiche m\u00e9tier Responsable administratif et financier - ISGA Institut Sup\u00e9rieur d&#039;Ing\u00e9nierie &amp; des Affaires\" \/>\n<meta property=\"og:description\" content=\"On l\u2019appelle aussi directeur administratif et financier (DAF). Il supervise les services et \u00e9labore la strat\u00e9gie administrative et financi\u00e8re de l\u2019entreprise. Il participe au comit\u00e9 de direction. Son travail influe directement sur la bonne organisation de la structure et sur sa stabilit\u00e9 \u00e9conomique.\" \/>\n<meta property=\"og:url\" content=\"https:\/\/isga.ma\/isga\/fiche-metier-responsable-administratif-et-financier\/\" \/>\n<meta property=\"og:site_name\" content=\"ISGA Institut Sup\u00e9rieur d&#039;Ing\u00e9nierie &amp; des Affaires\" \/>\n<meta property=\"article:published_time\" content=\"2022-06-28T14:04:35+00:00\" \/>\n<meta property=\"article:modified_time\" content=\"2022-08-03T16:51:29+00:00\" \/>\n<meta name=\"author\" content=\"Malek Romdhani\" \/>\n<meta name=\"twitter:card\" content=\"summary_large_image\" \/>\n<meta name=\"twitter:label1\" content=\"\u00c9crit par\" \/>\n\t<meta name=\"twitter:data1\" content=\"Malek Romdhani\" \/>\n\t<meta name=\"twitter:label2\" content=\"Dur\u00e9e de lecture estim\u00e9e\" \/>\n\t<meta name=\"twitter:data2\" content=\"4 minutes\" \/>\n<script type=\"application\/ld+json\" class=\"yoast-schema-graph\">{\"@context\":\"https:\\\/\\\/schema.org\",\"@graph\":[{\"@type\":\"Article\",\"@id\":\"https:\\\/\\\/isga.ma\\\/isga\\\/fiche-metier-responsable-administratif-et-financier\\\/#article\",\"isPartOf\":{\"@id\":\"https:\\\/\\\/isga.ma\\\/isga\\\/fiche-metier-responsable-administratif-et-financier\\\/\"},\"author\":{\"name\":\"Malek Romdhani\",\"@id\":\"https:\\\/\\\/isga.ma\\\/isga\\\/#\\\/schema\\\/person\\\/8752aa6e3dc08aa478b2d73aa80be347\"},\"headline\":\"Fiche m\u00e9tier Responsable administratif et financier\",\"datePublished\":\"2022-06-28T14:04:35+00:00\",\"dateModified\":\"2022-08-03T16:51:29+00:00\",\"mainEntityOfPage\":{\"@id\":\"https:\\\/\\\/isga.ma\\\/isga\\\/fiche-metier-responsable-administratif-et-financier\\\/\"},\"wordCount\":1490,\"articleSection\":[\"Finance comptabilit\u00e9 contr\u00f4le\"],\"inLanguage\":\"fr-FR\"},{\"@type\":\"WebPage\",\"@id\":\"https:\\\/\\\/isga.ma\\\/isga\\\/fiche-metier-responsable-administratif-et-financier\\\/\",\"url\":\"https:\\\/\\\/isga.ma\\\/isga\\\/fiche-metier-responsable-administratif-et-financier\\\/\",\"name\":\"Fiche m\u00e9tier Responsable administratif et financier - ISGA Institut Sup\u00e9rieur d&#039;Ing\u00e9nierie &amp; des Affaires\",\"isPartOf\":{\"@id\":\"https:\\\/\\\/isga.ma\\\/isga\\\/#website\"},\"datePublished\":\"2022-06-28T14:04:35+00:00\",\"dateModified\":\"2022-08-03T16:51:29+00:00\",\"author\":{\"@id\":\"https:\\\/\\\/isga.ma\\\/isga\\\/#\\\/schema\\\/person\\\/8752aa6e3dc08aa478b2d73aa80be347\"},\"breadcrumb\":{\"@id\":\"https:\\\/\\\/isga.ma\\\/isga\\\/fiche-metier-responsable-administratif-et-financier\\\/#breadcrumb\"},\"inLanguage\":\"fr-FR\",\"potentialAction\":[{\"@type\":\"ReadAction\",\"target\":[\"https:\\\/\\\/isga.ma\\\/isga\\\/fiche-metier-responsable-administratif-et-financier\\\/\"]}]},{\"@type\":\"BreadcrumbList\",\"@id\":\"https:\\\/\\\/isga.ma\\\/isga\\\/fiche-metier-responsable-administratif-et-financier\\\/#breadcrumb\",\"itemListElement\":[{\"@type\":\"ListItem\",\"position\":1,\"name\":\"Accueil\",\"item\":\"https:\\\/\\\/isga.ma\\\/isga\\\/\"},{\"@type\":\"ListItem\",\"position\":2,\"name\":\"Fiche m\u00e9tier Responsable administratif et financier\"}]},{\"@type\":\"WebSite\",\"@id\":\"https:\\\/\\\/isga.ma\\\/isga\\\/#website\",\"url\":\"https:\\\/\\\/isga.ma\\\/isga\\\/\",\"name\":\"ISGA Institut Sup\u00e9rieur d&#039;Ing\u00e9nierie &amp; des Affaires\",\"description\":\"Le chemin de la r\u00e9ussite depuis 1981\",\"potentialAction\":[{\"@type\":\"SearchAction\",\"target\":{\"@type\":\"EntryPoint\",\"urlTemplate\":\"https:\\\/\\\/isga.ma\\\/isga\\\/?s={search_term_string}\"},\"query-input\":{\"@type\":\"PropertyValueSpecification\",\"valueRequired\":true,\"valueName\":\"search_term_string\"}}],\"inLanguage\":\"fr-FR\"},{\"@type\":\"Person\",\"@id\":\"https:\\\/\\\/isga.ma\\\/isga\\\/#\\\/schema\\\/person\\\/8752aa6e3dc08aa478b2d73aa80be347\",\"name\":\"Malek Romdhani\",\"image\":{\"@type\":\"ImageObject\",\"inLanguage\":\"fr-FR\",\"@id\":\"https:\\\/\\\/secure.gravatar.com\\\/avatar\\\/dea94204f02b6c9a0265901123d687d8534af381e16f4301431378e641f8d838?s=96&d=mm&r=g\",\"url\":\"https:\\\/\\\/secure.gravatar.com\\\/avatar\\\/dea94204f02b6c9a0265901123d687d8534af381e16f4301431378e641f8d838?s=96&d=mm&r=g\",\"contentUrl\":\"https:\\\/\\\/secure.gravatar.com\\\/avatar\\\/dea94204f02b6c9a0265901123d687d8534af381e16f4301431378e641f8d838?s=96&d=mm&r=g\",\"caption\":\"Malek Romdhani\"},\"url\":\"https:\\\/\\\/isga.ma\\\/isga\\\/author\\\/romdhaniaivancity-ai\\\/\"}]}<\/script>\n<!-- \/ Yoast SEO plugin. -->","yoast_head_json":{"title":"Fiche m\u00e9tier Responsable administratif et financier - ISGA Institut Sup\u00e9rieur d&#039;Ing\u00e9nierie &amp; des Affaires","robots":{"index":"noindex","follow":"follow","max-snippet":"max-snippet:-1","max-image-preview":"max-image-preview:large","max-video-preview":"max-video-preview:-1"},"og_locale":"fr_FR","og_type":"article","og_title":"Fiche m\u00e9tier Responsable administratif et financier - ISGA Institut Sup\u00e9rieur d&#039;Ing\u00e9nierie &amp; des Affaires","og_description":"On l\u2019appelle aussi directeur administratif et financier (DAF). Il supervise les services et \u00e9labore la strat\u00e9gie administrative et financi\u00e8re de l\u2019entreprise. Il participe au comit\u00e9 de direction. Son travail influe directement sur la bonne organisation de la structure et sur sa stabilit\u00e9 \u00e9conomique.","og_url":"https:\/\/isga.ma\/isga\/fiche-metier-responsable-administratif-et-financier\/","og_site_name":"ISGA Institut Sup\u00e9rieur d&#039;Ing\u00e9nierie &amp; des Affaires","article_published_time":"2022-06-28T14:04:35+00:00","article_modified_time":"2022-08-03T16:51:29+00:00","author":"Malek Romdhani","twitter_card":"summary_large_image","twitter_misc":{"\u00c9crit par":"Malek Romdhani","Dur\u00e9e de lecture estim\u00e9e":"4 minutes"},"schema":{"@context":"https:\/\/schema.org","@graph":[{"@type":"Article","@id":"https:\/\/isga.ma\/isga\/fiche-metier-responsable-administratif-et-financier\/#article","isPartOf":{"@id":"https:\/\/isga.ma\/isga\/fiche-metier-responsable-administratif-et-financier\/"},"author":{"name":"Malek Romdhani","@id":"https:\/\/isga.ma\/isga\/#\/schema\/person\/8752aa6e3dc08aa478b2d73aa80be347"},"headline":"Fiche m\u00e9tier Responsable administratif et financier","datePublished":"2022-06-28T14:04:35+00:00","dateModified":"2022-08-03T16:51:29+00:00","mainEntityOfPage":{"@id":"https:\/\/isga.ma\/isga\/fiche-metier-responsable-administratif-et-financier\/"},"wordCount":1490,"articleSection":["Finance comptabilit\u00e9 contr\u00f4le"],"inLanguage":"fr-FR"},{"@type":"WebPage","@id":"https:\/\/isga.ma\/isga\/fiche-metier-responsable-administratif-et-financier\/","url":"https:\/\/isga.ma\/isga\/fiche-metier-responsable-administratif-et-financier\/","name":"Fiche m\u00e9tier Responsable administratif et financier - ISGA Institut Sup\u00e9rieur d&#039;Ing\u00e9nierie &amp; des Affaires","isPartOf":{"@id":"https:\/\/isga.ma\/isga\/#website"},"datePublished":"2022-06-28T14:04:35+00:00","dateModified":"2022-08-03T16:51:29+00:00","author":{"@id":"https:\/\/isga.ma\/isga\/#\/schema\/person\/8752aa6e3dc08aa478b2d73aa80be347"},"breadcrumb":{"@id":"https:\/\/isga.ma\/isga\/fiche-metier-responsable-administratif-et-financier\/#breadcrumb"},"inLanguage":"fr-FR","potentialAction":[{"@type":"ReadAction","target":["https:\/\/isga.ma\/isga\/fiche-metier-responsable-administratif-et-financier\/"]}]},{"@type":"BreadcrumbList","@id":"https:\/\/isga.ma\/isga\/fiche-metier-responsable-administratif-et-financier\/#breadcrumb","itemListElement":[{"@type":"ListItem","position":1,"name":"Accueil","item":"https:\/\/isga.ma\/isga\/"},{"@type":"ListItem","position":2,"name":"Fiche m\u00e9tier Responsable administratif et financier"}]},{"@type":"WebSite","@id":"https:\/\/isga.ma\/isga\/#website","url":"https:\/\/isga.ma\/isga\/","name":"ISGA Institut Sup\u00e9rieur d&#039;Ing\u00e9nierie &amp; des Affaires","description":"Le chemin de la r\u00e9ussite depuis 1981","potentialAction":[{"@type":"SearchAction","target":{"@type":"EntryPoint","urlTemplate":"https:\/\/isga.ma\/isga\/?s={search_term_string}"},"query-input":{"@type":"PropertyValueSpecification","valueRequired":true,"valueName":"search_term_string"}}],"inLanguage":"fr-FR"},{"@type":"Person","@id":"https:\/\/isga.ma\/isga\/#\/schema\/person\/8752aa6e3dc08aa478b2d73aa80be347","name":"Malek Romdhani","image":{"@type":"ImageObject","inLanguage":"fr-FR","@id":"https:\/\/secure.gravatar.com\/avatar\/dea94204f02b6c9a0265901123d687d8534af381e16f4301431378e641f8d838?s=96&d=mm&r=g","url":"https:\/\/secure.gravatar.com\/avatar\/dea94204f02b6c9a0265901123d687d8534af381e16f4301431378e641f8d838?s=96&d=mm&r=g","contentUrl":"https:\/\/secure.gravatar.com\/avatar\/dea94204f02b6c9a0265901123d687d8534af381e16f4301431378e641f8d838?s=96&d=mm&r=g","caption":"Malek Romdhani"},"url":"https:\/\/isga.ma\/isga\/author\/romdhaniaivancity-ai\/"}]}},"_links":{"self":[{"href":"https:\/\/isga.ma\/isga\/wp-json\/wp\/v2\/posts\/7585","targetHints":{"allow":["GET"]}}],"collection":[{"href":"https:\/\/isga.ma\/isga\/wp-json\/wp\/v2\/posts"}],"about":[{"href":"https:\/\/isga.ma\/isga\/wp-json\/wp\/v2\/types\/post"}],"author":[{"embeddable":true,"href":"https:\/\/isga.ma\/isga\/wp-json\/wp\/v2\/users\/4"}],"replies":[{"embeddable":true,"href":"https:\/\/isga.ma\/isga\/wp-json\/wp\/v2\/comments?post=7585"}],"version-history":[{"count":4,"href":"https:\/\/isga.ma\/isga\/wp-json\/wp\/v2\/posts\/7585\/revisions"}],"predecessor-version":[{"id":8189,"href":"https:\/\/isga.ma\/isga\/wp-json\/wp\/v2\/posts\/7585\/revisions\/8189"}],"wp:attachment":[{"href":"https:\/\/isga.ma\/isga\/wp-json\/wp\/v2\/media?parent=7585"}],"wp:term":[{"taxonomy":"category","embeddable":true,"href":"https:\/\/isga.ma\/isga\/wp-json\/wp\/v2\/categories?post=7585"},{"taxonomy":"post_tag","embeddable":true,"href":"https:\/\/isga.ma\/isga\/wp-json\/wp\/v2\/tags?post=7585"}],"curies":[{"name":"wp","href":"https:\/\/api.w.org\/{rel}","templated":true}]}}