{"id":9270,"date":"2022-11-08T11:27:01","date_gmt":"2022-11-08T10:27:01","guid":{"rendered":"https:\/\/isga.ma\/isga\/?p=9270"},"modified":"2022-11-10T14:51:01","modified_gmt":"2022-11-10T13:51:01","slug":"edvantis-signe-un-partenariat-avec-luniversite-mohamed-v-de-rabat","status":"publish","type":"post","link":"https:\/\/isga.ma\/isga\/edvantis-signe-un-partenariat-avec-luniversite-mohamed-v-de-rabat\/","title":{"rendered":"Edvantis signe un partenariat avec l\u2019Universit\u00e9 Mohamed V de Rabat"},"content":{"rendered":"<p>[et_pb_section fb_built=\u00a0\u00bb1&Prime; _builder_version=\u00a0\u00bb3.22&Prime;][et_pb_row column_structure=\u00a0\u00bb3_4,1_4&Prime; _builder_version=\u00a0\u00bb3.25&Prime; background_size=\u00a0\u00bbinitial\u00a0\u00bb background_position=\u00a0\u00bbtop_left\u00a0\u00bb background_repeat=\u00a0\u00bbrepeat\u00a0\u00bb][et_pb_column type=\u00a0\u00bb3_4&Prime; _builder_version=\u00a0\u00bb3.25&Prime; custom_padding=\u00a0\u00bb|||\u00a0\u00bb custom_padding__hover=\u00a0\u00bb|||\u00a0\u00bb][et_pb_text _builder_version=\u00a0\u00bb4.9.7&Prime; background_size=\u00a0\u00bbinitial\u00a0\u00bb background_position=\u00a0\u00bbtop_left\u00a0\u00bb background_repeat=\u00a0\u00bbrepeat\u00a0\u00bb]&nbsp;[\/et_pb_text][et_pb_text _builder_version=\u00a0\u00bb4.9.7&Prime; background_size=\u00a0\u00bbinitial\u00a0\u00bb background_position=\u00a0\u00bbtop_left\u00a0\u00bb background_repeat=\u00a0\u00bbrepeat\u00a0\u00bb]<\/p>\n<h3><span style=\"color: #555555;\"><strong><em>Le jeudi 3 novembre 2022<\/em><\/strong><\/span><\/h3>\n<p><strong>Apr\u00e8s l\u2019Universit\u00e9 Sidi Mohammed Ben Abdellah de F\u00e8s (USMBA) et l\u2018Universit\u00e9 Hassan II de Casablanca, Edvantis devient partenaire de l\u2019Universit\u00e9 Mohamed V de Rabat<\/strong><\/p>\n<p><a href=\"https:\/\/isga.ma\/isga\/le-comite-de-direction-du-groupe-isga\/\">Tawhid Chtioui<\/a>, pr\u00e9sident d\u2019Edvantis (Groupe ISGA et ArtCom Sup) et Mohammed Rhachi, pr\u00e9sident de l&rsquo;universit\u00e9 Mohammed V de Rabat, ont sign\u00e9 une convention de partenariat lors d\u2019une c\u00e9r\u00e9monie, qui s\u2019est tenue le jeudi 3 novembre 2022, \u00e0 Rabat. Une collaboration qui vise \u00e0 consolider les relations entre les deux acteurs de l\u2019enseignement sup\u00e9rieur qui partagent une vision commune sur les m\u00e9thodes et les outils d\u2019encadrement pour un enseignement au service de son territoire, un enseignement qui favorise la recherche acad\u00e9mique et qui r\u00e9pond au mieux \u00e0 l\u2019\u00e9volution du march\u00e9 de l\u2019emploi.<\/p>\n<p>Par ailleurs, l\u2019Ecole Nationale Sup\u00e9rieure d\u2019Informatique et d\u2019Analyse des Syst\u00e8mes (ENSIAS) qui rel\u00e8ve de l&rsquo;universit\u00e9 Mohammed V de Rabat, Edvantis et aivancity Paris-Cachan ont sign\u00e9 une convention afin de collaborer dans le domaine de l\u2019intelligence artificielle et la gestion des grandes masses de donn\u00e9es. \u00a0Cette convention de coop\u00e9ration, sign\u00e9e par Mohammed Rhachi, pr\u00e9sident de l&rsquo;universit\u00e9 Mohammed V de Rabat, Ilham Berrada, directrice de l\u2019ENSIAS, Tawhid Chtioui, pr\u00e9sident d\u2019Edvantis et d\u2019aivancity, repose sur le r\u00f4le de ces deux institutions dans le d\u00e9veloppement des formations transverses en IA, incluant les aspects techniques, business et \u00e9thiques et la mise en place d\u2019une approches responsable et \u00e9thique de l\u2019IA au service de la soci\u00e9t\u00e9.<\/p>\n<p>UM5R-ENSIAS, aivancity et Edvantis s\u2019accordent pour mettre en place un programme de mobilit\u00e9 entrante et sortante au profit des \u00e9l\u00e8ves ing\u00e9nieurs pour une courte dur\u00e9e (learning trips) et au profit des doctorants de l\u2019ENSIAS pour une longue dur\u00e9e gr\u00e2ce \u00e0 une bourse d\u2019excellence attractive comp\u00e9titive.<\/p>\n<p>[\/et_pb_text][\/et_pb_column][et_pb_column type=\u00a0\u00bb1_4&Prime; _builder_version=\u00a0\u00bb3.25&Prime; custom_padding=\u00a0\u00bb|||\u00a0\u00bb custom_padding__hover=\u00a0\u00bb|||\u00a0\u00bb][et_pb_image alt=\u00a0\u00bbPartenariat Universit\u00e9 Rabat\u00a0\u00bb title_text=\u00a0\u00bbPartenariat Universit\u00e9 Rabat&#8211;\u00a0\u00bb _builder_version=\u00a0\u00bb4.9.7&Prime; _module_preset=\u00a0\u00bbdefault\u00a0\u00bb][\/et_pb_image][et_pb_image alt=\u00a0\u00bbPartenariat Universit\u00e9 Rabat\u00a0\u00bb title_text=\u00a0\u00bbPartenariat Universit\u00e9 Rabat&#8211;\u00a0\u00bb _builder_version=\u00a0\u00bb4.9.7&Prime; _module_preset=\u00a0\u00bbdefault\u00a0\u00bb][\/et_pb_image][et_pb_image alt=\u00a0\u00bbPartenariat Universit\u00e9 Rabat_\u00a0\u00bb title_text=\u00a0\u00bbPartenariat Universit\u00e9 Rabat_\u00a0\u00bb _builder_version=\u00a0\u00bb4.9.7&Prime; _module_preset=\u00a0\u00bbdefault\u00a0\u00bb][\/et_pb_image][et_pb_image src=\u00a0\u00bbhttps:\/\/isga.ma\/isga\/wp-content\/uploads\/2022\/11\/Partenariat-Universite-Rabat-.jpeg\u00a0\u00bb alt=\u00a0\u00bbPartenariat Universit\u00e9 Rabat\u00a0\u00bb title_text=\u00a0\u00bbPartenariat Universit\u00e9 Rabat&#8211;\u00a0\u00bb _builder_version=\u00a0\u00bb4.9.7&Prime; _module_preset=\u00a0\u00bbdefault\u00a0\u00bb hover_enabled=\u00a0\u00bb0&Prime; sticky_enabled=\u00a0\u00bb0&Prime;][\/et_pb_image][et_pb_image src=\u00a0\u00bbhttps:\/\/isga.ma\/isga\/wp-content\/uploads\/2022\/11\/Partenariat-Universite-Rabat_.jpeg\u00a0\u00bb alt=\u00a0\u00bbPartenariat Universit\u00e9 Rabat_\u00a0\u00bb title_text=\u00a0\u00bbPartenariat Universit\u00e9 Rabat_\u00a0\u00bb _builder_version=\u00a0\u00bb4.9.7&Prime; _module_preset=\u00a0\u00bbdefault\u00a0\u00bb][\/et_pb_image][\/et_pb_column][\/et_pb_row][\/et_pb_section]<\/p>\n","protected":false},"excerpt":{"rendered":"<p>Apr\u00e8s l\u2019Universit\u00e9 Sidi Mohammed Ben Abdellah de F\u00e8s (USMBA) et l\u2018Universit\u00e9 Hassan II de Casablanca, Edvantis devient partenaire de l\u2019Universit\u00e9 Mohamed V de Rabat.<\/p>\n","protected":false},"author":4,"featured_media":9272,"comment_status":"open","ping_status":"open","sticky":false,"template":"","format":"standard","meta":{"_et_pb_use_builder":"on","_et_pb_old_content":"<p><b>L\u2019ISGA a \u00e9t\u00e9 partenaire de la 3e \u00e9dition du Congr\u00e8s International de Recherche en Finance et CCA organis\u00e9 par l'Association Marocaine du Contr\u00f4le, de Comptabilit\u00e9 et d'Audit, tenue sous le th\u00e8me \u00ab Transformation Digitale : Quelles reconfigurations pour quels enjeux ? \u00bb.\u00a0<\/b><\/p><p><b>Dans son intervention lors de la s\u00e9ance inaugurale du CIREFCCA,\u00a0le vendredi 10 d\u00e9cembre 2021, le\u00a0pr\u00e9sident du groupe ISGA, <a href=\"\/le-comite-de-direction-du-groupe-isga\">Tawhid Chtioui<\/a> a soulev\u00e9 plusieurs points sur la relation de la transformation digitale et de l\u2019intelligence artificielle dans le d\u00e9veloppement des m\u00e9tiers de la comptabilit\u00e9 et de l\u2019audit.\u00a0<\/b><\/p><p><b>\u00ab<\/b><b>D\u00e9mat\u00e9rialisation, Reconnaissance optique, Robotic Process Automation (RPA), Machine Learning, Analyse pr\u00e9dictive, Vision par ordinateur, Compr\u00e9hension du langage... L'intelligence artificielle et les big data transforment les m\u00e9tiers de la comptabilit\u00e9, contr\u00f4le et audit <\/b><b>\u00bb, a soutenu <a href=\"\/le-comite-de-direction-du-groupe-isga\">Tawhid Chtioui<\/a>.\u00a0<\/b><\/p><p><b>La 3e \u00e9dition du Congr\u00e8s International de Recherche en Finance et CCA a connu la participation de plusieurs experts du domaine, dont Aida Belgacem, Docteur en Economie, Mohamed Amine Boubnad, expert-comptable m\u00e9morialiste, Amine Nabil Bouayad, enseignant chercheur et directeur du laboratoire d\u2019Economie et de Gestion, Mohamed Achraf Nafzaoui, pr\u00e9sident de l\u2019AMCCA et Yassine Hilmi, enseignant chercheur \u00e0 l\u2019ENCG.\u00a0<\/b><\/p>","_et_gb_content_width":"","content-type":"","footnotes":""},"categories":[36],"tags":[],"class_list":["post-9270","post","type-post","status-publish","format-standard","has-post-thumbnail","hentry","category-actualite"],"yoast_head":"<!-- This site is optimized with the Yoast SEO plugin v27.5 - https:\/\/yoast.com\/product\/yoast-seo-wordpress\/ -->\n<title>Edvantis signe un partenariat avec l\u2019Universit\u00e9 Mohamed V de Rabat - ISGA Institut Sup\u00e9rieur d&#039;Ing\u00e9nierie &amp; des Affaires<\/title>\n<meta name=\"robots\" content=\"noindex, follow, max-snippet:-1, max-image-preview:large, max-video-preview:-1\" \/>\n<meta property=\"og:locale\" content=\"fr_FR\" \/>\n<meta property=\"og:type\" content=\"article\" \/>\n<meta property=\"og:title\" content=\"Edvantis signe un partenariat avec l\u2019Universit\u00e9 Mohamed V de Rabat - ISGA Institut Sup\u00e9rieur d&#039;Ing\u00e9nierie &amp; des Affaires\" \/>\n<meta property=\"og:description\" content=\"Apr\u00e8s l\u2019Universit\u00e9 Sidi Mohammed Ben Abdellah de F\u00e8s (USMBA) et l\u2018Universit\u00e9 Hassan II de Casablanca, Edvantis devient partenaire de l\u2019Universit\u00e9 Mohamed V de Rabat.\" \/>\n<meta property=\"og:url\" content=\"https:\/\/isga.ma\/isga\/edvantis-signe-un-partenariat-avec-luniversite-mohamed-v-de-rabat\/\" \/>\n<meta property=\"og:site_name\" content=\"ISGA Institut Sup\u00e9rieur d&#039;Ing\u00e9nierie &amp; des Affaires\" \/>\n<meta property=\"article:published_time\" content=\"2022-11-08T10:27:01+00:00\" \/>\n<meta property=\"article:modified_time\" content=\"2022-11-10T13:51:01+00:00\" \/>\n<meta property=\"og:image\" content=\"https:\/\/isga.ma\/isga\/wp-content\/uploads\/2022\/11\/Partenariat-Universite-Rabat.jpeg\" \/>\n\t<meta property=\"og:image:width\" content=\"1280\" \/>\n\t<meta property=\"og:image:height\" content=\"853\" \/>\n\t<meta property=\"og:image:type\" content=\"image\/jpeg\" \/>\n<meta name=\"author\" content=\"Malek Romdhani\" \/>\n<meta name=\"twitter:card\" content=\"summary_large_image\" \/>\n<meta name=\"twitter:label1\" content=\"\u00c9crit par\" \/>\n\t<meta name=\"twitter:data1\" content=\"Malek Romdhani\" \/>\n\t<meta name=\"twitter:label2\" content=\"Dur\u00e9e de lecture estim\u00e9e\" \/>\n\t<meta name=\"twitter:data2\" content=\"2 minutes\" \/>\n<script type=\"application\/ld+json\" class=\"yoast-schema-graph\">{\"@context\":\"https:\\\/\\\/schema.org\",\"@graph\":[{\"@type\":\"Article\",\"@id\":\"https:\\\/\\\/isga.ma\\\/isga\\\/edvantis-signe-un-partenariat-avec-luniversite-mohamed-v-de-rabat\\\/#article\",\"isPartOf\":{\"@id\":\"https:\\\/\\\/isga.ma\\\/isga\\\/edvantis-signe-un-partenariat-avec-luniversite-mohamed-v-de-rabat\\\/\"},\"author\":{\"name\":\"Malek Romdhani\",\"@id\":\"https:\\\/\\\/isga.ma\\\/isga\\\/#\\\/schema\\\/person\\\/8752aa6e3dc08aa478b2d73aa80be347\"},\"headline\":\"Edvantis signe un partenariat avec l\u2019Universit\u00e9 Mohamed V de Rabat\",\"datePublished\":\"2022-11-08T10:27:01+00:00\",\"dateModified\":\"2022-11-10T13:51:01+00:00\",\"mainEntityOfPage\":{\"@id\":\"https:\\\/\\\/isga.ma\\\/isga\\\/edvantis-signe-un-partenariat-avec-luniversite-mohamed-v-de-rabat\\\/\"},\"wordCount\":548,\"commentCount\":53,\"image\":{\"@id\":\"https:\\\/\\\/isga.ma\\\/isga\\\/edvantis-signe-un-partenariat-avec-luniversite-mohamed-v-de-rabat\\\/#primaryimage\"},\"thumbnailUrl\":\"https:\\\/\\\/isga.ma\\\/isga\\\/wp-content\\\/uploads\\\/2022\\\/11\\\/Partenariat-Universite-Rabat.jpeg\",\"articleSection\":[\"Actualit\u00e9\"],\"inLanguage\":\"fr-FR\",\"potentialAction\":[{\"@type\":\"CommentAction\",\"name\":\"Comment\",\"target\":[\"https:\\\/\\\/isga.ma\\\/isga\\\/edvantis-signe-un-partenariat-avec-luniversite-mohamed-v-de-rabat\\\/#respond\"]}]},{\"@type\":\"WebPage\",\"@id\":\"https:\\\/\\\/isga.ma\\\/isga\\\/edvantis-signe-un-partenariat-avec-luniversite-mohamed-v-de-rabat\\\/\",\"url\":\"https:\\\/\\\/isga.ma\\\/isga\\\/edvantis-signe-un-partenariat-avec-luniversite-mohamed-v-de-rabat\\\/\",\"name\":\"Edvantis signe un partenariat avec l\u2019Universit\u00e9 Mohamed V de Rabat - ISGA Institut Sup\u00e9rieur d&#039;Ing\u00e9nierie &amp; des Affaires\",\"isPartOf\":{\"@id\":\"https:\\\/\\\/isga.ma\\\/isga\\\/#website\"},\"primaryImageOfPage\":{\"@id\":\"https:\\\/\\\/isga.ma\\\/isga\\\/edvantis-signe-un-partenariat-avec-luniversite-mohamed-v-de-rabat\\\/#primaryimage\"},\"image\":{\"@id\":\"https:\\\/\\\/isga.ma\\\/isga\\\/edvantis-signe-un-partenariat-avec-luniversite-mohamed-v-de-rabat\\\/#primaryimage\"},\"thumbnailUrl\":\"https:\\\/\\\/isga.ma\\\/isga\\\/wp-content\\\/uploads\\\/2022\\\/11\\\/Partenariat-Universite-Rabat.jpeg\",\"datePublished\":\"2022-11-08T10:27:01+00:00\",\"dateModified\":\"2022-11-10T13:51:01+00:00\",\"author\":{\"@id\":\"https:\\\/\\\/isga.ma\\\/isga\\\/#\\\/schema\\\/person\\\/8752aa6e3dc08aa478b2d73aa80be347\"},\"breadcrumb\":{\"@id\":\"https:\\\/\\\/isga.ma\\\/isga\\\/edvantis-signe-un-partenariat-avec-luniversite-mohamed-v-de-rabat\\\/#breadcrumb\"},\"inLanguage\":\"fr-FR\",\"potentialAction\":[{\"@type\":\"ReadAction\",\"target\":[\"https:\\\/\\\/isga.ma\\\/isga\\\/edvantis-signe-un-partenariat-avec-luniversite-mohamed-v-de-rabat\\\/\"]}]},{\"@type\":\"ImageObject\",\"inLanguage\":\"fr-FR\",\"@id\":\"https:\\\/\\\/isga.ma\\\/isga\\\/edvantis-signe-un-partenariat-avec-luniversite-mohamed-v-de-rabat\\\/#primaryimage\",\"url\":\"https:\\\/\\\/isga.ma\\\/isga\\\/wp-content\\\/uploads\\\/2022\\\/11\\\/Partenariat-Universite-Rabat.jpeg\",\"contentUrl\":\"https:\\\/\\\/isga.ma\\\/isga\\\/wp-content\\\/uploads\\\/2022\\\/11\\\/Partenariat-Universite-Rabat.jpeg\",\"width\":1280,\"height\":853,\"caption\":\"Partenariat Universit\u00e9 Rabat\"},{\"@type\":\"BreadcrumbList\",\"@id\":\"https:\\\/\\\/isga.ma\\\/isga\\\/edvantis-signe-un-partenariat-avec-luniversite-mohamed-v-de-rabat\\\/#breadcrumb\",\"itemListElement\":[{\"@type\":\"ListItem\",\"position\":1,\"name\":\"Accueil\",\"item\":\"https:\\\/\\\/isga.ma\\\/isga\\\/\"},{\"@type\":\"ListItem\",\"position\":2,\"name\":\"Edvantis signe un partenariat avec l\u2019Universit\u00e9 Mohamed V de Rabat\"}]},{\"@type\":\"WebSite\",\"@id\":\"https:\\\/\\\/isga.ma\\\/isga\\\/#website\",\"url\":\"https:\\\/\\\/isga.ma\\\/isga\\\/\",\"name\":\"ISGA Institut Sup\u00e9rieur d&#039;Ing\u00e9nierie &amp; des Affaires\",\"description\":\"Le chemin de la r\u00e9ussite depuis 1981\",\"potentialAction\":[{\"@type\":\"SearchAction\",\"target\":{\"@type\":\"EntryPoint\",\"urlTemplate\":\"https:\\\/\\\/isga.ma\\\/isga\\\/?s={search_term_string}\"},\"query-input\":{\"@type\":\"PropertyValueSpecification\",\"valueRequired\":true,\"valueName\":\"search_term_string\"}}],\"inLanguage\":\"fr-FR\"},{\"@type\":\"Person\",\"@id\":\"https:\\\/\\\/isga.ma\\\/isga\\\/#\\\/schema\\\/person\\\/8752aa6e3dc08aa478b2d73aa80be347\",\"name\":\"Malek Romdhani\",\"image\":{\"@type\":\"ImageObject\",\"inLanguage\":\"fr-FR\",\"@id\":\"https:\\\/\\\/secure.gravatar.com\\\/avatar\\\/dea94204f02b6c9a0265901123d687d8534af381e16f4301431378e641f8d838?s=96&d=mm&r=g\",\"url\":\"https:\\\/\\\/secure.gravatar.com\\\/avatar\\\/dea94204f02b6c9a0265901123d687d8534af381e16f4301431378e641f8d838?s=96&d=mm&r=g\",\"contentUrl\":\"https:\\\/\\\/secure.gravatar.com\\\/avatar\\\/dea94204f02b6c9a0265901123d687d8534af381e16f4301431378e641f8d838?s=96&d=mm&r=g\",\"caption\":\"Malek Romdhani\"},\"url\":\"https:\\\/\\\/isga.ma\\\/isga\\\/author\\\/romdhaniaivancity-ai\\\/\"}]}<\/script>\n<!-- \/ Yoast SEO plugin. -->","yoast_head_json":{"title":"Edvantis signe un partenariat avec l\u2019Universit\u00e9 Mohamed V de Rabat - ISGA Institut Sup\u00e9rieur d&#039;Ing\u00e9nierie &amp; des Affaires","robots":{"index":"noindex","follow":"follow","max-snippet":"max-snippet:-1","max-image-preview":"max-image-preview:large","max-video-preview":"max-video-preview:-1"},"og_locale":"fr_FR","og_type":"article","og_title":"Edvantis signe un partenariat avec l\u2019Universit\u00e9 Mohamed V de Rabat - ISGA Institut Sup\u00e9rieur d&#039;Ing\u00e9nierie &amp; des Affaires","og_description":"Apr\u00e8s l\u2019Universit\u00e9 Sidi Mohammed Ben Abdellah de F\u00e8s (USMBA) et l\u2018Universit\u00e9 Hassan II de Casablanca, Edvantis devient partenaire de l\u2019Universit\u00e9 Mohamed V de Rabat.","og_url":"https:\/\/isga.ma\/isga\/edvantis-signe-un-partenariat-avec-luniversite-mohamed-v-de-rabat\/","og_site_name":"ISGA Institut Sup\u00e9rieur d&#039;Ing\u00e9nierie &amp; des Affaires","article_published_time":"2022-11-08T10:27:01+00:00","article_modified_time":"2022-11-10T13:51:01+00:00","og_image":[{"width":1280,"height":853,"url":"https:\/\/isga.ma\/isga\/wp-content\/uploads\/2022\/11\/Partenariat-Universite-Rabat.jpeg","type":"image\/jpeg"}],"author":"Malek Romdhani","twitter_card":"summary_large_image","twitter_misc":{"\u00c9crit par":"Malek Romdhani","Dur\u00e9e de lecture estim\u00e9e":"2 minutes"},"schema":{"@context":"https:\/\/schema.org","@graph":[{"@type":"Article","@id":"https:\/\/isga.ma\/isga\/edvantis-signe-un-partenariat-avec-luniversite-mohamed-v-de-rabat\/#article","isPartOf":{"@id":"https:\/\/isga.ma\/isga\/edvantis-signe-un-partenariat-avec-luniversite-mohamed-v-de-rabat\/"},"author":{"name":"Malek Romdhani","@id":"https:\/\/isga.ma\/isga\/#\/schema\/person\/8752aa6e3dc08aa478b2d73aa80be347"},"headline":"Edvantis signe un partenariat avec l\u2019Universit\u00e9 Mohamed V de Rabat","datePublished":"2022-11-08T10:27:01+00:00","dateModified":"2022-11-10T13:51:01+00:00","mainEntityOfPage":{"@id":"https:\/\/isga.ma\/isga\/edvantis-signe-un-partenariat-avec-luniversite-mohamed-v-de-rabat\/"},"wordCount":548,"commentCount":53,"image":{"@id":"https:\/\/isga.ma\/isga\/edvantis-signe-un-partenariat-avec-luniversite-mohamed-v-de-rabat\/#primaryimage"},"thumbnailUrl":"https:\/\/isga.ma\/isga\/wp-content\/uploads\/2022\/11\/Partenariat-Universite-Rabat.jpeg","articleSection":["Actualit\u00e9"],"inLanguage":"fr-FR","potentialAction":[{"@type":"CommentAction","name":"Comment","target":["https:\/\/isga.ma\/isga\/edvantis-signe-un-partenariat-avec-luniversite-mohamed-v-de-rabat\/#respond"]}]},{"@type":"WebPage","@id":"https:\/\/isga.ma\/isga\/edvantis-signe-un-partenariat-avec-luniversite-mohamed-v-de-rabat\/","url":"https:\/\/isga.ma\/isga\/edvantis-signe-un-partenariat-avec-luniversite-mohamed-v-de-rabat\/","name":"Edvantis signe un partenariat avec l\u2019Universit\u00e9 Mohamed V de Rabat - ISGA Institut Sup\u00e9rieur d&#039;Ing\u00e9nierie &amp; des Affaires","isPartOf":{"@id":"https:\/\/isga.ma\/isga\/#website"},"primaryImageOfPage":{"@id":"https:\/\/isga.ma\/isga\/edvantis-signe-un-partenariat-avec-luniversite-mohamed-v-de-rabat\/#primaryimage"},"image":{"@id":"https:\/\/isga.ma\/isga\/edvantis-signe-un-partenariat-avec-luniversite-mohamed-v-de-rabat\/#primaryimage"},"thumbnailUrl":"https:\/\/isga.ma\/isga\/wp-content\/uploads\/2022\/11\/Partenariat-Universite-Rabat.jpeg","datePublished":"2022-11-08T10:27:01+00:00","dateModified":"2022-11-10T13:51:01+00:00","author":{"@id":"https:\/\/isga.ma\/isga\/#\/schema\/person\/8752aa6e3dc08aa478b2d73aa80be347"},"breadcrumb":{"@id":"https:\/\/isga.ma\/isga\/edvantis-signe-un-partenariat-avec-luniversite-mohamed-v-de-rabat\/#breadcrumb"},"inLanguage":"fr-FR","potentialAction":[{"@type":"ReadAction","target":["https:\/\/isga.ma\/isga\/edvantis-signe-un-partenariat-avec-luniversite-mohamed-v-de-rabat\/"]}]},{"@type":"ImageObject","inLanguage":"fr-FR","@id":"https:\/\/isga.ma\/isga\/edvantis-signe-un-partenariat-avec-luniversite-mohamed-v-de-rabat\/#primaryimage","url":"https:\/\/isga.ma\/isga\/wp-content\/uploads\/2022\/11\/Partenariat-Universite-Rabat.jpeg","contentUrl":"https:\/\/isga.ma\/isga\/wp-content\/uploads\/2022\/11\/Partenariat-Universite-Rabat.jpeg","width":1280,"height":853,"caption":"Partenariat Universit\u00e9 Rabat"},{"@type":"BreadcrumbList","@id":"https:\/\/isga.ma\/isga\/edvantis-signe-un-partenariat-avec-luniversite-mohamed-v-de-rabat\/#breadcrumb","itemListElement":[{"@type":"ListItem","position":1,"name":"Accueil","item":"https:\/\/isga.ma\/isga\/"},{"@type":"ListItem","position":2,"name":"Edvantis signe un partenariat avec l\u2019Universit\u00e9 Mohamed V de Rabat"}]},{"@type":"WebSite","@id":"https:\/\/isga.ma\/isga\/#website","url":"https:\/\/isga.ma\/isga\/","name":"ISGA Institut Sup\u00e9rieur d&#039;Ing\u00e9nierie &amp; des Affaires","description":"Le chemin de la r\u00e9ussite depuis 1981","potentialAction":[{"@type":"SearchAction","target":{"@type":"EntryPoint","urlTemplate":"https:\/\/isga.ma\/isga\/?s={search_term_string}"},"query-input":{"@type":"PropertyValueSpecification","valueRequired":true,"valueName":"search_term_string"}}],"inLanguage":"fr-FR"},{"@type":"Person","@id":"https:\/\/isga.ma\/isga\/#\/schema\/person\/8752aa6e3dc08aa478b2d73aa80be347","name":"Malek Romdhani","image":{"@type":"ImageObject","inLanguage":"fr-FR","@id":"https:\/\/secure.gravatar.com\/avatar\/dea94204f02b6c9a0265901123d687d8534af381e16f4301431378e641f8d838?s=96&d=mm&r=g","url":"https:\/\/secure.gravatar.com\/avatar\/dea94204f02b6c9a0265901123d687d8534af381e16f4301431378e641f8d838?s=96&d=mm&r=g","contentUrl":"https:\/\/secure.gravatar.com\/avatar\/dea94204f02b6c9a0265901123d687d8534af381e16f4301431378e641f8d838?s=96&d=mm&r=g","caption":"Malek Romdhani"},"url":"https:\/\/isga.ma\/isga\/author\/romdhaniaivancity-ai\/"}]}},"_links":{"self":[{"href":"https:\/\/isga.ma\/isga\/wp-json\/wp\/v2\/posts\/9270","targetHints":{"allow":["GET"]}}],"collection":[{"href":"https:\/\/isga.ma\/isga\/wp-json\/wp\/v2\/posts"}],"about":[{"href":"https:\/\/isga.ma\/isga\/wp-json\/wp\/v2\/types\/post"}],"author":[{"embeddable":true,"href":"https:\/\/isga.ma\/isga\/wp-json\/wp\/v2\/users\/4"}],"replies":[{"embeddable":true,"href":"https:\/\/isga.ma\/isga\/wp-json\/wp\/v2\/comments?post=9270"}],"version-history":[{"count":8,"href":"https:\/\/isga.ma\/isga\/wp-json\/wp\/v2\/posts\/9270\/revisions"}],"predecessor-version":[{"id":9292,"href":"https:\/\/isga.ma\/isga\/wp-json\/wp\/v2\/posts\/9270\/revisions\/9292"}],"wp:featuredmedia":[{"embeddable":true,"href":"https:\/\/isga.ma\/isga\/wp-json\/wp\/v2\/media\/9272"}],"wp:attachment":[{"href":"https:\/\/isga.ma\/isga\/wp-json\/wp\/v2\/media?parent=9270"}],"wp:term":[{"taxonomy":"category","embeddable":true,"href":"https:\/\/isga.ma\/isga\/wp-json\/wp\/v2\/categories?post=9270"},{"taxonomy":"post_tag","embeddable":true,"href":"https:\/\/isga.ma\/isga\/wp-json\/wp\/v2\/tags?post=9270"}],"curies":[{"name":"wp","href":"https:\/\/api.w.org\/{rel}","templated":true}]}}