{"id":9438,"date":"2023-03-09T13:05:40","date_gmt":"2023-03-09T12:05:40","guid":{"rendered":"https:\/\/isga.ma\/isga\/?p=9438"},"modified":"2023-03-09T13:15:49","modified_gmt":"2023-03-09T12:15:49","slug":"premiere-remise-des-diplomes-du-groupe-edvantis","status":"publish","type":"post","link":"https:\/\/isga.ma\/isga\/premiere-remise-des-diplomes-du-groupe-edvantis\/","title":{"rendered":"Premi\u00e8re remise des dipl\u00f4mes du Groupe EDVANTIS"},"content":{"rendered":"<p>[et_pb_section fb_built=\u00a0\u00bb1&Prime; _builder_version=\u00a0\u00bb3.22&Prime;][et_pb_row column_structure=\u00a0\u00bb3_5,2_5&Prime; _builder_version=\u00a0\u00bb3.25&Prime; background_size=\u00a0\u00bbinitial\u00a0\u00bb background_position=\u00a0\u00bbtop_left\u00a0\u00bb background_repeat=\u00a0\u00bbrepeat\u00a0\u00bb][et_pb_column type=\u00a0\u00bb3_5&Prime; _builder_version=\u00a0\u00bb3.25&Prime; custom_padding=\u00a0\u00bb|||\u00a0\u00bb custom_padding__hover=\u00a0\u00bb|||\u00a0\u00bb][et_pb_text _builder_version=\u00a0\u00bb4.9.7&Prime; background_size=\u00a0\u00bbinitial\u00a0\u00bb background_position=\u00a0\u00bbtop_left\u00a0\u00bb background_repeat=\u00a0\u00bbrepeat\u00a0\u00bb]<\/p>\n<h2>Une premi\u00e8re remise des dipl\u00f4mes commune aux \u00e9coles ISGA et ART\u2019COM SUP<\/h2>\n<p style=\"text-align: left;\">Dipl\u00f4m\u00e9s, parents, familles, personnels, \u00e9l\u00e8ves, institutionnels, industriels r\u00e9unis\u00a0samedi 4 mars 2023 au Studio des Arts Vivants \u00e0 Casablanca pour la remise des dipl\u00f4mes 2022.Le pr\u00e9sident du groupe Edvantis, les directeurs p\u00e9dagogiques, les membres du comit\u00e9 de direction et l\u2019ensemble des \u00e9quipes p\u00e9dagogiques et administratives de tous les campus des \u00e9coles ISGA et ART\u2019COM SUP ont accueilli les dipl\u00f4m\u00e9s des \u00e9coles d\u2019ing\u00e9nieurs et de management de Casablanca, Rabat, F\u00e8s et Marrakech, de design et architecture d\u2019int\u00e9rieur de Casablanca et Rabat et leurs invit\u00e9s dans une ambiance festive et riche en \u00e9motions.<\/p>\n<p>[\/et_pb_text][\/et_pb_column][et_pb_column type=\u00a0\u00bb2_5&Prime; _builder_version=\u00a0\u00bb3.25&Prime; custom_padding=\u00a0\u00bb|||\u00a0\u00bb custom_padding__hover=\u00a0\u00bb|||\u00a0\u00bb][et_pb_video src=\u00a0\u00bbhttps:\/\/www.youtube.com\/watch?v=EKizI_2M2ak&#038;feature=youtu.be\u00a0\u00bb _builder_version=\u00a0\u00bb4.9.7&Prime; _module_preset=\u00a0\u00bbdefault\u00a0\u00bb locked=\u00a0\u00bboff\u00a0\u00bb][\/et_pb_video][\/et_pb_column][\/et_pb_row][\/et_pb_section][et_pb_section fb_built=\u00a0\u00bb1&Prime; _builder_version=\u00a0\u00bb3.22&Prime; locked=\u00a0\u00bboff\u00a0\u00bb][et_pb_row column_structure=\u00a0\u00bb3_5,2_5&Prime; _builder_version=\u00a0\u00bb3.25&Prime; background_size=\u00a0\u00bbinitial\u00a0\u00bb background_position=\u00a0\u00bbtop_left\u00a0\u00bb background_repeat=\u00a0\u00bbrepeat\u00a0\u00bb][et_pb_column type=\u00a0\u00bb3_5&Prime; _builder_version=\u00a0\u00bb3.25&Prime; custom_padding=\u00a0\u00bb|||\u00a0\u00bb custom_padding__hover=\u00a0\u00bb|||\u00a0\u00bb][et_pb_text admin_label=\u00a0\u00bbTexte11&Prime; _builder_version=\u00a0\u00bb4.9.7&Prime; background_size=\u00a0\u00bbinitial\u00a0\u00bb background_position=\u00a0\u00bbtop_left\u00a0\u00bb background_repeat=\u00a0\u00bbrepeat\u00a0\u00bb][\/et_pb_text][et_pb_text admin_label=\u00a0\u00bbTexte11&Prime; _builder_version=\u00a0\u00bb4.9.7&Prime; background_size=\u00a0\u00bbinitial\u00a0\u00bb background_position=\u00a0\u00bbtop_left\u00a0\u00bb background_repeat=\u00a0\u00bbrepeat\u00a0\u00bb]<\/p>\n<h3>Un apr\u00e8s-midi anim\u00e9 et surprenant<\/h3>\n<p>Anime par Rim Mrani Alaoui, Directrice p\u00e9dagogique du campus ISGA F\u00e8s et Allal Alain Difadi, Directeur de l\u2019\u00c9cole de Management du campus ISGA Rabat, l\u2019apr\u00e8s-midi a d\u00e9but\u00e9 avec le discours de Tawhid Chtioui, pr\u00e9sident d\u2019Edvantis, inaugurant la remise des dipl\u00f4mes entrecoup\u00e9e d\u2019entractes\u202f: spectacle de danse et de percussion, chant, musique et vid\u00e9os\u2026<\/p>\n<h3>La distinction des Majors de promotion<\/h3>\n<p>Le major de chaque campus, distingu\u00e9 par un prix remis par le pr\u00e9sident du Groupe, a adress\u00e9 un mot au public au nom de tous les dipl\u00f4m\u00e9s\u00a0: remerciements adress\u00e9s aux professeurs et aux \u00e9quipes d\u2019encadrement d\u2019ISGA et d\u2019ART\u2019COM SUP pour leur accompagnement tout au long de ces derni\u00e8res ann\u00e9es.<\/p>\n<h3>Un cocktail dinatoire et des moments de partage pour clore la c\u00e9r\u00e9monie<\/h3>\n<p>La c\u00e9r\u00e9monie s\u2019est termin\u00e9e par un cocktail au cours duquel les dipl\u00f4m\u00e9s ont pu se rem\u00e9morer leur scolarit\u00e9, \u00e9changer avec les \u00e9quipes et faire le plein de photos souvenirs.<\/p>\n<p>[\/et_pb_text][\/et_pb_column][et_pb_column type=\u00a0\u00bb2_5&Prime; _builder_version=\u00a0\u00bb3.25&Prime; custom_padding=\u00a0\u00bb|||\u00a0\u00bb custom_padding__hover=\u00a0\u00bb|||\u00a0\u00bb][et_pb_image title_text=\u00a0\u00bbDiplom\u00e9s ISGA\u00a0\u00bb _builder_version=\u00a0\u00bb4.9.7&Prime; _module_preset=\u00a0\u00bbdefault\u00a0\u00bb][\/et_pb_image][et_pb_image src=\u00a0\u00bbhttps:\/\/isga.ma\/isga\/wp-content\/uploads\/2023\/03\/Diplomes-ISGA.jpg\u00a0\u00bb title_text=\u00a0\u00bbDiplom\u00e9s ISGA\u00a0\u00bb _builder_version=\u00a0\u00bb4.9.7&Prime; _module_preset=\u00a0\u00bbdefault\u00a0\u00bb][\/et_pb_image][\/et_pb_column][\/et_pb_row][\/et_pb_section][et_pb_section fb_built=\u00a0\u00bb1&Prime; _builder_version=\u00a0\u00bb4.9.7&Prime; _module_preset=\u00a0\u00bbdefault\u00a0\u00bb][et_pb_row _builder_version=\u00a0\u00bb4.9.7&Prime; _module_preset=\u00a0\u00bbdefault\u00a0\u00bb][et_pb_column type=\u00a0\u00bb4_4&Prime; _builder_version=\u00a0\u00bb4.9.7&Prime; _module_preset=\u00a0\u00bbdefault\u00a0\u00bb][et_pb_image title_text=\u00a0\u00bbC\u00e9r\u00e9monie de remise des dipl\u00f4mes\u00a0\u00bb _builder_version=\u00a0\u00bb4.9.7&Prime; _module_preset=\u00a0\u00bbdefault\u00a0\u00bb][\/et_pb_image][\/et_pb_column][\/et_pb_row][et_pb_row column_structure=\u00a0\u00bb1_3,1_3,1_3&Prime; _builder_version=\u00a0\u00bb4.9.7&Prime; _module_preset=\u00a0\u00bbdefault\u00a0\u00bb][et_pb_column type=\u00a0\u00bb1_3&Prime; _builder_version=\u00a0\u00bb4.9.7&Prime; _module_preset=\u00a0\u00bbdefault\u00a0\u00bb][et_pb_image src=\u00a0\u00bbhttps:\/\/isga.ma\/isga\/wp-content\/uploads\/2023\/03\/Remise-diplomes.jpg\u00a0\u00bb title_text=\u00a0\u00bbRemise diplomes\u00a0\u00bb _builder_version=\u00a0\u00bb4.9.7&Prime; _module_preset=\u00a0\u00bbdefault\u00a0\u00bb][\/et_pb_image][et_pb_image src=\u00a0\u00bbhttps:\/\/isga.ma\/isga\/wp-content\/uploads\/2023\/03\/RDD-ISGA.jpg\u00a0\u00bb title_text=\u00a0\u00bbRDD ISGA\u00a0\u00bb _builder_version=\u00a0\u00bb4.9.7&Prime; _module_preset=\u00a0\u00bbdefault\u00a0\u00bb][\/et_pb_image][et_pb_image src=\u00a0\u00bbhttps:\/\/isga.ma\/isga\/wp-content\/uploads\/2023\/03\/Laureats-2023.jpg\u00a0\u00bb title_text=\u00a0\u00bbLaur\u00e9ats 2023&Prime; _builder_version=\u00a0\u00bb4.9.7&Prime; _module_preset=\u00a0\u00bbdefault\u00a0\u00bb][\/et_pb_image][\/et_pb_column][et_pb_column type=\u00a0\u00bb1_3&Prime; _builder_version=\u00a0\u00bb4.9.7&Prime; _module_preset=\u00a0\u00bbdefault\u00a0\u00bb][et_pb_image src=\u00a0\u00bbhttps:\/\/isga.ma\/isga\/wp-content\/uploads\/2023\/03\/RDD-ISGA-2023.jpg\u00a0\u00bb alt=\u00a0\u00bbC\u00e9r\u00e9monie de remise des dipl\u00f4mes ISGA 2023 &#8211; Groupe Edvantis\u00a0\u00bb title_text=\u00a0\u00bbC\u00e9r\u00e9monie de remise des dipl\u00f4mes ISGA 2023&Prime; _builder_version=\u00a0\u00bb4.9.7&Prime; _module_preset=\u00a0\u00bbdefault\u00a0\u00bb][\/et_pb_image][et_pb_image src=\u00a0\u00bbhttps:\/\/isga.ma\/isga\/wp-content\/uploads\/2023\/03\/IMG_0249.jpg\u00a0\u00bb title_text=\u00a0\u00bbRDD ISGA \u00a0\u00bb _builder_version=\u00a0\u00bb4.9.7&Prime; _module_preset=\u00a0\u00bbdefault\u00a0\u00bb][\/et_pb_image][et_pb_image src=\u00a0\u00bbhttps:\/\/isga.ma\/isga\/wp-content\/uploads\/2023\/03\/RDD-2023.jpg\u00a0\u00bb title_text=\u00a0\u00bbC\u00e9r\u00e9monie de remise des dipl\u00f4mes\u00a0\u00bb _builder_version=\u00a0\u00bb4.9.7&Prime; _module_preset=\u00a0\u00bbdefault\u00a0\u00bb][\/et_pb_image][\/et_pb_column][et_pb_column type=\u00a0\u00bb1_3&Prime; _builder_version=\u00a0\u00bb4.9.7&Prime; _module_preset=\u00a0\u00bbdefault\u00a0\u00bb][et_pb_image src=\u00a0\u00bbhttps:\/\/isga.ma\/isga\/wp-content\/uploads\/2023\/03\/IMG_1128.jpg\u00a0\u00bb title_text=\u00a0\u00bbC\u00e9r\u00e9monie de remise des dipl\u00f4mes \u00a0\u00bb _builder_version=\u00a0\u00bb4.9.7&Prime; _module_preset=\u00a0\u00bbdefault\u00a0\u00bb][\/et_pb_image][et_pb_image src=\u00a0\u00bbhttps:\/\/isga.ma\/isga\/wp-content\/uploads\/2023\/03\/Laureats-23.jpg\u00a0\u00bb title_text=\u00a0\u00bbLaur\u00e9ats 23&Prime; _builder_version=\u00a0\u00bb4.9.7&Prime; _module_preset=\u00a0\u00bbdefault\u00a0\u00bb][\/et_pb_image][et_pb_image src=\u00a0\u00bbhttps:\/\/isga.ma\/isga\/wp-content\/uploads\/2023\/03\/IMG_1292.jpg\u00a0\u00bb title_text=\u00a0\u00bbRemise des dipl\u00f4mes \u00a0\u00bb _builder_version=\u00a0\u00bb4.9.7&Prime; _module_preset=\u00a0\u00bbdefault\u00a0\u00bb][\/et_pb_image][\/et_pb_column][\/et_pb_row][\/et_pb_section]<\/p>\n","protected":false},"excerpt":{"rendered":"<p>Dipl\u00f4m\u00e9s, parents, familles, personnels, \u00e9l\u00e8ves, institutionnels, industriels r\u00e9unis samedi 4 mars 2023 au Studio des Arts Vivants \u00e0 Casablanca pour la remise des dipl\u00f4mes 2022.<\/p>\n","protected":false},"author":4,"featured_media":9451,"comment_status":"open","ping_status":"open","sticky":false,"template":"","format":"standard","meta":{"_et_pb_use_builder":"on","_et_pb_old_content":"<p><b>L\u2019ISGA a \u00e9t\u00e9 partenaire de la 3e \u00e9dition du Congr\u00e8s International de Recherche en Finance et CCA organis\u00e9 par l'Association Marocaine du Contr\u00f4le, de Comptabilit\u00e9 et d'Audit, tenue sous le th\u00e8me \u00ab Transformation Digitale : Quelles reconfigurations pour quels enjeux ? \u00bb.\u00a0<\/b><\/p><p><b>Dans son intervention lors de la s\u00e9ance inaugurale du CIREFCCA,\u00a0le vendredi 10 d\u00e9cembre 2021, le\u00a0pr\u00e9sident du groupe ISGA, <a href=\"\/le-comite-de-direction-du-groupe-isga\">Tawhid Chtioui<\/a> a soulev\u00e9 plusieurs points sur la relation de la transformation digitale et de l\u2019intelligence artificielle dans le d\u00e9veloppement des m\u00e9tiers de la comptabilit\u00e9 et de l\u2019audit.\u00a0<\/b><\/p><p><b>\u00ab<\/b><b>D\u00e9mat\u00e9rialisation, Reconnaissance optique, Robotic Process Automation (RPA), Machine Learning, Analyse pr\u00e9dictive, Vision par ordinateur, Compr\u00e9hension du langage... L'intelligence artificielle et les big data transforment les m\u00e9tiers de la comptabilit\u00e9, contr\u00f4le et audit <\/b><b>\u00bb, a soutenu <a href=\"\/le-comite-de-direction-du-groupe-isga\">Tawhid Chtioui<\/a>.\u00a0<\/b><\/p><p><b>La 3e \u00e9dition du Congr\u00e8s International de Recherche en Finance et CCA a connu la participation de plusieurs experts du domaine, dont Aida Belgacem, Docteur en Economie, Mohamed Amine Boubnad, expert-comptable m\u00e9morialiste, Amine Nabil Bouayad, enseignant chercheur et directeur du laboratoire d\u2019Economie et de Gestion, Mohamed Achraf Nafzaoui, pr\u00e9sident de l\u2019AMCCA et Yassine Hilmi, enseignant chercheur \u00e0 l\u2019ENCG.\u00a0<\/b><\/p>","_et_gb_content_width":"","content-type":"","footnotes":""},"categories":[36],"tags":[],"class_list":["post-9438","post","type-post","status-publish","format-standard","has-post-thumbnail","hentry","category-actualite"],"yoast_head":"<!-- This site is optimized with the Yoast SEO plugin v27.5 - https:\/\/yoast.com\/product\/yoast-seo-wordpress\/ -->\n<title>Premi\u00e8re remise des dipl\u00f4mes du Groupe EDVANTIS - ISGA Institut Sup\u00e9rieur d&#039;Ing\u00e9nierie &amp; des Affaires<\/title>\n<meta name=\"description\" content=\"Une premi\u00e8re remise des dipl\u00f4mes commune aux \u00e9coles ISGA et ART\u2019COM SUP : Dipl\u00f4m\u00e9s, parents, familles, personnels, \u00e9l\u00e8ves, institutionnels, industriels r\u00e9unis\u00a0samedi 4 mars 2023 au Studio des Arts Vivants \u00e0 Casablanca pour la remise des dipl\u00f4mes 2022.\" \/>\n<meta name=\"robots\" content=\"noindex, follow, max-snippet:-1, max-image-preview:large, max-video-preview:-1\" \/>\n<meta property=\"og:locale\" content=\"fr_FR\" \/>\n<meta property=\"og:type\" content=\"article\" \/>\n<meta property=\"og:title\" content=\"Premi\u00e8re remise des dipl\u00f4mes du Groupe EDVANTIS - ISGA Institut Sup\u00e9rieur d&#039;Ing\u00e9nierie &amp; des Affaires\" \/>\n<meta property=\"og:description\" content=\"Une premi\u00e8re remise des dipl\u00f4mes commune aux \u00e9coles ISGA et ART\u2019COM SUP : Dipl\u00f4m\u00e9s, parents, familles, personnels, \u00e9l\u00e8ves, institutionnels, industriels r\u00e9unis\u00a0samedi 4 mars 2023 au Studio des Arts Vivants \u00e0 Casablanca pour la remise des dipl\u00f4mes 2022.\" \/>\n<meta property=\"og:url\" content=\"https:\/\/isga.ma\/isga\/premiere-remise-des-diplomes-du-groupe-edvantis\/\" \/>\n<meta property=\"og:site_name\" content=\"ISGA Institut Sup\u00e9rieur d&#039;Ing\u00e9nierie &amp; des Affaires\" \/>\n<meta property=\"article:published_time\" content=\"2023-03-09T12:05:40+00:00\" \/>\n<meta property=\"article:modified_time\" content=\"2023-03-09T12:15:49+00:00\" \/>\n<meta property=\"og:image\" content=\"https:\/\/isga.ma\/isga\/wp-content\/uploads\/2023\/03\/IMG_1292.jpg\" \/>\n\t<meta property=\"og:image:width\" content=\"1600\" \/>\n\t<meta property=\"og:image:height\" content=\"1067\" \/>\n\t<meta property=\"og:image:type\" content=\"image\/jpeg\" \/>\n<meta name=\"author\" content=\"Malek Romdhani\" \/>\n<meta name=\"twitter:card\" content=\"summary_large_image\" \/>\n<meta name=\"twitter:label1\" content=\"\u00c9crit par\" \/>\n\t<meta name=\"twitter:data1\" content=\"Malek Romdhani\" \/>\n\t<meta name=\"twitter:label2\" content=\"Dur\u00e9e de lecture estim\u00e9e\" \/>\n\t<meta name=\"twitter:data2\" content=\"3 minutes\" \/>\n<script type=\"application\/ld+json\" class=\"yoast-schema-graph\">{\"@context\":\"https:\\\/\\\/schema.org\",\"@graph\":[{\"@type\":\"Article\",\"@id\":\"https:\\\/\\\/isga.ma\\\/isga\\\/premiere-remise-des-diplomes-du-groupe-edvantis\\\/#article\",\"isPartOf\":{\"@id\":\"https:\\\/\\\/isga.ma\\\/isga\\\/premiere-remise-des-diplomes-du-groupe-edvantis\\\/\"},\"author\":{\"name\":\"Malek Romdhani\",\"@id\":\"https:\\\/\\\/isga.ma\\\/isga\\\/#\\\/schema\\\/person\\\/8752aa6e3dc08aa478b2d73aa80be347\"},\"headline\":\"Premi\u00e8re remise des dipl\u00f4mes du Groupe EDVANTIS\",\"datePublished\":\"2023-03-09T12:05:40+00:00\",\"dateModified\":\"2023-03-09T12:15:49+00:00\",\"mainEntityOfPage\":{\"@id\":\"https:\\\/\\\/isga.ma\\\/isga\\\/premiere-remise-des-diplomes-du-groupe-edvantis\\\/\"},\"wordCount\":916,\"commentCount\":43,\"image\":{\"@id\":\"https:\\\/\\\/isga.ma\\\/isga\\\/premiere-remise-des-diplomes-du-groupe-edvantis\\\/#primaryimage\"},\"thumbnailUrl\":\"https:\\\/\\\/isga.ma\\\/isga\\\/wp-content\\\/uploads\\\/2023\\\/03\\\/IMG_1292.jpg\",\"articleSection\":[\"Actualit\u00e9\"],\"inLanguage\":\"fr-FR\",\"potentialAction\":[{\"@type\":\"CommentAction\",\"name\":\"Comment\",\"target\":[\"https:\\\/\\\/isga.ma\\\/isga\\\/premiere-remise-des-diplomes-du-groupe-edvantis\\\/#respond\"]}]},{\"@type\":\"WebPage\",\"@id\":\"https:\\\/\\\/isga.ma\\\/isga\\\/premiere-remise-des-diplomes-du-groupe-edvantis\\\/\",\"url\":\"https:\\\/\\\/isga.ma\\\/isga\\\/premiere-remise-des-diplomes-du-groupe-edvantis\\\/\",\"name\":\"Premi\u00e8re remise des dipl\u00f4mes du Groupe EDVANTIS - ISGA Institut Sup\u00e9rieur d&#039;Ing\u00e9nierie &amp; des Affaires\",\"isPartOf\":{\"@id\":\"https:\\\/\\\/isga.ma\\\/isga\\\/#website\"},\"primaryImageOfPage\":{\"@id\":\"https:\\\/\\\/isga.ma\\\/isga\\\/premiere-remise-des-diplomes-du-groupe-edvantis\\\/#primaryimage\"},\"image\":{\"@id\":\"https:\\\/\\\/isga.ma\\\/isga\\\/premiere-remise-des-diplomes-du-groupe-edvantis\\\/#primaryimage\"},\"thumbnailUrl\":\"https:\\\/\\\/isga.ma\\\/isga\\\/wp-content\\\/uploads\\\/2023\\\/03\\\/IMG_1292.jpg\",\"datePublished\":\"2023-03-09T12:05:40+00:00\",\"dateModified\":\"2023-03-09T12:15:49+00:00\",\"author\":{\"@id\":\"https:\\\/\\\/isga.ma\\\/isga\\\/#\\\/schema\\\/person\\\/8752aa6e3dc08aa478b2d73aa80be347\"},\"description\":\"Une premi\u00e8re remise des dipl\u00f4mes commune aux \u00e9coles ISGA et ART\u2019COM SUP : Dipl\u00f4m\u00e9s, parents, familles, personnels, \u00e9l\u00e8ves, institutionnels, industriels r\u00e9unis\u00a0samedi 4 mars 2023 au Studio des Arts Vivants \u00e0 Casablanca pour la remise des dipl\u00f4mes 2022.\",\"breadcrumb\":{\"@id\":\"https:\\\/\\\/isga.ma\\\/isga\\\/premiere-remise-des-diplomes-du-groupe-edvantis\\\/#breadcrumb\"},\"inLanguage\":\"fr-FR\",\"potentialAction\":[{\"@type\":\"ReadAction\",\"target\":[\"https:\\\/\\\/isga.ma\\\/isga\\\/premiere-remise-des-diplomes-du-groupe-edvantis\\\/\"]}]},{\"@type\":\"ImageObject\",\"inLanguage\":\"fr-FR\",\"@id\":\"https:\\\/\\\/isga.ma\\\/isga\\\/premiere-remise-des-diplomes-du-groupe-edvantis\\\/#primaryimage\",\"url\":\"https:\\\/\\\/isga.ma\\\/isga\\\/wp-content\\\/uploads\\\/2023\\\/03\\\/IMG_1292.jpg\",\"contentUrl\":\"https:\\\/\\\/isga.ma\\\/isga\\\/wp-content\\\/uploads\\\/2023\\\/03\\\/IMG_1292.jpg\",\"width\":1600,\"height\":1067},{\"@type\":\"BreadcrumbList\",\"@id\":\"https:\\\/\\\/isga.ma\\\/isga\\\/premiere-remise-des-diplomes-du-groupe-edvantis\\\/#breadcrumb\",\"itemListElement\":[{\"@type\":\"ListItem\",\"position\":1,\"name\":\"Accueil\",\"item\":\"https:\\\/\\\/isga.ma\\\/isga\\\/\"},{\"@type\":\"ListItem\",\"position\":2,\"name\":\"Premi\u00e8re remise des dipl\u00f4mes du Groupe EDVANTIS\"}]},{\"@type\":\"WebSite\",\"@id\":\"https:\\\/\\\/isga.ma\\\/isga\\\/#website\",\"url\":\"https:\\\/\\\/isga.ma\\\/isga\\\/\",\"name\":\"ISGA Institut Sup\u00e9rieur d&#039;Ing\u00e9nierie &amp; des Affaires\",\"description\":\"Le chemin de la r\u00e9ussite depuis 1981\",\"potentialAction\":[{\"@type\":\"SearchAction\",\"target\":{\"@type\":\"EntryPoint\",\"urlTemplate\":\"https:\\\/\\\/isga.ma\\\/isga\\\/?s={search_term_string}\"},\"query-input\":{\"@type\":\"PropertyValueSpecification\",\"valueRequired\":true,\"valueName\":\"search_term_string\"}}],\"inLanguage\":\"fr-FR\"},{\"@type\":\"Person\",\"@id\":\"https:\\\/\\\/isga.ma\\\/isga\\\/#\\\/schema\\\/person\\\/8752aa6e3dc08aa478b2d73aa80be347\",\"name\":\"Malek Romdhani\",\"image\":{\"@type\":\"ImageObject\",\"inLanguage\":\"fr-FR\",\"@id\":\"https:\\\/\\\/secure.gravatar.com\\\/avatar\\\/dea94204f02b6c9a0265901123d687d8534af381e16f4301431378e641f8d838?s=96&d=mm&r=g\",\"url\":\"https:\\\/\\\/secure.gravatar.com\\\/avatar\\\/dea94204f02b6c9a0265901123d687d8534af381e16f4301431378e641f8d838?s=96&d=mm&r=g\",\"contentUrl\":\"https:\\\/\\\/secure.gravatar.com\\\/avatar\\\/dea94204f02b6c9a0265901123d687d8534af381e16f4301431378e641f8d838?s=96&d=mm&r=g\",\"caption\":\"Malek Romdhani\"},\"url\":\"https:\\\/\\\/isga.ma\\\/isga\\\/author\\\/romdhaniaivancity-ai\\\/\"}]}<\/script>\n<!-- \/ Yoast SEO plugin. -->","yoast_head_json":{"title":"Premi\u00e8re remise des dipl\u00f4mes du Groupe EDVANTIS - ISGA Institut Sup\u00e9rieur d&#039;Ing\u00e9nierie &amp; des Affaires","description":"Une premi\u00e8re remise des dipl\u00f4mes commune aux \u00e9coles ISGA et ART\u2019COM SUP : Dipl\u00f4m\u00e9s, parents, familles, personnels, \u00e9l\u00e8ves, institutionnels, industriels r\u00e9unis\u00a0samedi 4 mars 2023 au Studio des Arts Vivants \u00e0 Casablanca pour la remise des dipl\u00f4mes 2022.","robots":{"index":"noindex","follow":"follow","max-snippet":"max-snippet:-1","max-image-preview":"max-image-preview:large","max-video-preview":"max-video-preview:-1"},"og_locale":"fr_FR","og_type":"article","og_title":"Premi\u00e8re remise des dipl\u00f4mes du Groupe EDVANTIS - ISGA Institut Sup\u00e9rieur d&#039;Ing\u00e9nierie &amp; des Affaires","og_description":"Une premi\u00e8re remise des dipl\u00f4mes commune aux \u00e9coles ISGA et ART\u2019COM SUP : Dipl\u00f4m\u00e9s, parents, familles, personnels, \u00e9l\u00e8ves, institutionnels, industriels r\u00e9unis\u00a0samedi 4 mars 2023 au Studio des Arts Vivants \u00e0 Casablanca pour la remise des dipl\u00f4mes 2022.","og_url":"https:\/\/isga.ma\/isga\/premiere-remise-des-diplomes-du-groupe-edvantis\/","og_site_name":"ISGA Institut Sup\u00e9rieur d&#039;Ing\u00e9nierie &amp; des Affaires","article_published_time":"2023-03-09T12:05:40+00:00","article_modified_time":"2023-03-09T12:15:49+00:00","og_image":[{"width":1600,"height":1067,"url":"https:\/\/isga.ma\/isga\/wp-content\/uploads\/2023\/03\/IMG_1292.jpg","type":"image\/jpeg"}],"author":"Malek Romdhani","twitter_card":"summary_large_image","twitter_misc":{"\u00c9crit par":"Malek Romdhani","Dur\u00e9e de lecture estim\u00e9e":"3 minutes"},"schema":{"@context":"https:\/\/schema.org","@graph":[{"@type":"Article","@id":"https:\/\/isga.ma\/isga\/premiere-remise-des-diplomes-du-groupe-edvantis\/#article","isPartOf":{"@id":"https:\/\/isga.ma\/isga\/premiere-remise-des-diplomes-du-groupe-edvantis\/"},"author":{"name":"Malek Romdhani","@id":"https:\/\/isga.ma\/isga\/#\/schema\/person\/8752aa6e3dc08aa478b2d73aa80be347"},"headline":"Premi\u00e8re remise des dipl\u00f4mes du Groupe EDVANTIS","datePublished":"2023-03-09T12:05:40+00:00","dateModified":"2023-03-09T12:15:49+00:00","mainEntityOfPage":{"@id":"https:\/\/isga.ma\/isga\/premiere-remise-des-diplomes-du-groupe-edvantis\/"},"wordCount":916,"commentCount":43,"image":{"@id":"https:\/\/isga.ma\/isga\/premiere-remise-des-diplomes-du-groupe-edvantis\/#primaryimage"},"thumbnailUrl":"https:\/\/isga.ma\/isga\/wp-content\/uploads\/2023\/03\/IMG_1292.jpg","articleSection":["Actualit\u00e9"],"inLanguage":"fr-FR","potentialAction":[{"@type":"CommentAction","name":"Comment","target":["https:\/\/isga.ma\/isga\/premiere-remise-des-diplomes-du-groupe-edvantis\/#respond"]}]},{"@type":"WebPage","@id":"https:\/\/isga.ma\/isga\/premiere-remise-des-diplomes-du-groupe-edvantis\/","url":"https:\/\/isga.ma\/isga\/premiere-remise-des-diplomes-du-groupe-edvantis\/","name":"Premi\u00e8re remise des dipl\u00f4mes du Groupe EDVANTIS - ISGA Institut Sup\u00e9rieur d&#039;Ing\u00e9nierie &amp; des Affaires","isPartOf":{"@id":"https:\/\/isga.ma\/isga\/#website"},"primaryImageOfPage":{"@id":"https:\/\/isga.ma\/isga\/premiere-remise-des-diplomes-du-groupe-edvantis\/#primaryimage"},"image":{"@id":"https:\/\/isga.ma\/isga\/premiere-remise-des-diplomes-du-groupe-edvantis\/#primaryimage"},"thumbnailUrl":"https:\/\/isga.ma\/isga\/wp-content\/uploads\/2023\/03\/IMG_1292.jpg","datePublished":"2023-03-09T12:05:40+00:00","dateModified":"2023-03-09T12:15:49+00:00","author":{"@id":"https:\/\/isga.ma\/isga\/#\/schema\/person\/8752aa6e3dc08aa478b2d73aa80be347"},"description":"Une premi\u00e8re remise des dipl\u00f4mes commune aux \u00e9coles ISGA et ART\u2019COM SUP : Dipl\u00f4m\u00e9s, parents, familles, personnels, \u00e9l\u00e8ves, institutionnels, industriels r\u00e9unis\u00a0samedi 4 mars 2023 au Studio des Arts Vivants \u00e0 Casablanca pour la remise des dipl\u00f4mes 2022.","breadcrumb":{"@id":"https:\/\/isga.ma\/isga\/premiere-remise-des-diplomes-du-groupe-edvantis\/#breadcrumb"},"inLanguage":"fr-FR","potentialAction":[{"@type":"ReadAction","target":["https:\/\/isga.ma\/isga\/premiere-remise-des-diplomes-du-groupe-edvantis\/"]}]},{"@type":"ImageObject","inLanguage":"fr-FR","@id":"https:\/\/isga.ma\/isga\/premiere-remise-des-diplomes-du-groupe-edvantis\/#primaryimage","url":"https:\/\/isga.ma\/isga\/wp-content\/uploads\/2023\/03\/IMG_1292.jpg","contentUrl":"https:\/\/isga.ma\/isga\/wp-content\/uploads\/2023\/03\/IMG_1292.jpg","width":1600,"height":1067},{"@type":"BreadcrumbList","@id":"https:\/\/isga.ma\/isga\/premiere-remise-des-diplomes-du-groupe-edvantis\/#breadcrumb","itemListElement":[{"@type":"ListItem","position":1,"name":"Accueil","item":"https:\/\/isga.ma\/isga\/"},{"@type":"ListItem","position":2,"name":"Premi\u00e8re remise des dipl\u00f4mes du Groupe EDVANTIS"}]},{"@type":"WebSite","@id":"https:\/\/isga.ma\/isga\/#website","url":"https:\/\/isga.ma\/isga\/","name":"ISGA Institut Sup\u00e9rieur d&#039;Ing\u00e9nierie &amp; des Affaires","description":"Le chemin de la r\u00e9ussite depuis 1981","potentialAction":[{"@type":"SearchAction","target":{"@type":"EntryPoint","urlTemplate":"https:\/\/isga.ma\/isga\/?s={search_term_string}"},"query-input":{"@type":"PropertyValueSpecification","valueRequired":true,"valueName":"search_term_string"}}],"inLanguage":"fr-FR"},{"@type":"Person","@id":"https:\/\/isga.ma\/isga\/#\/schema\/person\/8752aa6e3dc08aa478b2d73aa80be347","name":"Malek Romdhani","image":{"@type":"ImageObject","inLanguage":"fr-FR","@id":"https:\/\/secure.gravatar.com\/avatar\/dea94204f02b6c9a0265901123d687d8534af381e16f4301431378e641f8d838?s=96&d=mm&r=g","url":"https:\/\/secure.gravatar.com\/avatar\/dea94204f02b6c9a0265901123d687d8534af381e16f4301431378e641f8d838?s=96&d=mm&r=g","contentUrl":"https:\/\/secure.gravatar.com\/avatar\/dea94204f02b6c9a0265901123d687d8534af381e16f4301431378e641f8d838?s=96&d=mm&r=g","caption":"Malek Romdhani"},"url":"https:\/\/isga.ma\/isga\/author\/romdhaniaivancity-ai\/"}]}},"_links":{"self":[{"href":"https:\/\/isga.ma\/isga\/wp-json\/wp\/v2\/posts\/9438","targetHints":{"allow":["GET"]}}],"collection":[{"href":"https:\/\/isga.ma\/isga\/wp-json\/wp\/v2\/posts"}],"about":[{"href":"https:\/\/isga.ma\/isga\/wp-json\/wp\/v2\/types\/post"}],"author":[{"embeddable":true,"href":"https:\/\/isga.ma\/isga\/wp-json\/wp\/v2\/users\/4"}],"replies":[{"embeddable":true,"href":"https:\/\/isga.ma\/isga\/wp-json\/wp\/v2\/comments?post=9438"}],"version-history":[{"count":10,"href":"https:\/\/isga.ma\/isga\/wp-json\/wp\/v2\/posts\/9438\/revisions"}],"predecessor-version":[{"id":9466,"href":"https:\/\/isga.ma\/isga\/wp-json\/wp\/v2\/posts\/9438\/revisions\/9466"}],"wp:featuredmedia":[{"embeddable":true,"href":"https:\/\/isga.ma\/isga\/wp-json\/wp\/v2\/media\/9451"}],"wp:attachment":[{"href":"https:\/\/isga.ma\/isga\/wp-json\/wp\/v2\/media?parent=9438"}],"wp:term":[{"taxonomy":"category","embeddable":true,"href":"https:\/\/isga.ma\/isga\/wp-json\/wp\/v2\/categories?post=9438"},{"taxonomy":"post_tag","embeddable":true,"href":"https:\/\/isga.ma\/isga\/wp-json\/wp\/v2\/tags?post=9438"}],"curies":[{"name":"wp","href":"https:\/\/api.w.org\/{rel}","templated":true}]}}